{"id":52569,"date":"2025-04-25T20:04:19","date_gmt":"2025-04-25T20:04:19","guid":{"rendered":"https:\/\/www.europesays.com\/fr\/52569\/"},"modified":"2025-04-25T20:04:19","modified_gmt":"2025-04-25T20:04:19","slug":"les-ouvriers-ont-ils-fait-nimporte-quoi","status":"publish","type":"post","link":"https:\/\/www.europesays.com\/fr\/52569\/","title":{"rendered":"les ouvriers ont-ils fait n\u2019importe quoi\u00a0?"},"content":{"rendered":"<p>On ne peut pas tout comprendre d\u2019un simple coup d\u2019\u0153il. Surtout en mati\u00e8re d\u2019architecture ou d\u2019urbanisme. Ce vendredi 25\u00a0avril, un lecteur alertait Le Progr\u00e8s sur des travaux en cours, <a href=\"https:\/\/www.leprogres.fr\/economie\/2024\/08\/26\/a-la-gare-de-la-part-dieu-la-place-beraudier-et-ses-nouveaux-services-ouverts-au-public-a-l-ete-2025\" target=\"_blank\" rel=\"nofollow noopener\">place B\u00e9raudier, dans le quartier de la Part-Dieu<\/a>. Selon lui, qui se trouvait dans la tour Apicil, \u00ab\u00a0les ouvriers charg\u00e9s de poser le dallage du parvis ne le faisaient pas correctement. Et ne respectaient pas le bon sens des motifs\u00a0\u00bb. Inquiet, il est m\u00eame descendu les voir pour en parler avec eux. \u00ab\u00a0L\u2019un d\u2019entre eux m\u2019a r\u00e9pondu qu\u2019en effet c\u2019\u00e9tait bizarre, qu\u2019il allait en parler \u00e0 son chef.\u00a0\u00bb<\/p>\n<p>  La M\u00e9tropole se veut rassurante<\/p>\n<p>De notre c\u00f4t\u00e9, nous avons contact\u00e9 les services de la M\u00e9tropole pour en apprendre davantage. \u00ab\u00a0Le calepinage (1) de dalles s\u2019oriente suivant les deux directions principales des flux de pi\u00e9tons, avec un motif en chevrons. La teinte des dalles s\u2019adapte tout au long de la place pour r\u00e9pondre \u00e0 l\u2019ensoleillement. On distingue trois grandes zones, comprenant des r\u00e9partitions colorim\u00e9triques diff\u00e9rentes\u00a0\u00bb. Ainsi l\u2019a pens\u00e9 le concepteur (agence l\u2019AUC, grand prix d\u2019urbanisme 2021). On reste circonspect, mais impatient de voir le r\u00e9sultat\u00a0!<\/p>\n<p class=\"note\">(1) Technique utilis\u00e9e en mati\u00e8re de pose d\u2019un rev\u00eatement pour d\u00e9finir le nombre d\u2018\u00e9l\u00e9ments \u00e0 poser ainsi que leurs dispositions<\/p>\n","protected":false},"excerpt":{"rendered":"On ne peut pas tout comprendre d\u2019un simple coup d\u2019\u0153il. Surtout en mati\u00e8re d\u2019architecture ou d\u2019urbanisme. Ce vendredi&hellip;\n","protected":false},"author":2,"featured_media":52570,"comment_status":"","ping_status":"","sticky":false,"template":"","format":"standard","meta":{"footnotes":""},"categories":[1889],"tags":[1111,11,2430,4749,33,2757,1777,674,107,1011,27,1757,2428,2756,12,25,2429],"class_list":{"0":"post-52569","1":"post","2":"type-post","3":"status-publish","4":"format-standard","5":"has-post-thumbnail","7":"category-lyon","8":"tag-actu","9":"tag-actualites","10":"tag-auvergne-rhone-alpes","11":"tag-btp-et-chantiers","12":"tag-economie","13":"tag-edition-lyon-villeurbanne","14":"tag-eu","15":"tag-europe","16":"tag-fil-info","17":"tag-fr","18":"tag-france","19":"tag-insolite","20":"tag-lyon","21":"tag-lyon-bassin","22":"tag-news","23":"tag-republique-francaise","24":"tag-rhone"},"share_on_mastodon":{"url":"https:\/\/pubeurope.com\/@fr\/114400399556973503","error":""},"_links":{"self":[{"href":"https:\/\/www.europesays.com\/fr\/wp-json\/wp\/v2\/posts\/52569","targetHints":{"allow":["GET"]}}],"collection":[{"href":"https:\/\/www.europesays.com\/fr\/wp-json\/wp\/v2\/posts"}],"about":[{"href":"https:\/\/www.europesays.com\/fr\/wp-json\/wp\/v2\/types\/post"}],"author":[{"embeddable":true,"href":"https:\/\/www.europesays.com\/fr\/wp-json\/wp\/v2\/users\/2"}],"replies":[{"embeddable":true,"href":"https:\/\/www.europesays.com\/fr\/wp-json\/wp\/v2\/comments?post=52569"}],"version-history":[{"count":0,"href":"https:\/\/www.europesays.com\/fr\/wp-json\/wp\/v2\/posts\/52569\/revisions"}],"wp:featuredmedia":[{"embeddable":true,"href":"https:\/\/www.europesays.com\/fr\/wp-json\/wp\/v2\/media\/52570"}],"wp:attachment":[{"href":"https:\/\/www.europesays.com\/fr\/wp-json\/wp\/v2\/media?parent=52569"}],"wp:term":[{"taxonomy":"category","embeddable":true,"href":"https:\/\/www.europesays.com\/fr\/wp-json\/wp\/v2\/categories?post=52569"},{"taxonomy":"post_tag","embeddable":true,"href":"https:\/\/www.europesays.com\/fr\/wp-json\/wp\/v2\/tags?post=52569"}],"curies":[{"name":"wp","href":"https:\/\/api.w.org\/{rel}","templated":true}]}}