{"id":525691,"date":"2025-11-10T20:51:11","date_gmt":"2025-11-10T20:51:11","guid":{"rendered":"https:\/\/www.europesays.com\/fr\/525691\/"},"modified":"2025-11-10T20:51:11","modified_gmt":"2025-11-10T20:51:11","slug":"pres-de-lyon-un-individu-menacant-arrete-avec-un-sabre-en-pleine-rue-il-crie-allah-akbar","status":"publish","type":"post","link":"https:\/\/www.europesays.com\/fr\/525691\/","title":{"rendered":"Pr\u00e8s de Lyon. Un individu \u00ab\u00a0mena\u00e7ant\u00a0\u00bb arr\u00eat\u00e9 avec un sabre en pleine rue, il crie \u00ab\u00a0Allah Akbar\u00a0\u00bb"},"content":{"rendered":"<p>            Par<br \/>\n        <strong><br \/>\n            <a href=\"https:\/\/actu.fr\/auteur\/redaction-lyon\" title=\"Consulter tous les articles de R\u00e9daction Lyon\" rel=\"nofollow noopener\" target=\"_blank\">R\u00e9daction Lyon<\/a><br \/>\n        <\/strong><\/p>\n<p>        Publi\u00e9 le<\/p>\n<p>            10 nov. 2025 \u00e0 21h34        <\/p>\n<p>Un homme habill\u00e9 en djellaba, arm\u00e9 d\u2019un katana, un sabre japonais, qu\u2019il avait sorti de son \u00e9tui, a \u00e9t\u00e9 arr\u00eat\u00e9 lundi 10 novembre 2025 alors qu\u2019il marchait dans la rue \u00e0 <strong>Vaulx-en-Velin<\/strong> dans la m\u00e9tropole de <a href=\"https:\/\/actu.fr\/auvergne-rhone-alpes\/lyon_69123\" rel=\"nofollow noopener\" target=\"_blank\">Lyon<\/a>.<\/p>\n<p class=\" wall-content\">Lors de son interpellation, il a <strong>cri\u00e9 \u00ab\u00a0Allah Akbar\u00a0\u00bb<\/strong> (Dieu est grand, en arabe), a confirm\u00e9 la pr\u00e9fecture du Rh\u00f4ne \u00e0 actu Lyon, confirmant une information du <a href=\"https:\/\/c.leprogres.fr\/faits-divers-justice\/2025\/11\/10\/un-homme-arme-d-un-sabre-deambule-a-vaulx-en-velin-puis-prononce-allah-akbar-lors-de-son-arrestation\" rel=\"nofollow noopener\" target=\"_blank\">Progr\u00e8s<\/a>.<\/p>\n<p>Un \u00ab\u00a0individu mena\u00e7ant\u00a0\u00bb selon la pr\u00e9fecture<\/p>\n<p class=\" wall-content\">Vers 10h30 ce lundi, l\u2019individu en question d\u00e9ambulait dans le quartier du Mas-du-Taureau, \u00e0 Vaulx-en-Velin avec son arme en main.<\/p>\n<p class=\" wall-content\">La police, la brigade anticriminalit\u00e9, l\u2019a interpell\u00e9 et plac\u00e9 en garde \u00e0 vue. On ignore les motivations de l\u2019individu et s\u2019il comptait passer \u00e0 l\u2019acte sur la voie publique.\u00a0<\/p>\n<p class=\" wall-content\">\u00ab\u00a0La pr\u00e9f\u00e8te du Rh\u00f4ne Fabienne Buccio remercie les effectifs de la police nationale<br \/>qui ont, avec beaucoup de sang froid, r\u00e9ussi \u00e0 mettre hors d\u2019\u00e9tat de nuire cet individu mena\u00e7ant. En cette p\u00e9riode de comm\u00e9moration des attentats du 13 novembre, elle tient aussi \u00e0 rappeler que l\u2019ensemble des forces de s\u00e9curit\u00e9 int\u00e9rieure sont mobilis\u00e9es conform\u00e9ment aux instructions du ministre de l\u2019Int\u00e9rieur\u00a0\u00bb, a comment\u00e9 la pr\u00e9fecture sur X ce lundi soir.<\/p>\n<p class=\" wall-content\">Personnalisez votre actualit\u00e9 en ajoutant vos villes et m\u00e9dias en favori avec <a href=\"https:\/\/moncompte.actu.fr\" title=\"D\u00e9couvez Mon Actu\" rel=\"nofollow noopener\" data-trk=\"{&quot;cta&quot;:{&quot;action&quot;:&quot;https:\\\/\\\/moncompte.actu.fr&quot;,&quot;category&quot;:&quot;mon compte&quot;,&quot;from&quot;:&quot;article footer&quot;,&quot;name&quot;:&quot;Mon actu&quot;,&quot;type&quot;:&quot;cta&quot;}}\" target=\"_blank\">Mon Actu<\/a>.<\/p>\n","protected":false},"excerpt":{"rendered":"Par R\u00e9daction Lyon Publi\u00e9 le 10 nov. 2025 \u00e0 21h34 Un homme habill\u00e9 en djellaba, arm\u00e9 d\u2019un katana,&hellip;\n","protected":false},"author":2,"featured_media":525692,"comment_status":"","ping_status":"","sticky":false,"template":"","format":"standard","meta":{"footnotes":""},"categories":[1889],"tags":[1111,11,2430,1777,674,118,1011,27,1253,2428,12,1072,25],"class_list":{"0":"post-525691","1":"post","2":"type-post","3":"status-publish","4":"format-standard","5":"has-post-thumbnail","7":"category-lyon","8":"tag-actu","9":"tag-actualites","10":"tag-auvergne-rhone-alpes","11":"tag-eu","12":"tag-europe","13":"tag-faits-divers","14":"tag-fr","15":"tag-france","16":"tag-islamisme","17":"tag-lyon","18":"tag-news","19":"tag-police","20":"tag-republique-francaise"},"share_on_mastodon":{"url":"https:\/\/pubeurope.com\/@fr\/115527384073579753","error":""},"_links":{"self":[{"href":"https:\/\/www.europesays.com\/fr\/wp-json\/wp\/v2\/posts\/525691","targetHints":{"allow":["GET"]}}],"collection":[{"href":"https:\/\/www.europesays.com\/fr\/wp-json\/wp\/v2\/posts"}],"about":[{"href":"https:\/\/www.europesays.com\/fr\/wp-json\/wp\/v2\/types\/post"}],"author":[{"embeddable":true,"href":"https:\/\/www.europesays.com\/fr\/wp-json\/wp\/v2\/users\/2"}],"replies":[{"embeddable":true,"href":"https:\/\/www.europesays.com\/fr\/wp-json\/wp\/v2\/comments?post=525691"}],"version-history":[{"count":0,"href":"https:\/\/www.europesays.com\/fr\/wp-json\/wp\/v2\/posts\/525691\/revisions"}],"wp:featuredmedia":[{"embeddable":true,"href":"https:\/\/www.europesays.com\/fr\/wp-json\/wp\/v2\/media\/525692"}],"wp:attachment":[{"href":"https:\/\/www.europesays.com\/fr\/wp-json\/wp\/v2\/media?parent=525691"}],"wp:term":[{"taxonomy":"category","embeddable":true,"href":"https:\/\/www.europesays.com\/fr\/wp-json\/wp\/v2\/categories?post=525691"},{"taxonomy":"post_tag","embeddable":true,"href":"https:\/\/www.europesays.com\/fr\/wp-json\/wp\/v2\/tags?post=525691"}],"curies":[{"name":"wp","href":"https:\/\/api.w.org\/{rel}","templated":true}]}}