{"id":525700,"date":"2025-11-10T20:57:12","date_gmt":"2025-11-10T20:57:12","guid":{"rendered":"https:\/\/www.europesays.com\/fr\/525700\/"},"modified":"2025-11-10T20:57:12","modified_gmt":"2025-11-10T20:57:12","slug":"bagarre-au-couteau-a-gentilly-condamne-a-quatre-ans-de-prison-sous-les-yeux-de-gerald-darmanin","status":"publish","type":"post","link":"https:\/\/www.europesays.com\/fr\/525700\/","title":{"rendered":"Bagarre au couteau \u00e0 Gentilly\u00a0: condamn\u00e9 \u00e0 quatre ans de prison sous les yeux de G\u00e9rald Darmanin"},"content":{"rendered":"<p class=\"paragraph text_align_left lp-f-body-02\">\u00c9trange ambiance dans la 12e chambre correctionnelle du tribunal judiciaire de Cr\u00e9teil (Val-de-Marne). Au dernier rang, dans le public, un visage bien connu vient de prendre place ce lundi apr\u00e8s-midi, entour\u00e9 de ses conseillers. Celui de <a href=\"https:\/\/www.leparisien.fr\/politique\/gerald-darmanin\/\" target=\"_blank\" rel=\"noreferrer noopener\">G\u00e9rald Darmanin<\/a>. Le garde des Sceaux \u00e9tait en immersion aupr\u00e8s de la justice de proximit\u00e9.<\/p>\n<p class=\"paragraph text_align_left lp-f-body-02\">Droit debout dans le box des accus\u00e9s, Mamadou, veste en jean et bandage aux doigts, ne semble pas avoir remarqu\u00e9 le ministre de la Justice. Il regarde les juges, et son ami, en face de lui. Tout juste sorti de l\u2019h\u00f4pital, dans un ensemble de jogging gris, Aboubacar est assis sur une chaise.<\/p>\n<p>Une altercation sur fond d\u2019alcool, de drogue et d\u2019insulte<\/p>\n<p class=\"paragraph text_align_left lp-f-body-02\">C\u2019est lui qui a re\u00e7u la semaine derni\u00e8re, devant la gare RER de <a href=\"https:\/\/www.leparisien.fr\/val-de-marne-94\/gentilly-94250\/\" target=\"_blank\" rel=\"noreferrer noopener\">Gentilly<\/a>, <a href=\"https:\/\/www.leparisien.fr\/val-de-marne-94\/la-dispute-entre-amis-se-termine-par-un-coup-de-couteau-a-la-gare-de-gentilly-un-homme-en-urgence-absolue-06-11-2025-CAAUJSOLRJBHRCPIUXKLHZXUJU.php\" target=\"_blank\" rel=\"noreferrer noopener\">un coup de couteau au thorax lui ayant perfor\u00e9 le poumon<\/a>. Heureusement, un passant, m\u00e9decin, a pu lui administrer les premiers secours. Apr\u00e8s plusieurs jours en r\u00e9animation et deux op\u00e9rations, il est sorti de l\u2019h\u00f4pital une poign\u00e9e d\u2019heures avant l\u2019audience avec dix jours d\u2019ITT. L\u2019enqu\u00eate, ouverte pour tentative d\u2019homicide, a \u00e9t\u00e9 requalifi\u00e9e en violences aggrav\u00e9es.<\/p>\n<p class=\"paragraph text_align_left lp-f-body-02\">Les deux amis tra\u00eenaient avec un troisi\u00e8me dans un parc quand tout a d\u00e9g\u00e9n\u00e9r\u00e9. Tous trois revenaient d\u2019une soir\u00e9e bien arros\u00e9e lors de laquelle ils avaient aussi consomm\u00e9 du cannabis et de la coca\u00efne. De quoi faire appara\u00eetre sur le visage de G\u00e9rald Darmanin &#8211; qui avait fait de <a href=\"https:\/\/www.leparisien.fr\/faits-divers\/lutte-contre-les-points-de-deal-darmanin-gagne-t-il-sa-bataille-contre-les-trafiquants-de-drogue-15-07-2021-5IXKXMVNZJHTVBJ3BCU7JEIFRM.php\" target=\"_self\" rel=\"noopener\">la lutte contre les drogues<\/a> une priorit\u00e9 de ses ann\u00e9es place Beauvau &#8211; un air entendu et des sourcils qui se redressent.<\/p>\n<p class=\"paragraph text_align_left lp-f-body-02\">Mamadou aurait insult\u00e9 la m\u00e8re d\u2019Aboubacar. Ce dernier l\u2019a alors attrap\u00e9 par le col et pouss\u00e9 contre un mur. S\u2019engage une course-poursuite entre les deux, capt\u00e9e par une cam\u00e9ra de surveillance. Avant que Mamadou ne sorte un couteau et plante son ami au thorax, selon les d\u00e9clarations du troisi\u00e8me individu.<\/p>\n<p>Pas de preuve, selon la d\u00e9fense<\/p>\n<p class=\"paragraph text_align_left lp-f-body-02\">Le mis en cause conteste l\u2019avoir poignard\u00e9. Mais \u00e0 toutes les questions du tribunal, Mamadou opposera la m\u00eame r\u00e9ponse : \u00ab Je ne me rappelle plus. \u00bb Tout en pr\u00e9sentant ses \u00ab excuses \u00bb. De nationalit\u00e9 guin\u00e9enne, le jeune homme est arriv\u00e9 en France en 2020 et est en attente du renouvellement de son titre de s\u00e9jour.<\/p>\n<p class=\"paragraph text_align_left lp-f-body-02\">\u00ab Il a explos\u00e9 pour rien du tout et \u00e7a finit par un coup de couteau et 10 jours d\u2019ITT \u00bb, a estim\u00e9 la procureure, avant de requ\u00e9rir cinq ans de prison et une interdiction de para\u00eetre sur le territoire fran\u00e7ais pendant dix ans.<\/p>\n<p class=\"paragraph text_align_left lp-f-body-02\">De quoi \u00ab \u00e9tonner \u00bb l\u2019avocate de la d\u00e9fense, Me. Julie Lancel. \u00ab Que dit l\u2019enqu\u00eate ? Rien. Sur les extraits vid\u00e9os, on ne le voit pas courir avec un couteau. Il n\u2019a pas une trace de sang sur sa veste. \u00bb Et l\u2019avocate d\u2019enfoncer le clou : \u00ab Il aurait \u00e9t\u00e9 bon qu\u2019il y ait juste une tentative de faire autre chose que de croire sur parole des gens ivres et d\u00e9fonc\u00e9s. \u00bb<\/p>\n<p class=\"paragraph text_align_left lp-f-body-02\">Sa puissante plaidoirie &#8211; \u00e0 laquelle elle s\u2019est dit \u00ab d\u00e9\u00e7ue \u00bb que le ministre de la Justice n\u2019assiste pas alors qu\u2019elle pointait les <a href=\"https:\/\/www.leparisien.fr\/hauts-de-seine-92\/30-000-dossiers-en-souffrance-un-plan-durgence-pour-reduire-les-delais-de-traitement-des-titres-de-sejour-18-06-2025-PADYLYKSMZDSNBVTBMHNHEE6PY.php\" target=\"_blank\" rel=\"noreferrer noopener\">difficult\u00e9s de renouvellement des titres de s\u00e9jour<\/a> &#8211; n\u2019aura pas suffi \u00e0 faire douter les juges. Qui ont condamn\u00e9 Mamadou \u00e0 quatre ans de prison, assortie d\u2019une interdiction de d\u00e9tenir une arme et une interdiction de para\u00eetre sur le territoire fran\u00e7ais pendant cinq ans.<\/p>\n","protected":false},"excerpt":{"rendered":"\u00c9trange ambiance dans la 12e chambre correctionnelle du tribunal judiciaire de Cr\u00e9teil (Val-de-Marne). Au dernier rang, dans le&hellip;\n","protected":false},"author":2,"featured_media":525701,"comment_status":"","ping_status":"","sticky":false,"template":"","format":"standard","meta":{"footnotes":""},"categories":[1888],"tags":[11,1777,674,118,1011,27,1944,12,626,25,1125],"class_list":{"0":"post-525700","1":"post","2":"type-post","3":"status-publish","4":"format-standard","5":"has-post-thumbnail","7":"category-paris","8":"tag-actualites","9":"tag-eu","10":"tag-europe","11":"tag-faits-divers","12":"tag-fr","13":"tag-france","14":"tag-ma-ville","15":"tag-news","16":"tag-paris","17":"tag-republique-francaise","18":"tag-val-de-marne"},"share_on_mastodon":{"url":"https:\/\/pubeurope.com\/@fr\/115527407734048661","error":""},"_links":{"self":[{"href":"https:\/\/www.europesays.com\/fr\/wp-json\/wp\/v2\/posts\/525700","targetHints":{"allow":["GET"]}}],"collection":[{"href":"https:\/\/www.europesays.com\/fr\/wp-json\/wp\/v2\/posts"}],"about":[{"href":"https:\/\/www.europesays.com\/fr\/wp-json\/wp\/v2\/types\/post"}],"author":[{"embeddable":true,"href":"https:\/\/www.europesays.com\/fr\/wp-json\/wp\/v2\/users\/2"}],"replies":[{"embeddable":true,"href":"https:\/\/www.europesays.com\/fr\/wp-json\/wp\/v2\/comments?post=525700"}],"version-history":[{"count":0,"href":"https:\/\/www.europesays.com\/fr\/wp-json\/wp\/v2\/posts\/525700\/revisions"}],"wp:featuredmedia":[{"embeddable":true,"href":"https:\/\/www.europesays.com\/fr\/wp-json\/wp\/v2\/media\/525701"}],"wp:attachment":[{"href":"https:\/\/www.europesays.com\/fr\/wp-json\/wp\/v2\/media?parent=525700"}],"wp:term":[{"taxonomy":"category","embeddable":true,"href":"https:\/\/www.europesays.com\/fr\/wp-json\/wp\/v2\/categories?post=525700"},{"taxonomy":"post_tag","embeddable":true,"href":"https:\/\/www.europesays.com\/fr\/wp-json\/wp\/v2\/tags?post=525700"}],"curies":[{"name":"wp","href":"https:\/\/api.w.org\/{rel}","templated":true}]}}