{"id":525704,"date":"2025-11-10T20:59:18","date_gmt":"2025-11-10T20:59:18","guid":{"rendered":"https:\/\/www.europesays.com\/fr\/525704\/"},"modified":"2025-11-10T20:59:18","modified_gmt":"2025-11-10T20:59:18","slug":"guerre-en-ukraine-pourquoi-la-russie-a-decide-de-bloquer-certaines-cartes-sim","status":"publish","type":"post","link":"https:\/\/www.europesays.com\/fr\/525704\/","title":{"rendered":"Guerre en Ukraine: pourquoi la Russie a d\u00e9cid\u00e9 de bloquer certaines cartes SIM"},"content":{"rendered":"<p class=\"ap-StoryElement ap-StoryElement--mb ap-StoryText\">Les cartes SIM des personnes revenant en Russie apr\u00e8s un s\u00e9jour \u00e0 l&rsquo;\u00e9tranger seront bloqu\u00e9es pendant 24 heures pour des raisons de s\u00e9curit\u00e9, a annonc\u00e9 lundi le minist\u00e8re russe des Affaires num\u00e9riques. Moscou souhaite ainsi mieux se prot\u00e9ger <a href=\"https:\/\/www.lalibre.be\/international\/europe\/guerre-ukraine-russie\/2025\/11\/10\/en-visite-sur-le-front-ukrainien-angelina-jolie-a-ete-survolee-par-un-drone-russe-une-menace-pesante-EB36PBTFEFFZHE6RD7LUENHMNU\/\" target=\"_self\" rel=\"noopener\">contre les attaques de drones<\/a>.<\/p>\n<p class=\"ap-StoryElement ap-StoryElement--mb ap-StoryText\">Le minist\u00e8re parle d&rsquo;une \u00ab\u00a0phase de refroidissement\u00a0\u00bb pour les utilisateurs de cartes SIM qui ont s\u00e9journ\u00e9 \u00e0 l&rsquo;\u00e9tranger pendant un certain temps ou chez qui la carte n&rsquo;a pas \u00e9t\u00e9 activ\u00e9e pendant 72 heures.<\/p>\n","protected":false},"excerpt":{"rendered":"Les cartes SIM des personnes revenant en Russie apr\u00e8s un s\u00e9jour \u00e0 l&rsquo;\u00e9tranger seront bloqu\u00e9es pendant 24 heures&hellip;\n","protected":false},"author":2,"featured_media":525705,"comment_status":"","ping_status":"","sticky":false,"template":"","format":"standard","meta":{"footnotes":""},"categories":[1591],"tags":[11,2120,1887,12,1885,1886,132,42,220],"class_list":{"0":"post-525704","1":"post","2":"type-post","3":"status-publish","4":"format-standard","5":"has-post-thumbnail","7":"category-russie","8":"tag-actualites","9":"tag-conflit","10":"tag-federation-de-russie","11":"tag-news","12":"tag-russia","13":"tag-russian-federation","14":"tag-russie","15":"tag-technologies","16":"tag-ukraine"},"share_on_mastodon":{"url":"https:\/\/pubeurope.com\/@fr\/115527415467274149","error":""},"_links":{"self":[{"href":"https:\/\/www.europesays.com\/fr\/wp-json\/wp\/v2\/posts\/525704","targetHints":{"allow":["GET"]}}],"collection":[{"href":"https:\/\/www.europesays.com\/fr\/wp-json\/wp\/v2\/posts"}],"about":[{"href":"https:\/\/www.europesays.com\/fr\/wp-json\/wp\/v2\/types\/post"}],"author":[{"embeddable":true,"href":"https:\/\/www.europesays.com\/fr\/wp-json\/wp\/v2\/users\/2"}],"replies":[{"embeddable":true,"href":"https:\/\/www.europesays.com\/fr\/wp-json\/wp\/v2\/comments?post=525704"}],"version-history":[{"count":0,"href":"https:\/\/www.europesays.com\/fr\/wp-json\/wp\/v2\/posts\/525704\/revisions"}],"wp:featuredmedia":[{"embeddable":true,"href":"https:\/\/www.europesays.com\/fr\/wp-json\/wp\/v2\/media\/525705"}],"wp:attachment":[{"href":"https:\/\/www.europesays.com\/fr\/wp-json\/wp\/v2\/media?parent=525704"}],"wp:term":[{"taxonomy":"category","embeddable":true,"href":"https:\/\/www.europesays.com\/fr\/wp-json\/wp\/v2\/categories?post=525704"},{"taxonomy":"post_tag","embeddable":true,"href":"https:\/\/www.europesays.com\/fr\/wp-json\/wp\/v2\/tags?post=525704"}],"curies":[{"name":"wp","href":"https:\/\/api.w.org\/{rel}","templated":true}]}}