{"id":525710,"date":"2025-11-10T21:02:18","date_gmt":"2025-11-10T21:02:18","guid":{"rendered":"https:\/\/www.europesays.com\/fr\/525710\/"},"modified":"2025-11-10T21:02:18","modified_gmt":"2025-11-10T21:02:18","slug":"royaume-uni-le-7-juillet-2005-20-ans-plus-tard-des-blessures-toujours-a-vif","status":"publish","type":"post","link":"https:\/\/www.europesays.com\/fr\/525710\/","title":{"rendered":"Royaume-Uni, le 7 juillet 2005: 20 ans plus tard, des blessures toujours \u00e0 vif"},"content":{"rendered":"<p class=\"t-content__chapo\">\n                                                Il y a dix ans, le 13 novembre 2015, Paris et Saint-Denis \u00e9taient frapp\u00e9s par une s\u00e9rie d\u2019attentats coordonn\u00e9s, revendiqu\u00e9e par l&rsquo;\u00c9tat islamique.\u00a0Bilan :130 morts. Mais ce n&rsquo;est pas le premier attentat en France. Et ailleurs en Europe, le terrorisme frappe r\u00e9guli\u00e8rement depuis longtemps, en particulier au Royaume-Uni. Londres, la capitale, a subi des dizaines d\u2019attentats \u00e0 travers les si\u00e8cles : conspiration des poudres en 1605, IRA irlandaise, vague d\u2019attaques au couteau \u00e0 partir de 2015. Mais la v\u00e9ritable d\u00e9flagration pour la soci\u00e9t\u00e9 britannique, dix ans avant le Bataclan et Saint-Denis, ce sont les attentats du 7 juillet 2005. Au c\u0153ur de Londres, quatre bombes explosent en m\u00eame temps dans les transports. 52 innocents p\u00e9rissent ainsi dans les bus et m\u00e9tro de la capitale.                    <\/p>\n<p><img decoding=\"async\" fetchpriority=\"low\" src=\"https:\/\/www.europesays.com\/fr\/wp-content\/uploads\/2025\/11\/AP21253359340109.jpg\"   width=\"1024\" height=\"576\" alt=\"Cette photo d'archives du 7 juillet 2005, montre l'\u00e9pave d'un bus \u00e0 imp\u00e9riale, le toit arrach\u00e9 par une bombe, et des voitures endommag\u00e9es \u00e9parpill\u00e9es sur la chauss\u00e9e de Tavistock Square, dans le centre de Londres.\" loading=\"eager\" class=\"a-img \"\/><\/p>\n<p>                Cette photo d&rsquo;archives du 7 juillet 2005, montre l&rsquo;\u00e9pave d&rsquo;un bus \u00e0 imp\u00e9riale, le toit arrach\u00e9 par une bombe, et des voitures endommag\u00e9es \u00e9parpill\u00e9es sur la chauss\u00e9e de Tavistock Square, dans le centre de Londres.                ASSOCIATED PRESS &#8211; Sang Tan            <\/p>\n<p><strong>\u00ab Royaume-Uni, le 7 juillet 2005\u00a0: 20 ans plus tard, des blessures toujours \u00e0 vif \u00bb, un grand reportage de Emeline Vin.<\/strong><\/p>\n","protected":false},"excerpt":{"rendered":"Il y a dix ans, le 13 novembre 2015, Paris et Saint-Denis \u00e9taient frapp\u00e9s par une s\u00e9rie d\u2019attentats&hellip;\n","protected":false},"author":2,"featured_media":525711,"comment_status":"","ping_status":"","sticky":false,"template":"","format":"standard","meta":{"footnotes":""},"categories":[1588],"tags":[11,1777,674,2494,12,473,1853,1254,1851,1850,1852],"class_list":{"0":"post-525710","1":"post","2":"type-post","3":"status-publish","4":"format-standard","5":"has-post-thumbnail","7":"category-royaume-uni","8":"tag-actualites","9":"tag-eu","10":"tag-europe","11":"tag-grand-reportage","12":"tag-news","13":"tag-royaume-uni","14":"tag-royaume-uni-de-grande-bretagne-et-dirlande-du-nord","15":"tag-terrorisme","16":"tag-uk","17":"tag-united-kingdom","18":"tag-united-kingdom-of-great-britain-and-northern-ireland"},"share_on_mastodon":{"url":"https:\/\/pubeurope.com\/@fr\/115527428072880631","error":""},"_links":{"self":[{"href":"https:\/\/www.europesays.com\/fr\/wp-json\/wp\/v2\/posts\/525710","targetHints":{"allow":["GET"]}}],"collection":[{"href":"https:\/\/www.europesays.com\/fr\/wp-json\/wp\/v2\/posts"}],"about":[{"href":"https:\/\/www.europesays.com\/fr\/wp-json\/wp\/v2\/types\/post"}],"author":[{"embeddable":true,"href":"https:\/\/www.europesays.com\/fr\/wp-json\/wp\/v2\/users\/2"}],"replies":[{"embeddable":true,"href":"https:\/\/www.europesays.com\/fr\/wp-json\/wp\/v2\/comments?post=525710"}],"version-history":[{"count":0,"href":"https:\/\/www.europesays.com\/fr\/wp-json\/wp\/v2\/posts\/525710\/revisions"}],"wp:featuredmedia":[{"embeddable":true,"href":"https:\/\/www.europesays.com\/fr\/wp-json\/wp\/v2\/media\/525711"}],"wp:attachment":[{"href":"https:\/\/www.europesays.com\/fr\/wp-json\/wp\/v2\/media?parent=525710"}],"wp:term":[{"taxonomy":"category","embeddable":true,"href":"https:\/\/www.europesays.com\/fr\/wp-json\/wp\/v2\/categories?post=525710"},{"taxonomy":"post_tag","embeddable":true,"href":"https:\/\/www.europesays.com\/fr\/wp-json\/wp\/v2\/tags?post=525710"}],"curies":[{"name":"wp","href":"https:\/\/api.w.org\/{rel}","templated":true}]}}