{"id":525712,"date":"2025-11-10T21:03:12","date_gmt":"2025-11-10T21:03:12","guid":{"rendered":"https:\/\/www.europesays.com\/fr\/525712\/"},"modified":"2025-11-10T21:03:12","modified_gmt":"2025-11-10T21:03:12","slug":"rearmement-des-europeens-face-a-la-menace-russe-lallemagne-va-acheter-20-helicopteres-de-plus-a-airbus-pour-1-milliard-deuros","status":"publish","type":"post","link":"https:\/\/www.europesays.com\/fr\/525712\/","title":{"rendered":"R\u00e9armement des Europ\u00e9ens face \u00e0 la menace russe\u00a0: l\u2019Allemagne va acheter 20 h\u00e9licopt\u00e8res de plus \u00e0 Airbus pour 1\u00a0milliard d\u2019euros"},"content":{"rendered":"<p>\n                                                                L&rsquo;Allemagne investit pr\u00e8s d&rsquo;un milliard d&rsquo;euros pour acqu\u00e9rir 20 h\u00e9licopt\u00e8res militaires suppl\u00e9mentaires d&rsquo;Airbus. Ces appareils, livr\u00e9s \u00e0 partir de 2027, renforceront la modernisation urgente des forces arm\u00e9es face \u00e0 la menace russe.\n                            <\/p>\n<p>L\u2019Allemagne va d\u00e9penser pr\u00e8s d\u2019un milliard d\u2019euros pour acqu\u00e9rir 20 h\u00e9licopt\u00e8res militaires suppl\u00e9mentaires aupr\u00e8s d\u2019Airbus qui devraient \u00eatre livr\u00e9s sur deux ans \u00e0 partir de 2027, selon un document du gouvernement.<\/p>\n<p>L\u2019engagement de financement, d\u2019abord rapport\u00e9 par Bloomberg, est contenu dans un document du minist\u00e8re des Finances qui doit \u00eatre pr\u00e9sent\u00e9 au Parlement et que Reuters a consult\u00e9 ce dimanche 9\u00a0novembre 2025.<\/p>\n<p>Le minist\u00e8re de la D\u00e9fense n\u2019a pas souhait\u00e9 faire de commentaires, d\u00e9clarant qu\u2019il ne pouvait pas \u00e9voquer ce type de projets avant qu\u2019ils n\u2019aient \u00e9t\u00e9 d\u00e9battus au Parlement.<\/p>\n<p>82 h\u00e9licopt\u00e8res vendus au total \u00e0 l\u2019Allemagne<\/p>\n<p>La commande compl\u00e8te un accord-cadre de 2023 qui permettait aux forces arm\u00e9es d\u2019acheter jusqu\u2019\u00e0 82 h\u00e9licopt\u00e8res Airbus H145M, dont 62 ont d\u00e9j\u00e0 \u00e9t\u00e9 command\u00e9s.<\/p>\n<p>Le co\u00fbt total de 931\u00a0millions d\u2019euros des 20 appareils suppl\u00e9mentaires \u2013 15 pour des missions de combat et cinq pour l\u2019entra\u00eenement des forces sp\u00e9ciales \u2013 proviendra d\u2019un fonds sp\u00e9cial cr\u00e9\u00e9 en d\u00e9but d\u2019ann\u00e9e pour financer la modernisation d\u2019urgence des forces arm\u00e9es allemandes.<\/p>\n<p>Face \u00e0 la menace russe<\/p>\n<p>Les gouvernements de toute l\u2019Europe augmentent leurs d\u00e9penses de d\u00e9fense face \u00e0 la menace russe, qui s\u2019est accrue depuis l\u2019invasion totale de l\u2019Ukraine en f\u00e9vrier\u00a02022.<\/p>\n<p>La commande allemande profitera \u00e0 de nombreuses autres soci\u00e9t\u00e9s impliqu\u00e9es dans l\u2019\u00e9quipement des h\u00e9licopt\u00e8res telles que l\u2019entreprise d\u2019\u00e9lectronique de d\u00e9fense Hensoldt.<\/p>\n<p>Le gouvernement allemand estime que le co\u00fbt total de l\u2019entretien et de l\u2019exploitation de la flotte compl\u00e8te de 82 h\u00e9licopt\u00e8res s\u2019\u00e9l\u00e8vera \u00e0 pr\u00e8s de 3\u00a0milliards d\u2019euros jusqu\u2019en 2048.<\/p>\n","protected":false},"excerpt":{"rendered":"L&rsquo;Allemagne investit pr\u00e8s d&rsquo;un milliard d&rsquo;euros pour acqu\u00e9rir 20 h\u00e9licopt\u00e8res militaires suppl\u00e9mentaires d&rsquo;Airbus. Ces appareils, livr\u00e9s \u00e0 partir&hellip;\n","protected":false},"author":2,"featured_media":525713,"comment_status":"","ping_status":"","sticky":false,"template":"","format":"standard","meta":{"footnotes":""},"categories":[1587],"tags":[11,672,1804,1805,1803,1777,674,1801,12,1802],"class_list":{"0":"post-525712","1":"post","2":"type-post","3":"status-publish","4":"format-standard","5":"has-post-thumbnail","7":"category-allemagne","8":"tag-actualites","9":"tag-allemagne","10":"tag-bundesrepublik-deutschland","11":"tag-de","12":"tag-deutschland","13":"tag-eu","14":"tag-europe","15":"tag-germany","16":"tag-news","17":"tag-republique-federale-dallemagne"},"share_on_mastodon":{"url":"https:\/\/pubeurope.com\/@fr\/115527431364452471","error":""},"_links":{"self":[{"href":"https:\/\/www.europesays.com\/fr\/wp-json\/wp\/v2\/posts\/525712","targetHints":{"allow":["GET"]}}],"collection":[{"href":"https:\/\/www.europesays.com\/fr\/wp-json\/wp\/v2\/posts"}],"about":[{"href":"https:\/\/www.europesays.com\/fr\/wp-json\/wp\/v2\/types\/post"}],"author":[{"embeddable":true,"href":"https:\/\/www.europesays.com\/fr\/wp-json\/wp\/v2\/users\/2"}],"replies":[{"embeddable":true,"href":"https:\/\/www.europesays.com\/fr\/wp-json\/wp\/v2\/comments?post=525712"}],"version-history":[{"count":0,"href":"https:\/\/www.europesays.com\/fr\/wp-json\/wp\/v2\/posts\/525712\/revisions"}],"wp:featuredmedia":[{"embeddable":true,"href":"https:\/\/www.europesays.com\/fr\/wp-json\/wp\/v2\/media\/525713"}],"wp:attachment":[{"href":"https:\/\/www.europesays.com\/fr\/wp-json\/wp\/v2\/media?parent=525712"}],"wp:term":[{"taxonomy":"category","embeddable":true,"href":"https:\/\/www.europesays.com\/fr\/wp-json\/wp\/v2\/categories?post=525712"},{"taxonomy":"post_tag","embeddable":true,"href":"https:\/\/www.europesays.com\/fr\/wp-json\/wp\/v2\/tags?post=525712"}],"curies":[{"name":"wp","href":"https:\/\/api.w.org\/{rel}","templated":true}]}}