{"id":525714,"date":"2025-11-10T21:04:26","date_gmt":"2025-11-10T21:04:26","guid":{"rendered":"https:\/\/www.europesays.com\/fr\/525714\/"},"modified":"2025-11-10T21:04:26","modified_gmt":"2025-11-10T21:04:26","slug":"fiba-europe-cup-a-nouveau-stop-ou-encore-pour-la-jda-dijon-contre-le-cibona-zagreb","status":"publish","type":"post","link":"https:\/\/www.europesays.com\/fr\/525714\/","title":{"rendered":"Fiba Europe Cup. \u00c0 nouveau stop ou encore pour la JDA Dijon contre le Cibona Zagreb"},"content":{"rendered":"<p>Dos au mur, la JDA Dijon doit l\u2019emporter ce mardi contre le Cibona Zagreb (20 heures, palais des Sports) pour esp\u00e9rer glaner son ticket pour le prochain tour de Fiba Europe Cup. Une situation similaire \u00e0 la semaine derni\u00e8re o\u00f9 <a href=\"https:\/\/www.bienpublic.com\/sport\/2025\/11\/04\/la-jda-dijon-est-encore-en-vie\" target=\"_blank\" rel=\"noopener\"> les joueurs de Laurent Legname sont all\u00e9s s\u2019imposer sur le parquet de la Reggiana<\/a> (76-79).<\/p>\n<p>Mais cette fois-ci au palais des Sports apr\u00e8s quatre d\u00e9placements cons\u00e9cutifs. \u00ab\u00a0On sait tous que c\u2019est normalement mieux de jouer \u00e0 la maison. Apr\u00e8s, ce qui est s\u00fbr c\u2019est que domicile ou ext\u00e9rieur, il faut que l\u2019on soit bien meilleur <a href=\"https:\/\/www.bienpublic.com\/sport\/2025\/11\/08\/la-jda-a-explose-en-plein-vol-a-chalon\" target=\"_blank\" rel=\"noopener\">que ce qu\u2019on a fait samedi<\/a> ( d\u00e9faite 90-74 dans le derby \u00e0 Chalon )\u00a0\u00bb, assure l\u2019entra\u00eeneur dijonnais Laurent Legname. \u00ab\u00a0Les joueurs sont bien conscients <a href=\"https:\/\/www.bienpublic.com\/sport\/2025\/11\/08\/place-au-derby-pour-la-jda-dijon-a-chalon\" target=\"_blank\" rel=\"noopener\">qu\u2019ils n\u2019ont pas \u00e9t\u00e9 bons \u00e0 Chalon<\/a> , il faudrait \u00eatre aveugle pour ne pas le voir, on a \u00e9t\u00e9 faible maintenant il faut r\u00e9agir.\u00a0\u00bb<\/p>\n<p>  Le pr\u00e9c\u00e9dent italien<\/p>\n<p>En Italie d\u00e9j\u00e0, les Dijonnais avaient bien relev\u00e9 la t\u00eate <a href=\"https:\/\/www.bienpublic.com\/sport\/2025\/11\/01\/une-soiree-aux-allures-de-calvaire-pour-la-jda-dijon-a-bourg\" target=\"_blank\" rel=\"noopener\">d\u2019une grosse d\u00e9faite \u00e0 Bourg (101-81)<\/a>. Une r\u00e9action similaire est attendue face \u00e0 <a href=\"https:\/\/www.bienpublic.com\/sport\/2025\/10\/21\/battue-par-le-cibona-zagreb-la-jda-dijon-se-complique-deja-la-vie\" target=\"_blank\" rel=\"noopener\">une \u00e9quipe croate qui avait surpris les C\u00f4te-d\u2019Oriens \u00e0 l\u2019aller<\/a> (76-73). \u00ab\u00a0C\u2019\u00e9tait notre premier mauvais match \u00e0 l\u2019aller. On venait de sortir d\u2019un gros match \u00e0 Paris o\u00f9 on \u00e9tait rest\u00e9 apr\u00e8s et eu des probl\u00e8mes d\u2019avion. Ils nous avaient domin\u00e9s, \u00e0 nous de prendre notre revanche\u00a0\u00bb, ass\u00e8ne Laurent Legname. Un technicien priv\u00e9 du meneur Justin Bibbins (phl\u00e9bite) alors que la recherche d\u2019un pigiste m\u00e9dical se poursuit, le club ayant essuy\u00e9 plusieurs refus ces derniers jours.<\/p>\n<p><strong> \u25b6 LE POINT<\/strong><strong>Groupe J. &#8211; 5e journ\u00e9e. Ce mardi, 20 heures\u00a0:<\/strong> JDA Dijon &#8211; Cibona Zagreb (CRO). <strong>Mercredi, 19 heures\u00a0:<\/strong> Bashkimi (KOS) &#8211; Reggiana (ITA). <strong>Classement\u00a0:<\/strong> 1. Cibona Zagreb 3 v., 1 d. ; 2. Reggiana 2 v., 2 d. ; 3. JDA Dijon 2 v., 2 d. ; 4. Bashkimi 1 v., 3 d.<\/p>\n","protected":false},"excerpt":{"rendered":"Dos au mur, la JDA Dijon doit l\u2019emporter ce mardi contre le Cibona Zagreb (20 heures, palais des&hellip;\n","protected":false},"author":2,"featured_media":525715,"comment_status":"","ping_status":"","sticky":false,"template":"","format":"standard","meta":{"footnotes":""},"categories":[1586],"tags":[11,1791,2930,8587,8588,1777,674,107,1011,27,12,25,517],"class_list":{"0":"post-525714","1":"post","2":"type-post","3":"status-publish","4":"format-standard","5":"has-post-thumbnail","7":"category-europe","8":"tag-actualites","9":"tag-basket-ball","10":"tag-dijon","11":"tag-dijon-ville","12":"tag-edition-dijon-et-son-agglomeration","13":"tag-eu","14":"tag-europe","15":"tag-fil-info","16":"tag-fr","17":"tag-france","18":"tag-news","19":"tag-republique-francaise","20":"tag-sport"},"share_on_mastodon":{"url":"https:\/\/pubeurope.com\/@fr\/115527435187684557","error":""},"_links":{"self":[{"href":"https:\/\/www.europesays.com\/fr\/wp-json\/wp\/v2\/posts\/525714","targetHints":{"allow":["GET"]}}],"collection":[{"href":"https:\/\/www.europesays.com\/fr\/wp-json\/wp\/v2\/posts"}],"about":[{"href":"https:\/\/www.europesays.com\/fr\/wp-json\/wp\/v2\/types\/post"}],"author":[{"embeddable":true,"href":"https:\/\/www.europesays.com\/fr\/wp-json\/wp\/v2\/users\/2"}],"replies":[{"embeddable":true,"href":"https:\/\/www.europesays.com\/fr\/wp-json\/wp\/v2\/comments?post=525714"}],"version-history":[{"count":0,"href":"https:\/\/www.europesays.com\/fr\/wp-json\/wp\/v2\/posts\/525714\/revisions"}],"wp:featuredmedia":[{"embeddable":true,"href":"https:\/\/www.europesays.com\/fr\/wp-json\/wp\/v2\/media\/525715"}],"wp:attachment":[{"href":"https:\/\/www.europesays.com\/fr\/wp-json\/wp\/v2\/media?parent=525714"}],"wp:term":[{"taxonomy":"category","embeddable":true,"href":"https:\/\/www.europesays.com\/fr\/wp-json\/wp\/v2\/categories?post=525714"},{"taxonomy":"post_tag","embeddable":true,"href":"https:\/\/www.europesays.com\/fr\/wp-json\/wp\/v2\/tags?post=525714"}],"curies":[{"name":"wp","href":"https:\/\/api.w.org\/{rel}","templated":true}]}}