{"id":525720,"date":"2025-11-10T21:07:25","date_gmt":"2025-11-10T21:07:25","guid":{"rendered":"https:\/\/www.europesays.com\/fr\/525720\/"},"modified":"2025-11-10T21:07:25","modified_gmt":"2025-11-10T21:07:25","slug":"les-premieres-reactions-des-politiques","status":"publish","type":"post","link":"https:\/\/www.europesays.com\/fr\/525720\/","title":{"rendered":"les premi\u00e8res r\u00e9actions des politiques"},"content":{"rendered":"<p>            Par<br \/>\n        <strong><br \/>\n            <a href=\"https:\/\/actu.fr\/auteur\/redaction-morbihan\" title=\"Consulter tous les articles de R\u00e9daction Morbihan\" target=\"_blank\" rel=\"noopener\">R\u00e9daction Morbihan<\/a><br \/>\n        <\/strong><\/p>\n<p>        Publi\u00e9 le<\/p>\n<p>            10 nov. 2025 \u00e0 16h33        <\/p>\n<p>Mena\u00e7ant des <a href=\"https:\/\/actu.fr\/tag\/police\" target=\"_blank\" rel=\"noopener\">policiers <\/a>avec un couteau dans une rue de <b>Lorient <\/b>(<a href=\"https:\/\/actu.fr\/morbihan\/\" target=\"_blank\" rel=\"noopener\">Morbihan<\/a>), un homme a \u00e9t\u00e9 tu\u00e9 par les fonctionnaires de police le <b>lundi 10 novembre 2025. <\/b>Malgr\u00e9 une actualit\u00e9 du jour marqu\u00e9e par la lib\u00e9ration de <a href=\"https:\/\/actu.fr\/politique\/nicolas-sarkozy-peut-deja-sortir-de-prison-ce-lundi-sa-demande-de-mise-en-liberte-acceptee_63416840.html\" target=\"_blank\" rel=\"noopener\">Nicolas Sarkozy<\/a>, le fait divers n\u2019a pas manqu\u00e9 de faire r\u00e9agir la classe politique.<\/p>\n<p>Les r\u00e9actions locales<\/p>\n<p class=\" wall-content\">Le maire de Lorient Fabrice Loher s\u2019est rendu sur place.<\/p>\n<p>    <a href=\"https:\/\/www.facebook.com\/plugins\/post.php?href=https%3A%2F%2Fwww.facebook.com%2Ffabrice.loher%2Fposts%2Fpfbid0mDUmZx5idZxA4gn2pegtTDnUTWfPwR861V2jPt9GPsypChwMdxtHHBJwTgHE1bKDl&amp;show_text=true&amp;width=350\" title=\"Ouvrie le lien\" target=\"_blank\" rel=\"noopener\">Cliquez ici pour visualiser le contenu<\/a><\/p>\n<p class=\" wall-content\">\u00ab\u00a0Je tiens avant tout \u00e0 exprimer mon\u00a0<b>soutien aux policiers<\/b>\u00a0qui assurent chaque jour notre s\u00e9curit\u00e9, parfois au p\u00e9ril de leur vie. \u00c0 ce stade, il serait inappropri\u00e9 de commenter davantage avant la communication officielle du parquet. J\u2019appelle chacun \u00e0 faire preuve de prudence et de responsabilit\u00e9, dans le respect du travail des enqu\u00eateurs et de la justice\u00a0\u00bb, indique l\u2019\u00e9dile.<\/p>\n<p class=\" wall-content\">Dans l\u2019opposition municipale, le d\u00e9put\u00e9 Damien Girard a aussi pris la parole :<\/p>\n<blockquote class=\"ac-article-quote wall-content\">\n<p>Je me suis rendu sur place cet apr\u00e8s-midi pour \u00e9changer avec la police municipale, \u00e9couter les riverains et les commer\u00e7ants du quartier. Je veux redire ici toute ma confiance dans les services de l\u2019\u00c9tat et dans la justice, qui \u00e9tabliront pr\u00e9cis\u00e9ment les faits et les responsabilit\u00e9s.<\/p>\n<p>Damien Girard<\/p><\/blockquote>\n<p class=\" wall-content\">De son c\u00f4t\u00e9, le pr\u00e9fet du Morbihan,<a href=\"https:\/\/actu.fr\/bretagne\/vannes_56260\/politique-qui-est-michael-galy-le-nouveau-prefet-du-morbihan_62687576.html\" target=\"_blank\" rel=\"noopener\">\u00a0Micha\u00ebl Galy<\/a>, a salu\u00e9 par communiqu\u00e9 \u00ab\u2009la\u00a0<b>ma\u00eetrise, le courage et le professionnalisme<\/b>\u00a0des policiers qui, par leur sang-froid et leur r\u00e9activit\u00e9, ont su faire face \u00e0 une situation de danger imm\u00e9diat\u2009\u00bb.<\/p>\n<p>Les r\u00e9actions nationales<\/p>\n<p class=\" wall-content\">Le ministre de l\u2019Int\u00e9rieur <a href=\"https:\/\/actu.fr\/tag\/laurent-nunez\" target=\"_blank\" rel=\"noopener\">Laurent Nu\u00f1ez<\/a> a \u00e9t\u00e9 un des premiers \u00e0 r\u00e9agir :<\/p>\n<p>Votre r\u00e9gion, votre actu !<\/p>\n<p>Recevez chaque jour les infos qui comptent pour vous.<\/p>\n<p>\t<a href=\"https:\/\/actu.fr\/newsletter\" class=\"ac-btn ac-btn--corner ac-btn--medium ac-btn--blue800\" target=\"_blank\" rel=\"noopener\">S&rsquo;incrire<\/a><\/p>\n<blockquote class=\"ac-article-quote wall-content\">\n<p>En d\u00e9pit des sommations, l\u2019homme a fonc\u00e9 sur eux\u2009: les policiers ont fait usage de leur arme administrative, touchant l\u2019individu. Heureusement, les policiers sont indemnes. Je tiens \u00e0 saluer leur courage et leur r\u00e9activit\u00e9 face au danger.<\/p>\n<p>Laurent Nu\u00f1ez<\/p><\/blockquote>\n<p class=\" wall-content\">\n<p class=\" wall-content\">Le pr\u00e9sident du Rassemblement National (RN) <a href=\"https:\/\/actu.fr\/tag\/jordan-bardella\" target=\"_blank\" rel=\"noopener\">Jordan Bardella <\/a>a communiqu\u00e9 sur X :<\/p>\n<blockquote class=\"ac-article-quote wall-content\">\n<p>F\u00e9licitations aux policiers de Lorient qui ont neutralis\u00e9 l\u2019homme cagoul\u00e9, migrant soudanais, d\u00e9favorablement connu de leurs services, qui avait tent\u00e9 de s\u2019en prendre \u00e0 eux arm\u00e9 d\u2019un couteau. Leur sang-froid et leur r\u00e9activit\u00e9 ont probablement permis d\u2019\u00e9viter un nouveau drame.<\/p>\n<p>Jordan Bardella<\/p><\/blockquote>\n<p>Des sommations des policiers<\/p>\n<p class=\" wall-content\">\u00ab\u00a0Lors d\u2019une mission de s\u00e9curit\u00e9 publique, des policiers du commissariat de Lorient ont \u00e9t\u00e9 confront\u00e9s \u00e0 un <b>individu muni d\u2019une arme blanche\u00a0\u00bb, <\/b>rappelle la pr\u00e9fecture dans un communiqu\u00e9.<\/p>\n<p class=\" wall-content\">\u00ab\u00a0Malgr\u00e9 les injonctions de s\u2019arr\u00eater et les sommations, l\u2019homme s\u2019est pr\u00e9cipit\u00e9 en direction des fonctionnaires de police. Face \u00e0 cette menace directe, les policiers ont \u00e9t\u00e9 contraints de faire<b> usage de leur arme administrative<\/b>, blessant <b>mortellement <\/b>l\u2019individu. Aucun agent n\u2019a \u00e9t\u00e9 touch\u00e9 au cours de l\u2019intervention\u00a0\u00bb, ajoute la pr\u00e9fecture.<\/p>\n<p class=\" wall-content\">Une enqu\u00eate est ouverte.<\/p>\n<p class=\" wall-content\">Personnalisez votre actualit\u00e9 en ajoutant vos villes et m\u00e9dias en favori avec <a href=\"https:\/\/moncompte.actu.fr\" title=\"D\u00e9couvez Mon Actu\" rel=\"nofollow noopener\" data-trk=\"{&quot;cta&quot;:{&quot;action&quot;:&quot;https:\\\/\\\/moncompte.actu.fr&quot;,&quot;category&quot;:&quot;mon compte&quot;,&quot;from&quot;:&quot;article footer&quot;,&quot;name&quot;:&quot;Mon actu&quot;,&quot;type&quot;:&quot;cta&quot;}}\" target=\"_blank\">Mon Actu<\/a>.<\/p>\n","protected":false},"excerpt":{"rendered":"Par R\u00e9daction Morbihan Publi\u00e9 le 10 nov. 2025 \u00e0 16h33 Mena\u00e7ant des policiers avec un couteau dans une&hellip;\n","protected":false},"author":2,"featured_media":525721,"comment_status":"","ping_status":"","sticky":false,"template":"","format":"standard","meta":{"footnotes":""},"categories":[2],"tags":[11,118,1011,27,1077,5454,12,25,7501],"class_list":{"0":"post-525720","1":"post","2":"type-post","3":"status-publish","4":"format-standard","5":"has-post-thumbnail","7":"category-actualites","8":"tag-actualites","9":"tag-faits-divers","10":"tag-fr","11":"tag-france","12":"tag-jordan-bardella","13":"tag-laurent-nunez","14":"tag-news","15":"tag-republique-francaise","16":"tag-violences-urbaines"},"share_on_mastodon":{"url":"https:\/\/pubeurope.com\/@fr\/115527447018452764","error":""},"_links":{"self":[{"href":"https:\/\/www.europesays.com\/fr\/wp-json\/wp\/v2\/posts\/525720","targetHints":{"allow":["GET"]}}],"collection":[{"href":"https:\/\/www.europesays.com\/fr\/wp-json\/wp\/v2\/posts"}],"about":[{"href":"https:\/\/www.europesays.com\/fr\/wp-json\/wp\/v2\/types\/post"}],"author":[{"embeddable":true,"href":"https:\/\/www.europesays.com\/fr\/wp-json\/wp\/v2\/users\/2"}],"replies":[{"embeddable":true,"href":"https:\/\/www.europesays.com\/fr\/wp-json\/wp\/v2\/comments?post=525720"}],"version-history":[{"count":0,"href":"https:\/\/www.europesays.com\/fr\/wp-json\/wp\/v2\/posts\/525720\/revisions"}],"wp:featuredmedia":[{"embeddable":true,"href":"https:\/\/www.europesays.com\/fr\/wp-json\/wp\/v2\/media\/525721"}],"wp:attachment":[{"href":"https:\/\/www.europesays.com\/fr\/wp-json\/wp\/v2\/media?parent=525720"}],"wp:term":[{"taxonomy":"category","embeddable":true,"href":"https:\/\/www.europesays.com\/fr\/wp-json\/wp\/v2\/categories?post=525720"},{"taxonomy":"post_tag","embeddable":true,"href":"https:\/\/www.europesays.com\/fr\/wp-json\/wp\/v2\/tags?post=525720"}],"curies":[{"name":"wp","href":"https:\/\/api.w.org\/{rel}","templated":true}]}}