{"id":525722,"date":"2025-11-10T21:08:20","date_gmt":"2025-11-10T21:08:20","guid":{"rendered":"https:\/\/www.europesays.com\/fr\/525722\/"},"modified":"2025-11-10T21:08:20","modified_gmt":"2025-11-10T21:08:20","slug":"ce-banquier-suisse-qui-alerte-sur-lattractivite-de-la-france","status":"publish","type":"post","link":"https:\/\/www.europesays.com\/fr\/525722\/","title":{"rendered":"ce banquier suisse qui alerte sur l\u2019attractivit\u00e9 de la France"},"content":{"rendered":"<p>\n    <strong>GRAND ENTRETIEN &#8211;<\/strong> Fr\u00e9d\u00e9ric Rochat, dirigeant du gestionnaire de fortune et d\u2019actifs suisse Lombard Odier, estime que le choix de la comp\u00e9titivit\u00e9 est le seul possible pour assurer la prosp\u00e9rit\u00e9 \u00e0 long terme.<\/p>\n<p class=\"fig-paragraph\">Dissolution de l\u2019Assembl\u00e9e nationale, chutes en s\u00e9rie des gouvernements,\u00a0<a href=\"http:\/\/www.lefigaro.fr\/conjoncture\/pourquoi-epargnants-et-proprietaires-vont-payer-pour-la-suspension-de-la-reforme-des-retraites-20251106\" data-fig-type=\"Article\" data-gtm-custom-categorie=\"navigation\" data-gtm-custom-action=\"crossclick\" data-gtm-custom-label=\"Contextuel\" data-gtm-event=\"customEventSPE\" data-fig-domain=\"LEFIGARO\" target=\"_blank\" rel=\"noopener\">suspension de la r\u00e9forme des retraites<\/a>, multiplication des projets de nouvelles taxes lors de l\u2019examen du budget 2026\u2026 L\u2019image que renvoie la France aupr\u00e8s des\u00a0<a href=\"http:\/\/www.lefigaro.fr\/societes\/pourquoi-le-marche-eolien-francais-ne-fait-plus-rever-les-investisseurs-etrangers-20250925\" data-fig-type=\"Article\" data-gtm-custom-categorie=\"navigation\" data-gtm-custom-action=\"crossclick\" data-gtm-custom-label=\"Contextuel\" data-gtm-event=\"customEventSPE\" data-fig-domain=\"LEFIGARO\" target=\"_blank\" rel=\"noopener\">investisseurs \u00e9trangers<\/a>\u00a0depuis l\u2019\u00e9t\u00e9 2024 a tout pour \u00eatre inqui\u00e9tante. Dans ce contexte, l\u2019analyse de l\u2019un des principaux dirigeants de Lombard Odier, gestionnaire de fortune et d\u2019actifs mondial install\u00e9 \u00e0 Gen\u00e8ve depuis 1796, est \u00e9difiante. Selon Fr\u00e9d\u00e9ric Rochat, associ\u00e9-g\u00e9rant codirigeant les activit\u00e9s du groupe en charge de la client\u00e8le priv\u00e9e, la France risque de g\u00e2cher ses r\u00e9els atouts.<\/p>\n<p class=\"fig-paragraph\"><strong>LE FIGARO. &#8211; Investir en France est-il toujours aussi attractif depuis la dissolution de l\u2019Assembl\u00e9e nationale\u00a0?<\/strong><\/p>\n<p class=\"fig-paragraph\"><strong>FR\u00c9D\u00c9RIC ROCHAT. &#8211;<\/strong> La France ne s\u2019en rend pas toujours compte, mais elle dispose d\u2019une force \u00e9conomique majeure et d\u2019atouts consid\u00e9rables\u00a0: un niveau d\u2019\u00e9ducation tr\u00e8s \u00e9lev\u00e9, des capacit\u00e9s reconnues dans la recherche, ainsi qu\u2019une ind\u00e9pendance \u00e9nerg\u00e9tique\u2026<\/p>\n<p class=\"fig-premium-paywall__infos\">\n        Cet article est r\u00e9serv\u00e9 aux abonn\u00e9s.        Il vous reste 90% \u00e0 d\u00e9couvrir.\n    <\/p>\n<p>                <img  data- alt=\"Le Figaro\" class=\"fig-img--complete fig-img\"\/><\/p>\n<p class=\"fig-premium-paywall__title\">Black Friday<\/p>\n<p class=\"fig-premium-paywall__subtitle\">-70% sur l&rsquo;abonnement num\u00e9rique<\/p>\n<p class=\"fig-premium-paywall__connect\">\n                D\u00e9j\u00e0 abonn\u00e9\u00a0?                <a class=\"fig-premium-paywall__connect-link\" href=\"https:\/\/connect.lefigaro.fr\/login?client=horizon_web&amp;type=main&amp;redirect_uri=https%3A%2F%2Fwww.lefigaro.fr%2Fsocietes%2Fla-tentation-francaise-du-taxer-plus-pour-depenser-plus-est-un-danger-ce-banquier-suisse-qui-alerte-sur-l-attractivite-de-la-france-20251110\" data-js-gtm=\"{&quot;customCategorie&quot;: &quot;conversion&quot;, &quot;customAction&quot;: &quot;before_Landing_Connexion_paywall_auto&quot;, &quot;customLabel&quot;: &quot;bGVmaWdhcm8uZnJfXzFmMGJlMGQ5LWE1YWUtNjBlZS04NmRkLTc1MzAzNWI2OTFkMF9fTmV3c0ZsYXNo_\u00abLa tentation fran\u00e7aise du taxer plus pour d\u00e9penser plus est un danger\u00bb\u00a0: ce banquier suisse qui alerte sur l\u2019attractivit\u00e9 de la France_256&quot;, &quot;customIDSPE&quot;: &quot;bGVmaWdhcm8uZnJfXzFmMGJlMGQ5LWE1YWUtNjBlZS04NmRkLTc1MzAzNWI2OTFkMF9fTmV3c0ZsYXNo&quot;, &quot;event&quot;: &quot;customEventSPE&quot;}\" target=\"_blank\" rel=\"noopener\"><br \/>\n                    Connectez-vous<br \/>\n                <\/a>\n            <\/p>\n","protected":false},"excerpt":{"rendered":"GRAND ENTRETIEN &#8211; Fr\u00e9d\u00e9ric Rochat, dirigeant du gestionnaire de fortune et d\u2019actifs suisse Lombard Odier, estime que le&hellip;\n","protected":false},"author":2,"featured_media":525723,"comment_status":"","ping_status":"","sticky":false,"template":"","format":"standard","meta":{"footnotes":""},"categories":[4],"tags":[11,26028,21601,526,1011,27,12,25],"class_list":{"0":"post-525722","1":"post","2":"type-post","3":"status-publish","4":"format-standard","5":"has-post-thumbnail","7":"category-france","8":"tag-actualites","9":"tag-attractivite","10":"tag-choose-france","11":"tag-fiscalite","12":"tag-fr","13":"tag-france","14":"tag-news","15":"tag-republique-francaise"},"share_on_mastodon":{"url":"https:\/\/pubeurope.com\/@fr\/115527450816704401","error":""},"_links":{"self":[{"href":"https:\/\/www.europesays.com\/fr\/wp-json\/wp\/v2\/posts\/525722","targetHints":{"allow":["GET"]}}],"collection":[{"href":"https:\/\/www.europesays.com\/fr\/wp-json\/wp\/v2\/posts"}],"about":[{"href":"https:\/\/www.europesays.com\/fr\/wp-json\/wp\/v2\/types\/post"}],"author":[{"embeddable":true,"href":"https:\/\/www.europesays.com\/fr\/wp-json\/wp\/v2\/users\/2"}],"replies":[{"embeddable":true,"href":"https:\/\/www.europesays.com\/fr\/wp-json\/wp\/v2\/comments?post=525722"}],"version-history":[{"count":0,"href":"https:\/\/www.europesays.com\/fr\/wp-json\/wp\/v2\/posts\/525722\/revisions"}],"wp:featuredmedia":[{"embeddable":true,"href":"https:\/\/www.europesays.com\/fr\/wp-json\/wp\/v2\/media\/525723"}],"wp:attachment":[{"href":"https:\/\/www.europesays.com\/fr\/wp-json\/wp\/v2\/media?parent=525722"}],"wp:term":[{"taxonomy":"category","embeddable":true,"href":"https:\/\/www.europesays.com\/fr\/wp-json\/wp\/v2\/categories?post=525722"},{"taxonomy":"post_tag","embeddable":true,"href":"https:\/\/www.europesays.com\/fr\/wp-json\/wp\/v2\/tags?post=525722"}],"curies":[{"name":"wp","href":"https:\/\/api.w.org\/{rel}","templated":true}]}}