{"id":525726,"date":"2025-11-10T21:12:11","date_gmt":"2025-11-10T21:12:11","guid":{"rendered":"https:\/\/www.europesays.com\/fr\/525726\/"},"modified":"2025-11-10T21:12:11","modified_gmt":"2025-11-10T21:12:11","slug":"ons-jabeur-attend-son-premier-enfant-mosaique-fm","status":"publish","type":"post","link":"https:\/\/www.europesays.com\/fr\/525726\/","title":{"rendered":"Ons Jabeur attend son premier enfant &#8211; Mosaique FM"},"content":{"rendered":"<ol>\n<li><a href=\"https:\/\/news.google.com\/rss\/articles\/CBMiowFBVV95cUxQT2lmZUM5OC0xNzAzWVI4Rng2dDF3ckl4NjRJQ0pJYXJZajdBQ09DcG13ellFVlhXNEgxM0txZExVckNmMDVuS2h6UGgxU2NMV254TEdiTkpjTGRNVk5WU25ONUtKNHdBODkxajBXOFdtTllKUUJDVEo1U29lYzJiaWUxMHhobjh4Ukx2V1hSX0Z6ZVFJZUxyUi1mSUVKWDViZUZv?oc=5\" target=\"_blank\" rel=\"nofollow noopener\">Ons Jabeur attend son premier enfant<\/a>&nbsp;&nbsp;Mosaique FM<\/li>\n<li><a href=\"https:\/\/news.google.com\/rss\/articles\/CBMihAFBVV95cUxNUW8tQ0Z5c3VLaG16Z3IzbnJIUXQ0eDUwNXJJVzNmREF6bWlOa0J3Rm9BcG9oQjBSUTRYdVNPYk5UYm03OE1IOXdtQXNmaXJhdGZGWFc0dGNrcl9id1NfNFBhb19LdzFGN1pxQjREMC1SU1l1bGNWMkhKX3hScDJCLWVrRkc?oc=5\" target=\"_blank\" rel=\"nofollow noopener\">Ons Jabeur est enceinte de son premier enfant : \u00ab Nous accueillerons bient\u00f4t un petit co\u00e9quipier \u00bb<\/a>&nbsp;&nbsp;Tennis Temple<\/li>\n<li><a href=\"https:\/\/news.google.com\/rss\/articles\/CBMi5wFBVV95cUxNRWVrTW5nTlNPT0xrYUMtNC11eGdjNEhfYlNzc1FEZXFZc0l6Y0JSamZKSVBMSkx0ci1kV1pDVWVTUXdHZGo3VU9MeEFQUXFQM0ZLYnZxcndTeDd3dDFBSUJpZzMtMHo1dVA5aG1kOVVYN3EzS0VQa2lEY0hHbl9lcHliQUFzeWJQQlUwZDRGSG1fb0xTSzRKajBpV1VXWDdMcmRNZzBDMzlZYURqM2ZNU3pBajVCU1hLWWNDT2g0dGRBN25mT0RXZkUzNDhqOFhNSTBqaXFkZGtVS2JpODUzQVVzSWxQRmM?oc=5\" target=\"_blank\" rel=\"nofollow noopener\">L&rsquo;ancienne N.2 mondiale de tennis Ons Jabeur annonce attendre son premier enfant<\/a>&nbsp;&nbsp;DHnet<\/li>\n<li><a href=\"https:\/\/news.google.com\/rss\/articles\/CBMirwFBVV95cUxON1hZUUprTWdsQ2E2SlExb2x2SG92QVpDTV9ZZGk0cDlkMXNyYUtaODdnNGZZc3RqWWpXekxKdlBKMGhVdUpKcjgyMzR2Z2FoYWFoWXZlcWJMNm5rcm5fTkU2QlVLeEFyM1B5SXVwc3JMdmpKM2t2UlVTVGVERFA4dWZTWmJWRUdkLW5YdWVNeE13Mm53TTFfT25MTURmOVVDYkdoT0lhY2ZjMEhQNU4w?oc=5\" target=\"_blank\" rel=\"nofollow noopener\">Une annonce pleine de bonheur | Ons Jabeur attend un heureux \u00e9v\u00e8nement<\/a>&nbsp;&nbsp;Kapitalis<\/li>\n<li><a href=\"https:\/\/news.google.com\/rss\/articles\/CBMirgFBVV95cUxOQkpSczBBNkMwZUkteE5yUjJYbGxKOUVBREtIYWtKbC1JQWdnQno3TkN6ZVZnOEU3V0QySTh3aWY4Vkc0SFpqS25GNmx0ZHppRW52dmFkMFgxRnFnc2RNS2pnWHVWQldfazMwLU9hMmJwWFZ0bnh5RE1UdEFwSnoxcVlibFZRUXV3Um5uT3NteUY2dEFGQ0JVUjFBX3Zqb3R1aE5lM0ZlRk4xS3hieFHSAa4BQVVfeXFMTVNlMnZtM0FUQUZHdXJlOFQ5c1ByVGllRTZJODdONFNlblBHZFFlNGoxelFYbklGNUNKQXBCeS03a0tPZzhwQldoNzNTSVItQkExMXc2dGVnc2U3ZTZRV2R0b1hMRTBCSnJDS0pZM3Q0V1JDdVpVNVVBMVE1SU4yQnhVZlVUVkdTN1NpVGhZaVM5Y2hmemtacW1mcW15YkVBTDdES3M0aS1Yc0R6U21R?oc=5\" target=\"_blank\" rel=\"nofollow noopener\">Carnet Rose: Ons Jabeur a annonc\u00e9 l&rsquo;arriv\u00e9e d&rsquo;un heureux \u00e9v\u00e8nement !<\/a>&nbsp;&nbsp;TennisActu<\/li>\n<\/ol>\n","protected":false},"excerpt":{"rendered":"Ons Jabeur attend son premier enfant&nbsp;&nbsp;Mosaique FM Ons Jabeur est enceinte de son premier enfant : \u00ab Nous&hellip;\n","protected":false},"author":2,"featured_media":525727,"comment_status":"","ping_status":"","sticky":false,"template":"","format":"standard","meta":{"footnotes":""},"categories":[1415],"tags":[1011,27,60,1467],"class_list":{"0":"post-525726","1":"post","2":"type-post","3":"status-publish","4":"format-standard","5":"has-post-thumbnail","7":"category-tennis","8":"tag-fr","9":"tag-france","10":"tag-sports","11":"tag-tennis"},"share_on_mastodon":{"url":"https:\/\/pubeurope.com\/@fr\/115527466538916284","error":""},"_links":{"self":[{"href":"https:\/\/www.europesays.com\/fr\/wp-json\/wp\/v2\/posts\/525726","targetHints":{"allow":["GET"]}}],"collection":[{"href":"https:\/\/www.europesays.com\/fr\/wp-json\/wp\/v2\/posts"}],"about":[{"href":"https:\/\/www.europesays.com\/fr\/wp-json\/wp\/v2\/types\/post"}],"author":[{"embeddable":true,"href":"https:\/\/www.europesays.com\/fr\/wp-json\/wp\/v2\/users\/2"}],"replies":[{"embeddable":true,"href":"https:\/\/www.europesays.com\/fr\/wp-json\/wp\/v2\/comments?post=525726"}],"version-history":[{"count":0,"href":"https:\/\/www.europesays.com\/fr\/wp-json\/wp\/v2\/posts\/525726\/revisions"}],"wp:featuredmedia":[{"embeddable":true,"href":"https:\/\/www.europesays.com\/fr\/wp-json\/wp\/v2\/media\/525727"}],"wp:attachment":[{"href":"https:\/\/www.europesays.com\/fr\/wp-json\/wp\/v2\/media?parent=525726"}],"wp:term":[{"taxonomy":"category","embeddable":true,"href":"https:\/\/www.europesays.com\/fr\/wp-json\/wp\/v2\/categories?post=525726"},{"taxonomy":"post_tag","embeddable":true,"href":"https:\/\/www.europesays.com\/fr\/wp-json\/wp\/v2\/tags?post=525726"}],"curies":[{"name":"wp","href":"https:\/\/api.w.org\/{rel}","templated":true}]}}