{"id":525728,"date":"2025-11-10T21:16:16","date_gmt":"2025-11-10T21:16:16","guid":{"rendered":"https:\/\/www.europesays.com\/fr\/525728\/"},"modified":"2025-11-10T21:16:16","modified_gmt":"2025-11-10T21:16:16","slug":"une-douzieme-recrue-pour-unibet-rose-rockets-actualite","status":"publish","type":"post","link":"https:\/\/www.europesays.com\/fr\/525728\/","title":{"rendered":"Une douzi\u00e8me recrue pour Unibet Rose Rockets &#8211; Actualit\u00e9"},"content":{"rendered":"<p style=\"text-align: justify;\">La ProTeam Unibet Rose Rockets compte une\u00a0douzi\u00e8me\u00a0recrue pour la saison prochaine. Il s\u2019agit du Norv\u00e9gien Karsten Larsen Feldmann, qui a fait ses quatre ann\u00e9es Espoirs dans la Continentale Coop-Repsol. Il s&rsquo;est engag\u00e9 pour deux saisons.\u00a0<\/p>\n<p>Le coureur de 22 ans a termin\u00e9 cette ann\u00e9e 3e et 6e d\u2019\u00e9tapes \u00e0 l\u2019Arctic Race (2.Pro), 4e du Grand Prix Herning (1.2) et de la kermesse pro de Stekene, 5e du Tour de Fyen (1.2), 6e de la Zwevezele Koers (kermesse pro), 7e du Tour du Loir-et-Cher (2.2), 7e et 9e d\u2019\u00e9tapes au Tour de Norv\u00e8ge (2.Pro) ou encore 10e de la Gooikse Pijl (1.1). Pr\u00e9sent avec la Norv\u00e8ge sur le Tour de l\u2019Avenir, il a fini 8e et deux fois 9e d\u2019\u00e9tapes.<\/p>\n<p>Karsten Larsen Feldmann retrouvera chez Unibet Rose Rockets Eivind Broholt Fougner, qui arrive \u00e9galement du\u00a0Team Coop-Repsol.<\/p>\n<p>Retrouvez tous les transferts de l\u2019intersaison 2025-2026<strong>\u00a0<a href=\"https:\/\/www.directvelo.com\/mutations\/2026#teams-pro\" target=\"_blank\" rel=\"noopener\">en cliquant ici<\/a><\/strong>.<\/p>\n","protected":false},"excerpt":{"rendered":"La ProTeam Unibet Rose Rockets compte une\u00a0douzi\u00e8me\u00a0recrue pour la saison prochaine. Il s\u2019agit du Norv\u00e9gien Karsten Larsen Feldmann,&hellip;\n","protected":false},"author":2,"featured_media":525729,"comment_status":"","ping_status":"","sticky":false,"template":"","format":"standard","meta":{"footnotes":""},"categories":[1411],"tags":[834,828,836,829,837,827,83,826,824,823,1154,207,814,817,815,816,822,821,832,211,839,1011,27,820,818,819,835,831,830,833,838,60,212,208,825],"class_list":{"0":"post-525728","1":"post","2":"type-post","3":"status-publish","4":"format-standard","5":"has-post-thumbnail","7":"category-cyclisme","8":"tag-attaque","9":"tag-belgique","10":"tag-braquet","11":"tag-bretagne","12":"tag-chute","13":"tag-competition","14":"tag-coupe-de-france","15":"tag-coureur","16":"tag-course-cyclisme","17":"tag-course-cycliste","18":"tag-cycling","19":"tag-cyclisme","20":"tag-direct","21":"tag-direct-velo","22":"tag-directvelo","23":"tag-directvelo-com","24":"tag-epreuve","25":"tag-epreuve-cycliste","26":"tag-federation-francaise-de-cyclisme","27":"tag-ffc","28":"tag-flandres","29":"tag-fr","30":"tag-france","31":"tag-live","32":"tag-live-course","33":"tag-live-epreuve","34":"tag-peloton","35":"tag-radio-peloton","36":"tag-radio-tour","37":"tag-ravitaillement","38":"tag-relance","39":"tag-sports","40":"tag-uci","41":"tag-velo","42":"tag-velos"},"share_on_mastodon":{"url":"https:\/\/pubeurope.com\/@fr\/115527482499001115","error":""},"_links":{"self":[{"href":"https:\/\/www.europesays.com\/fr\/wp-json\/wp\/v2\/posts\/525728","targetHints":{"allow":["GET"]}}],"collection":[{"href":"https:\/\/www.europesays.com\/fr\/wp-json\/wp\/v2\/posts"}],"about":[{"href":"https:\/\/www.europesays.com\/fr\/wp-json\/wp\/v2\/types\/post"}],"author":[{"embeddable":true,"href":"https:\/\/www.europesays.com\/fr\/wp-json\/wp\/v2\/users\/2"}],"replies":[{"embeddable":true,"href":"https:\/\/www.europesays.com\/fr\/wp-json\/wp\/v2\/comments?post=525728"}],"version-history":[{"count":0,"href":"https:\/\/www.europesays.com\/fr\/wp-json\/wp\/v2\/posts\/525728\/revisions"}],"wp:featuredmedia":[{"embeddable":true,"href":"https:\/\/www.europesays.com\/fr\/wp-json\/wp\/v2\/media\/525729"}],"wp:attachment":[{"href":"https:\/\/www.europesays.com\/fr\/wp-json\/wp\/v2\/media?parent=525728"}],"wp:term":[{"taxonomy":"category","embeddable":true,"href":"https:\/\/www.europesays.com\/fr\/wp-json\/wp\/v2\/categories?post=525728"},{"taxonomy":"post_tag","embeddable":true,"href":"https:\/\/www.europesays.com\/fr\/wp-json\/wp\/v2\/tags?post=525728"}],"curies":[{"name":"wp","href":"https:\/\/api.w.org\/{rel}","templated":true}]}}