{"id":525736,"date":"2025-11-10T21:21:21","date_gmt":"2025-11-10T21:21:21","guid":{"rendered":"https:\/\/www.europesays.com\/fr\/525736\/"},"modified":"2025-11-10T21:21:21","modified_gmt":"2025-11-10T21:21:21","slug":"la-date-de-sortie-de-la-fin-de-la-serie-enfin-devoilee","status":"publish","type":"post","link":"https:\/\/www.europesays.com\/fr\/525736\/","title":{"rendered":"La date de sortie de la fin de la s\u00e9rie enfin d\u00e9voil\u00e9e !"},"content":{"rendered":"<p>Voil\u00e0 une date que les fans attendaient depuis tr\u00e8s longtemps et qu\u2019ils vont d\u00e9sormais pouvoir entourer d\u2019un cercle rouge dans leur calendrier ! La cha\u00eene am\u00e9ricaine Starz, qui diffuse la fiction aux Etats-Unis, vient de d\u00e9voiler la date de sortie de<a href=\"https:\/\/www.programme-tv.net\/news\/series-tv\/348817-outlander-saison-8-netflix-casting-intrigues-toutes-les-infos-sur-la-nouvelle-saison\/\" data-api-deeplink=\"teleloisirs:\/\/news\/348817\" target=\"_blank\" rel=\"noopener\"> la saison 8 d\u2019Outlander<\/a>. Les ultimes \u00e9pisodes de la s\u00e9rie seront donc diffus\u00e9s \u00e0 partir du vendredi 6 mars 2026, puis ils devraient \u00eatre programm\u00e9s 24 heures apr\u00e8s en France sur Netflix, soit le samedi 7 mars. Comme d\u2019habitude, les \u00e9pisodes d\u2019Outlander seront programm\u00e9s \u00e0 un rythme hebdomadaire et il faudra donc s\u2019en d\u00e9lecter puisqu\u2019il s\u2019agira de l\u2019ultime saison de la s\u00e9rie adapt\u00e9e des <a href=\"https:\/\/www.programme-tv.net\/news\/series-tv\/389735-outlander-ce-qui-nous-attend-dans-la-saison-2-de-blood-of-my-blood-selon-les-romans-de-diana-gabaldon\/\" data-api-deeplink=\"teleloisirs:\/\/news\/389735\" target=\"_blank\" rel=\"noopener\">romans de Diana Gabaldon<\/a>.<\/p>\n<p>La date de la saison 8 d\u2019Outlander d\u00e9voil\u00e9e apr\u00e8s avoir fuit\u00e9<\/p>\n<p>Ce week-end, la date de diffusion de la saison 8 d\u2019Outlander avait fuit\u00e9 dans plusieurs m\u00e9dias am\u00e9ricains, mais les articles sur le sujet avaient ensuite \u00e9t\u00e9 d\u00e9publi\u00e9s. La cha\u00eene am\u00e9ricaine Starz vient donc d\u2019officialiser la nouvelle, avec l&rsquo;affiche officielle de la s\u00e9rie. \u00ab\u00a0Chaque moment menait \u00e0 cela. La derni\u00e8re saison d&rsquo;Outlander d\u00e9marre le 6 mars. Revivez la passion, le drame et l&rsquo;aventure\u00a0\u00bb, est-il \u00e9crit en l\u00e9gende de la publication Instagram de la cha\u00eene.<\/p>\n<p>Apr\u00e8s avoir d\u00e9couvert <a href=\"https:\/\/www.programme-tv.net\/news\/series-tv\/389470-outlander-cette-grosse-incoherence-qui-derange-les-fans-dans-le-spin-off-blood-of-my-blood\/\" data-api-deeplink=\"teleloisirs:\/\/news\/389470\" target=\"_blank\" rel=\"noopener\">la saison 1 d\u2019Outlander : Blood of my Blood<\/a>, le spin-off prequel sur l\u2019histoire des parents de Jamie et ceux de Claire, les fans pourront donc d\u00e9sormais voir la saison 8 finale d\u2019Outlander. Avec cette grande question : comment l\u2019histoire de Jamie et Claire Fraser va-t-elle se terminer ? Les sc\u00e9naristes leur ont-ils r\u00e9serv\u00e9 une fin heureuse ou tragique, certains fans estimant que <a href=\"https:\/\/www.programme-tv.net\/news\/series-tv\/384150-outlander-saison-8-jamie-va-t-il-mourir-les-fans-se-dechirent-apres-la-nouvelle-bande-annonce\/\" data-api-deeplink=\"teleloisirs:\/\/news\/384150\" target=\"_blank\" rel=\"noopener\">le h\u00e9ros incarn\u00e9 par Sam Heughan est appel\u00e9 \u00e0 mourir dans ces ultimes \u00e9pisodes <\/a>?<\/p>\n<p>\u00ab\u00a0Nous avons enfin une date de sortie !\u00a0\u00bb : Caitriona Balfe se r\u00e9jouie de la sortie de la saison 8 d&rsquo;Outlander <\/p>\n<p>\u00ab\u00a0Apr\u00e8s une longue attente, nous avons enfin une date de sortie\u2026 le 6 mars ! C&rsquo;est encore dur de croire que cet incroyable voyage a pris fin mais je suis tellement fi\u00e8re d&rsquo;avoir fait partie de quelque chose d&rsquo;aussi sp\u00e9cial, a comment\u00e9 Caitriona Balfe sur Instagram. Un merci tr\u00e8s sp\u00e9cial \u00e0 nos fans, dont la passion sans fin et l&rsquo;implication ont permis \u00e0 la s\u00e9rie de continuer ann\u00e9e apr\u00e8s ann\u00e9e et aussi merci d&rsquo;avoir \u00e9t\u00e9 si patients, nous vous sommes si reconnaissants ! J&rsquo;ai tellement h\u00e2te que vous d\u00e9couvriez tous la saison 8. Beaucoup d&rsquo;amour. Caitriona.\u00a0\u00bb <\/p>\n<p>            L\u2019\u00e9quipe d\u2019Outlander a \u00ab\u00a0essay\u00e9 d&rsquo;imaginer une fin satisfaisante\u00a0\u00bb sans avoir le dernier roman de Diana Gabaldon<\/p>\n<p>Il faudra donc attendre le mois de\u2026 2026 pour le savoir. Les showrunners et producteurs d\u2019Outlander ont d\u00fb imaginer cette huiti\u00e8me et derni\u00e8re saison sans pouvoir s\u2019appuyer sur l\u2019ultime tome de la saga de Diana Gabaldon, qui n\u2019est pas encore paru. \u00ab\u00a0Diana sait ce que nous allons faire. Nous essayons d&rsquo;\u00eatre respectueux, car c&rsquo;est dur de finir la s\u00e9rie sans avoir le livre. Nous ne savons pas o\u00f9 elle veut emmener les personnages, nous avons donc d\u00fb trouver un moyen de conclure l&rsquo;histoire qui soit satisfaisant pour les fans, mais qui ne marche pas sur ses pieds, a confi\u00e9 en exclusivit\u00e9 \u00e0 T\u00e9l\u00e9-Loisirs la productrice ex\u00e9cutive Maril Davis lors d\u2019une visite de tournage en juillet 2024. C&rsquo;est tr\u00e8s stressant, vous voulez faire plaisir \u00e0 tout le monde, or, c&rsquo;est impossible. Donc, nous avons essay\u00e9 d&rsquo;imaginer une fin satisfaisante, l\u00e0 o\u00f9 personne ne peut \u00eatre satisfait, car tout le monde voudrait que la s\u00e9rie continue.\u00a0\u00bb<\/p>\n<p>                        Outlander : les grandes th\u00e9ories et questions des fans pour la saison 8<\/p>\n<p><a href=\"https:\/\/www.programme-tv.net\/news\/series-tv\/387933-outlander-saison-8-qui-est-le-mysterieux-inconnu-a-la-fin-de-cette-bande-annonce-qui-nous-donne-des-frissons-les-fans-ont-deja-des-theories\/\" data-api-deeplink=\"teleloisirs:\/\/news\/387933\" target=\"_blank\" rel=\"noopener\">Les fans d\u2019Outlander ont d\u00e9j\u00e0 de nombreuses th\u00e9ories \u00e0 propos de la saison 8<\/a> et de la fin de s\u00e9rie, et encore plus apr\u00e8s avoir vu la saison 1 du prequel Outlander : Blood of my Blood. Des th\u00e9ories qui concernent notamment<a href=\"https:\/\/www.programme-tv.net\/news\/series-tv\/388583-outlander-cette-nouvelle-theorie-tres-plausible-des-fans-pour-expliquer-le-mystere-sur-jane-fanny-et-faith\/\" data-api-deeplink=\"teleloisirs:\/\/news\/388583\" target=\"_blank\" rel=\"noopener\"> le cliffhanger de la saison 7 \u00e0 propos de Faith et de la jeune Fanny Pocock,<\/a> l\u2019une des grandes questions \u00e0 laquelle cette saison 8 devra r\u00e9pondre. Mais aussi la th\u00e9orie la plus c\u00e9l\u00e8bre autour de la s\u00e9rie, celle \u00e0 propos du <a href=\"https:\/\/www.programme-tv.net\/news\/series-tv\/273851-outlanter-frank-apercoit-il-le-fantome-de-jamie-dans-le-tout-premier-episode-la-grande-theorie-sur-la-serie-de-netflix-video\/\" data-api-deeplink=\"teleloisirs:\/\/news\/273851\" target=\"_blank\" rel=\"noopener\">fant\u00f4me de Jamie aper\u00e7u dans le tout premier \u00e9pisode<\/a>.<\/p>\n<blockquote class=\"instagram-media\" data-instgrm-captioned=\"\" data-instgrm-permalink=\"https:\/\/www.instagram.com\/p\/DQ4mb2WD0MS\/?utm_source=ig_embed&amp;utm_campaign=loading\" data-instgrm-version=\"14\" style=\" background:#FFF; border:0; border-radius:3px; box-shadow:0 0 1px 0 rgba(0,0,0,0.5),0 1px 10px 0 rgba(0,0,0,0.15); margin: 1px; max-width:658px; min-width:326px; padding:0; width:99.375%; width:-webkit-calc(100% - 2px); width:calc(100% - 2px);\"\/>\n<blockquote class=\"instagram-media\" data-instgrm-captioned=\"\" data-instgrm-permalink=\"https:\/\/www.instagram.com\/p\/DQ4todMjPmV\/?utm_source=ig_embed&amp;utm_campaign=loading\" data-instgrm-version=\"14\" style=\" background:#FFF; border:0; border-radius:3px; box-shadow:0 0 1px 0 rgba(0,0,0,0.5),0 1px 10px 0 rgba(0,0,0,0.15); margin: 1px; max-width:658px; min-width:326px; padding:0; width:99.375%; width:-webkit-calc(100% - 2px); width:calc(100% - 2px);\"\/>\n<p>    <script async src=\"\/\/www.instagram.com\/embed.js\"><\/script><\/p>\n","protected":false},"excerpt":{"rendered":"Voil\u00e0 une date que les fans attendaient depuis tr\u00e8s longtemps et qu\u2019ils vont d\u00e9sormais pouvoir entourer d\u2019un cercle&hellip;\n","protected":false},"author":2,"featured_media":525737,"comment_status":"","ping_status":"","sticky":false,"template":"","format":"standard","meta":{"footnotes":""},"categories":[1356],"tags":[4274,244,58,59,1011,27,127,4276,1722,4275,129,252,1364],"class_list":{"0":"post-525736","1":"post","2":"type-post","3":"status-publish","4":"format-standard","5":"has-post-thumbnail","7":"category-television","8":"tag-caitriona-balfe","9":"tag-commentaire","10":"tag-divertissement","11":"tag-entertainment","12":"tag-fr","13":"tag-france","14":"tag-netflix","15":"tag-outlander","16":"tag-pub-streaming-netflix","17":"tag-sam-heughan","18":"tag-svod","19":"tag-television","20":"tag-tv"},"share_on_mastodon":{"url":"https:\/\/pubeurope.com\/@fr\/115527502207674324","error":""},"_links":{"self":[{"href":"https:\/\/www.europesays.com\/fr\/wp-json\/wp\/v2\/posts\/525736","targetHints":{"allow":["GET"]}}],"collection":[{"href":"https:\/\/www.europesays.com\/fr\/wp-json\/wp\/v2\/posts"}],"about":[{"href":"https:\/\/www.europesays.com\/fr\/wp-json\/wp\/v2\/types\/post"}],"author":[{"embeddable":true,"href":"https:\/\/www.europesays.com\/fr\/wp-json\/wp\/v2\/users\/2"}],"replies":[{"embeddable":true,"href":"https:\/\/www.europesays.com\/fr\/wp-json\/wp\/v2\/comments?post=525736"}],"version-history":[{"count":0,"href":"https:\/\/www.europesays.com\/fr\/wp-json\/wp\/v2\/posts\/525736\/revisions"}],"wp:featuredmedia":[{"embeddable":true,"href":"https:\/\/www.europesays.com\/fr\/wp-json\/wp\/v2\/media\/525737"}],"wp:attachment":[{"href":"https:\/\/www.europesays.com\/fr\/wp-json\/wp\/v2\/media?parent=525736"}],"wp:term":[{"taxonomy":"category","embeddable":true,"href":"https:\/\/www.europesays.com\/fr\/wp-json\/wp\/v2\/categories?post=525736"},{"taxonomy":"post_tag","embeddable":true,"href":"https:\/\/www.europesays.com\/fr\/wp-json\/wp\/v2\/tags?post=525736"}],"curies":[{"name":"wp","href":"https:\/\/api.w.org\/{rel}","templated":true}]}}