{"id":525740,"date":"2025-11-10T21:23:24","date_gmt":"2025-11-10T21:23:24","guid":{"rendered":"https:\/\/www.europesays.com\/fr\/525740\/"},"modified":"2025-11-10T21:23:24","modified_gmt":"2025-11-10T21:23:24","slug":"3-references-a-alien-et-predator-que-vous-navez-pas-vues-selon-le-realisateur","status":"publish","type":"post","link":"https:\/\/www.europesays.com\/fr\/525740\/","title":{"rendered":"3 r\u00e9f\u00e9rences \u00e0 Alien et Predator que vous n&rsquo;avez pas vues, selon le r\u00e9alisateur"},"content":{"rendered":"<p><strong><a href=\"https:\/\/www.ecranlarge.com\/films\/predator-badlands\" data-type=\"films\" data-id=\"1239100\" rel=\"nofollow noopener\" target=\"_blank\">Predator : Badlands<\/a> est sorti en salles ce 5 novembre. Ni suite, ni prequel, le film diss\u00e9mine tout de m\u00eame quelques r\u00e9f\u00e9rences discr\u00e8tes \u00e0 ses a\u00een\u00e9s. <\/strong><\/p>\n<p>Les avez-vous vus ? La nouvelle sortie d\u2019une grosse franchise est d\u00e9sormais, on conna\u00eet la chanson, <strong>l\u2019occasion de trouver les easter eggs diss\u00e9min\u00e9s ici ou l\u00e0<\/strong>. La pratique a plus d\u2019un avantage : elle rend le spectateur actif durant la s\u00e9ance, ajoutant le plaisir de la recherche \u00e0 celui du film ; flatte l\u2019\u00e9go des fans qui trouvent ; et \u00e9ventuellement ajoute une couche de lore au long-m\u00e9trage, le repla\u00e7ant dans le contexte plus large de la saga dans laquelle il s\u2019inscrit. <strong>Predator Badlands<\/strong> de Dan Trachtenberg n\u2019a pas fait exception \u00e0 la r\u00e8gle. <\/p>\n<p>                    <img decoding=\"async\" alt=\"\" class=\"wp-image-518375\" style=\"object-fit:cover;width:25px;height:25px\" src=\"https:\/\/www.ecranlarge.com\/content\/uploads\/2023\/09\/arrow-right-circle.svg\"\/><\/p>\n<p>Si on vous parlait r\u00e9cemment d\u2019<a href=\"https:\/\/www.ecranlarge.com\/films\/news\/predator-badlands-clin-doeil-stranger-things-duffer\" data-type=\"link\" data-id=\"https:\/\/www.ecranlarge.com\/films\/news\/predator-badlands-clin-doeil-stranger-things-duffer\" rel=\"nofollow noopener\" target=\"_blank\">un clin d\u2019\u0153il \u00e0 <strong>Stranger Things<\/strong> dans <strong>Predator Badlands<\/strong><\/a>, la majorit\u00e9 des r\u00e9f\u00e9rences \u00e0 d\u00e9nicher \u00e9tait bien s\u00fbr li\u00e9es aux IPs s\u0153urs des 20th Century Studios, <strong>Alien <\/strong>et <strong>Predator<\/strong>. Par exemple : l\u2019omnipr\u00e9sence de la Weyland-Yutani Corporation (entreprise organisatrice des \u00e9quip\u00e9es spatiales des films <strong>Alien<\/strong>) \u2013 par l\u2019interm\u00e9diaire de son logo sur la base, les vaisseaux et m\u00eame le robot jou\u00e9 par Elle Fanning ; ou encore l\u2019IA centrale MU\/TH\/UR 6000 (appel\u00e9e m\u00e8re) elle aussi d\u00e9j\u00e0 pr\u00e9sente sur le Nostromo. <strong>Mais d\u2019autres r\u00e9f\u00e9rences, trois, notamment, \u00e9taient nettement plus ardues \u00e0 d\u00e9busquer. <\/strong><\/p>\n<p><a href=\"https:\/\/www.ecranlarge.com\/content\/uploads\/2025\/11\/g3ilobqla8w3brdud9c489nffre.jpg\" rel=\"nofollow noopener\" target=\"_blank\"><\/p>\n<p><img loading=\"lazy\" decoding=\"async\" alt=\"predator badlands\" src=\"https:\/\/www.europesays.com\/fr\/wp-content\/uploads\/2025\/11\/g3ilobqla8w3brdud9c489nffre-1260x709.jpg\" width=\"1260\" height=\"709\"  \/><\/p>\n<p><\/a>\u00ab Cette vid\u00e9o est sponsoris\u00e9e par notre partenaire, Weyland-Yutani ! \u00bb DANS L\u2019ESPACE, PERSONNE NE T\u2019ENTENDRA TROUVER<\/p>\n<p>La premi\u00e8re n\u2019\u00e9tait pas pr\u00e9m\u00e9dit\u00e9e, selon Dan Trachtenberg. <strong>Il s\u2019agit d\u2019un com\u00e9dien et cascadeur, Cameron Brown<\/strong>, qui a incarn\u00e9 \u00e0 la fois le drone Synths\u00a0dans <strong>Predator Badlands<\/strong> et un x\u00e9nomorphe dans la s\u00e9rie <strong>Alien: Earth<\/strong>. Un lien involontaire mais un lien tout de m\u00eame, qui a fait rire le r\u00e9alisateur, comme il le confiait \u00e0 Entertainment Weekly : <\/p>\n<blockquote class=\"wp-block-quote is-layout-flow wp-block-quote-is-layout-flow\">\n<p><strong>\u00ab On ne savait pas que Cam (Cameron Brown, ndlr) venait d\u2019Alien: Earth. Et j\u2019imagine sa premi\u00e8re journ\u00e9e [\u2026] : il arrive, regarde son costume et voit l\u2019inscription Weyland-Yutani. Il a d\u00fb se dire : \u00ab\u00a0Mais qu\u2019est-ce qui se passe, encore ?\u00a0\u00bb \u00bb<\/strong><\/p>\n<\/blockquote>\n<p>Le deuxi\u00e8me easter egg est pour le coup bien plus calcul\u00e9, puisqu\u2019il fait r\u00e9f\u00e9rence \u00e0 une pr\u00e9c\u00e9dente \u0153uvre du cin\u00e9aste, <strong>Prey<\/strong>. Trachtenberg a pr\u00e9f\u00e8r\u00e9 ne pas tout d\u00e9voiler pour ceux qui n\u2019auraient pas \u00e9t\u00e9 suffisamment attentifs : <\/p>\n<blockquote class=\"wp-block-quote is-layout-flow wp-block-quote-is-layout-flow\">\n<p><strong>\u00ab Je dirai juste qu\u2019on aper\u00e7oit Naru de Prey quelque part dans le film. \u00bb<\/strong><\/p>\n<\/blockquote>\n<p><a href=\"https:\/\/www.ecranlarge.com\/content\/uploads\/2025\/10\/pb-tp3-still_031.jpg\" rel=\"nofollow noopener\" target=\"_blank\"><\/p>\n<p><img loading=\"lazy\" decoding=\"async\" alt=\"Predator : Badlands\" src=\"https:\/\/www.europesays.com\/fr\/wp-content\/uploads\/2025\/10\/pb-tp3-still_031-1260x528.jpg\" width=\"1260\" height=\"528\"  \/><\/p>\n<p><\/a>\u00ab Faites arr\u00eat sur image. Zoomez en B6. Zoomez encore. Attendez\u2026 Hum, non, c\u2019est juste un gros pixel. \u00bb<\/p>\n<p>Enfin, les fans du deuxi\u00e8me <strong>Predator <\/strong>de Trachtenberg, <strong>Killer of Killers<\/strong>, se souviennent sans doute du <strong>Back Biter, le monstre qui appara\u00eet \u00e0 la fin du film d\u2019animation<\/strong>. L\u00e0 encore, le r\u00e9alisateur a teas\u00e9 sa pr\u00e9sence, quelque part dans le nouveau long-m\u00e9trage. \u00c0 noter que son design est peut-\u00eatre un peu diff\u00e9rent en passant du dessin anim\u00e9 \u00e0 la prise de vue r\u00e9elle (certes, les monstres sont en CGI). <\/p>\n<p>Nous voil\u00e0 pr\u00e9venus. Le travail \u00e9tant d\u00e9sormais pr\u00e9m\u00e2ch\u00e9, ceux qui n\u2019ont pas encore vu le long-m\u00e9trage en salle, ou souhaitent le revoir, peuvent y aller arm\u00e9s de ces connaissances pour rep\u00e9rer, dans leur meilleure imitation du meme Pointing Leonardo DiCaprio, les easter eggs susmentionn\u00e9s. Encore plus fort : peut-\u00eatre certains en d\u00e9busqueront-ils d\u2019autres ? \u2013 le cin\u00e9aste a assur\u00e9 que cette liste de trois \u00e9tait loin d\u2019\u00eatre exhaustive. <strong>Predator : Badlands est au cin\u00e9ma depuis le 5 novembre 2025.  <\/strong><\/p>\n","protected":false},"excerpt":{"rendered":"Predator : Badlands est sorti en salles ce 5 novembre. Ni suite, ni prequel, le film diss\u00e9mine tout&hellip;\n","protected":false},"author":2,"featured_media":525741,"comment_status":"","ping_status":"","sticky":false,"template":"","format":"standard","meta":{"footnotes":""},"categories":[1354],"tags":[58,59,1346,1011,27,1360],"class_list":{"0":"post-525740","1":"post","2":"type-post","3":"status-publish","4":"format-standard","5":"has-post-thumbnail","7":"category-films","8":"tag-divertissement","9":"tag-entertainment","10":"tag-films","11":"tag-fr","12":"tag-france","13":"tag-movies"},"share_on_mastodon":{"url":"https:\/\/pubeurope.com\/@fr\/115527510161396162","error":""},"_links":{"self":[{"href":"https:\/\/www.europesays.com\/fr\/wp-json\/wp\/v2\/posts\/525740","targetHints":{"allow":["GET"]}}],"collection":[{"href":"https:\/\/www.europesays.com\/fr\/wp-json\/wp\/v2\/posts"}],"about":[{"href":"https:\/\/www.europesays.com\/fr\/wp-json\/wp\/v2\/types\/post"}],"author":[{"embeddable":true,"href":"https:\/\/www.europesays.com\/fr\/wp-json\/wp\/v2\/users\/2"}],"replies":[{"embeddable":true,"href":"https:\/\/www.europesays.com\/fr\/wp-json\/wp\/v2\/comments?post=525740"}],"version-history":[{"count":0,"href":"https:\/\/www.europesays.com\/fr\/wp-json\/wp\/v2\/posts\/525740\/revisions"}],"wp:featuredmedia":[{"embeddable":true,"href":"https:\/\/www.europesays.com\/fr\/wp-json\/wp\/v2\/media\/525741"}],"wp:attachment":[{"href":"https:\/\/www.europesays.com\/fr\/wp-json\/wp\/v2\/media?parent=525740"}],"wp:term":[{"taxonomy":"category","embeddable":true,"href":"https:\/\/www.europesays.com\/fr\/wp-json\/wp\/v2\/categories?post=525740"},{"taxonomy":"post_tag","embeddable":true,"href":"https:\/\/www.europesays.com\/fr\/wp-json\/wp\/v2\/tags?post=525740"}],"curies":[{"name":"wp","href":"https:\/\/api.w.org\/{rel}","templated":true}]}}