{"id":525744,"date":"2025-11-10T21:26:18","date_gmt":"2025-11-10T21:26:18","guid":{"rendered":"https:\/\/www.europesays.com\/fr\/525744\/"},"modified":"2025-11-10T21:26:18","modified_gmt":"2025-11-10T21:26:18","slug":"vincent-niclo-meconnaissable-le-chanteur-epingle-par-ses-fans-son-apparence-choque-photos","status":"publish","type":"post","link":"https:\/\/www.europesays.com\/fr\/525744\/","title":{"rendered":"Vincent Niclo m\u00e9connaissable : le chanteur \u00e9pingl\u00e9 par ses fans, son apparence choque (Photos)"},"content":{"rendered":"<p>Le prestigieux gala de la Global Gift Foundation, organis\u00e9<br \/>\nsamedi 8 novembre 2025 au Four Seasons George V \u00e0 Paris, a r\u00e9uni<br \/>\nune pluie de c\u00e9l\u00e9brit\u00e9s autour d\u2019<a href=\"https:\/\/www.closermag.fr\/people\/eva-longoria-decollete-xxl-et-changement-capillaire-retro-la-star-meconnaissable-au-global-gift-gala-a-paris-3592571\" target=\"_blank\" rel=\"noopener\">Eva<br \/>\nLongoria, sublime dans une tenue sensuelle.<\/a> L\u2019actrice<br \/>\nam\u00e9ricaine, ambassadrice d\u2019honneur de l\u2019organisation fond\u00e9e par<br \/>\nMar\u00eda Bravo, a accueilli artistes, chanteurs et personnalit\u00e9s venus<br \/>\nsoutenir la cause des enfants et des familles en difficult\u00e9. Parmi<br \/>\neux, <strong>Vincent Niclo a fait une apparition remarqu\u00e9e et tr\u00e8s<br \/>\ncomment\u00e9e.<\/strong><\/p>\n<p>L\u2019interpr\u00e8te d&rsquo;Ameno est apparu sur le tapis bleu v\u00eatu<br \/>\nd\u2019un \u00e9l\u00e9gant costume noir, cravate nou\u00e9e autour du cou, mais sans<br \/>\nchemise. Un choix audacieux qui d\u00e9voilait son torse et contrastait<br \/>\navec la sobri\u00e9t\u00e9 de la soir\u00e9e caritative. Cependant, ce n\u2019est pas<br \/>\ntant sa tenue que son apparence physique qui a d\u00e9clench\u00e9 une<br \/>\navalanche de r\u00e9actions sur les r\u00e9seaux sociaux.<\/p>\n<p>Vincent Niclo m\u00e9connaissable : les internautes se posent des<br \/>\nquestions<\/p>\n<p>Sur les clich\u00e9s pris lors de l\u2019\u00e9v\u00e9nement, le chanteur de 50 ans<br \/>\nsemblait <strong>transform\u00e9,<\/strong> affichant <a href=\"https:\/\/www.telestar.fr\/people\/vincent-niclo-je-ne-lai-pas-reconnu-son-nouveau-visage-stupefie-ses-fans-1744876\" target=\"_blank\" rel=\"noopener\"><br \/>\nun visage lisse et fig\u00e9<\/a>, \u00e0 mille lieues de son look habituel.<br \/>\nRapidement, les internautes se sont enflamm\u00e9s. Sous les<br \/>\npublications relay\u00e9es par les m\u00e9dias et les fans, les commentaires<br \/>\nse sont multipli\u00e9s : <strong>\u201cJe ne l\u2019ai pas reconnu\u201d,<\/strong><br \/>\n\u201cIl a perdu tout son charme naturel\u201d, ou encore \u201cArr\u00eate le<br \/>\nbotox\u201d ont \u00e9crit certains.<\/p>\n<blockquote class=\"instagram-media\" style=\"background: #ffffff;border: 0;margin: 1px;width: 100%;padding: 0;max-width: 500px;\" data-instgrm-permalink=\"https:\/\/www.instagram.com\/p\/DQ2cwynDRfE\/?img_index=1\" data-instgrm-version=\"14\"\/>\n<p>D\u2019autres, plus bienveillants, ont tent\u00e9 de calmer les critiques<br \/>\n: <strong>\u201cComment na\u00eet le harc\u00e8lement dans les \u00e9coles ? Il<br \/>\nsuffit de lire les commentaires\u201d,<\/strong> a soulign\u00e9 un<br \/>\ninternaute en r\u00e9action \u00e0 la virulence des remarques. Cette vague de<br \/>\nmessages t\u00e9moigne d\u2019un d\u00e9bat r\u00e9current autour de l\u2019apparence des<br \/>\nc\u00e9l\u00e9brit\u00e9s, souvent scrut\u00e9es et jug\u00e9es au moindre changement.<\/p>\n<p>Une sortie qui n&rsquo;est pas pass\u00e9e<br \/>\ninaper\u00e7ue<\/p>\n<p>Le visage du chanteur, autrefois per\u00e7u comme l\u2019un des plus<br \/>\ns\u00e9duisants de la sc\u00e8ne lyrique fran\u00e7aise, semble aujourd\u2019hui<br \/>\nd\u00e9router une partie de son public. Malgr\u00e9 la pol\u00e9mique, <a href=\"https:\/\/www.closermag.fr\/people\/vincent-niclo-en-couple-le-chanteur-annonce-avoir-enfin-trouve-l-amour-1463911\" target=\"_blank\" rel=\"noopener\"><br \/>\nl\u2019artiste, en couple<\/a>, vit une p\u00e9riode intense. En 2025,<br \/>\n<strong>il a f\u00eat\u00e9 ses 50 ans<\/strong> et poursuivi sa grande<br \/>\ntourn\u00e9e Bel Canto, un spectacle salu\u00e9 pour sa puissance vocale et<br \/>\nsa mise en sc\u00e8ne soign\u00e9e.<\/p>\n<p>Et l\u2019ann\u00e9e 2026 s\u2019annonce tout aussi charg\u00e9e, avec la reprise de<br \/>\nses concerts d\u00e8s le 7 f\u00e9vrier prochain. Ancien participant de Mask<br \/>\nSinger et Danse avec les stars, Vincent Niclo reste une figure<br \/>\npopulaire du divertissement fran\u00e7ais. Habitu\u00e9 aux critiques, il n\u2019a<br \/>\npas r\u00e9agi publiquement \u00e0 cette nouvelle controverse. Mais une chose<br \/>\nest s\u00fbre : son passage au <strong>gala de la Global Gift Foundation<br \/>\nn\u2019est pas pass\u00e9 inaper\u00e7u.\u00a0<\/strong><\/p>\n<p>Diaporama<br \/>\n<img decoding=\"async\" class=\"diapo_img img-responsive lazy-load\" loading=\"lazy\" src=\"https:\/\/www.europesays.com\/fr\/wp-content\/uploads\/2025\/11\/design-sans-titre-2025-11-10t122245.583.jpg\"\/><\/p>\n<p>\u00a9 Bestimage<\/p>\n<p>1\/5 Vincent Niclo \u00e9tait pr\u00e9sent au\u00a0<\/p>\n<p>Le prestigieux gala de la Global Gift<br \/>\nFoundation, organis\u00e9 samedi 8 novembre 2025 au Four Seasons George<br \/>\nV \u00e0 Paris, a r\u00e9uni une pluie de c\u00e9l\u00e9brit\u00e9s autour d\u2019Eva Longoria.<br \/>\nL\u2019actrice am\u00e9ricaine, ambassadrice d\u2019honneur de l\u2019organisation<br \/>\nfond\u00e9e par Mar\u00eda Bravo, a accueilli artistes, chanteurs et<br \/>\npersonnalit\u00e9s venus soutenir la cause des enfants et des familles<br \/>\nen difficult\u00e9. Parmi eux, Vincent Niclo a fait une apparition<br \/>\nremarqu\u00e9e et tr\u00e8s comment\u00e9e. <\/p>\n<p><img decoding=\"async\" class=\"diapo_img img-responsive lazy-load\" loading=\"lazy\" src=\"https:\/\/www.europesays.com\/fr\/wp-content\/uploads\/2025\/11\/bestimage_00731746_000016-scaled.jpg\"\/><\/p>\n<p>\u00a9 Bestimage<\/p>\n<p>2\/5 Il est apparu dans un costume<br \/>\n\u00e9l\u00e9gant<\/p>\n<p>L\u2019interpr\u00e8te d&rsquo;Ameno est apparu sur le tapis<br \/>\nbleu v\u00eatu d\u2019un \u00e9l\u00e9gant costume noir, cravate nou\u00e9e autour du cou,<br \/>\nmais sans chemise. Un choix audacieux qui d\u00e9voilait son torse et<br \/>\ncontrastait avec la sobri\u00e9t\u00e9 de la soir\u00e9e caritative. Cependant, ce<br \/>\nn\u2019est pas tant sa tenue que son apparence physique qui a d\u00e9clench\u00e9<br \/>\nune avalanche de r\u00e9actions sur les r\u00e9seaux<br \/>\nsociaux.\u00a0<\/p>\n<p><img decoding=\"async\" class=\"diapo_img img-responsive lazy-load\" loading=\"lazy\" src=\"https:\/\/www.europesays.com\/fr\/wp-content\/uploads\/2025\/11\/bestimage_00731746_000017-scaled.jpg\"\/><\/p>\n<p>\u00a9 Bestimage<\/p>\n<p>3\/5 Mais c&rsquo;est surtout son visage qui a<br \/>\ninterpel\u00e9<\/p>\n<p>Sur les clich\u00e9s pris lors de l\u2019\u00e9v\u00e9nement, le<br \/>\nchanteur de 50 ans semblait transform\u00e9, affichant un visage lisse<br \/>\net fig\u00e9, \u00e0 mille lieues de son look habituel.\u00a0<\/p>\n<p><img decoding=\"async\" class=\"diapo_img img-responsive lazy-load\" loading=\"lazy\" src=\"https:\/\/www.europesays.com\/fr\/wp-content\/uploads\/2025\/11\/bestimage_00731747_000043-scaled.jpg\"\/><\/p>\n<p>\u00a9 Bestimage<\/p>\n<p>4\/5 Pour beaucoup, le chanteur a tout<br \/>\nsimplement eu recours au botox<\/p>\n<p>Rapidement, les internautes se sont enflamm\u00e9s.<br \/>\nSous les publications relay\u00e9es par les m\u00e9dias et les fans, les<br \/>\ncommentaires se sont multipli\u00e9s : \u201cJe ne l\u2019ai pas reconnu\u201d, \u201cIl a<br \/>\nperdu tout son charme naturel\u201d, ou encore \u201cArr\u00eate le botox\u201d ont<br \/>\n\u00e9crit certains.\u00a0<\/p>\n<p><img decoding=\"async\" class=\"diapo_img img-responsive lazy-load\" loading=\"lazy\" src=\"https:\/\/www.europesays.com\/fr\/wp-content\/uploads\/2025\/11\/bestimage_00731747_000044-1-scaled.jpg\"\/><\/p>\n<p>\u00a9 Bestimage<\/p>\n<p>5\/5 Sa venue a \u00e9t\u00e9 comment\u00e9e<\/p>\n<p>D\u2019autres, plus bienveillants, ont tent\u00e9 de<br \/>\ncalmer les critiques : \u201cComment na\u00eet le harc\u00e8lement dans les \u00e9coles<br \/>\n? Il suffit de lire les commentaires\u201d, a soulign\u00e9 un internaute en<br \/>\nr\u00e9action \u00e0 la virulence des remarques. Cette vague de messages<br \/>\nt\u00e9moigne d\u2019un d\u00e9bat r\u00e9current autour de l\u2019apparence des c\u00e9l\u00e9brit\u00e9s,<br \/>\nsouvent scrut\u00e9es et jug\u00e9es au moindre changement.<\/p>\n<p><script async src=\"\/\/www.instagram.com\/embed.js\"><\/script><\/p>\n","protected":false},"excerpt":{"rendered":"Le prestigieux gala de la Global Gift Foundation, organis\u00e9 samedi 8 novembre 2025 au Four Seasons George V&hellip;\n","protected":false},"author":2,"featured_media":525745,"comment_status":"","ping_status":"","sticky":false,"template":"","format":"standard","meta":{"footnotes":""},"categories":[8],"tags":[1696,58,59,1011,27,1638],"class_list":{"0":"post-525744","1":"post","2":"type-post","3":"status-publish","4":"format-standard","5":"has-post-thumbnail","7":"category-divertissement","8":"tag-chanteur","9":"tag-divertissement","10":"tag-entertainment","11":"tag-fr","12":"tag-france","13":"tag-has_diapo"},"share_on_mastodon":{"url":"https:\/\/pubeurope.com\/@fr\/115527522770858060","error":""},"_links":{"self":[{"href":"https:\/\/www.europesays.com\/fr\/wp-json\/wp\/v2\/posts\/525744","targetHints":{"allow":["GET"]}}],"collection":[{"href":"https:\/\/www.europesays.com\/fr\/wp-json\/wp\/v2\/posts"}],"about":[{"href":"https:\/\/www.europesays.com\/fr\/wp-json\/wp\/v2\/types\/post"}],"author":[{"embeddable":true,"href":"https:\/\/www.europesays.com\/fr\/wp-json\/wp\/v2\/users\/2"}],"replies":[{"embeddable":true,"href":"https:\/\/www.europesays.com\/fr\/wp-json\/wp\/v2\/comments?post=525744"}],"version-history":[{"count":0,"href":"https:\/\/www.europesays.com\/fr\/wp-json\/wp\/v2\/posts\/525744\/revisions"}],"wp:featuredmedia":[{"embeddable":true,"href":"https:\/\/www.europesays.com\/fr\/wp-json\/wp\/v2\/media\/525745"}],"wp:attachment":[{"href":"https:\/\/www.europesays.com\/fr\/wp-json\/wp\/v2\/media?parent=525744"}],"wp:term":[{"taxonomy":"category","embeddable":true,"href":"https:\/\/www.europesays.com\/fr\/wp-json\/wp\/v2\/categories?post=525744"},{"taxonomy":"post_tag","embeddable":true,"href":"https:\/\/www.europesays.com\/fr\/wp-json\/wp\/v2\/tags?post=525744"}],"curies":[{"name":"wp","href":"https:\/\/api.w.org\/{rel}","templated":true}]}}