{"id":525748,"date":"2025-11-10T21:28:10","date_gmt":"2025-11-10T21:28:10","guid":{"rendered":"https:\/\/www.europesays.com\/fr\/525748\/"},"modified":"2025-11-10T21:28:10","modified_gmt":"2025-11-10T21:28:10","slug":"il-ny-a-pas-de-lindor-pourquoi-les-chocolats-de-noel-lindt-sont-absents-des-rayons-de-leclerc","status":"publish","type":"post","link":"https:\/\/www.europesays.com\/fr\/525748\/","title":{"rendered":"\u00ab\u00a0Il n\u2019y a pas de Lindor\u00a0\u00bb\u00a0: pourquoi les chocolats de No\u00ebl Lindt sont absents des rayons de Leclerc"},"content":{"rendered":"<p class=\"paragraph text_align_left lp-f-body-02\">C\u2019est un rep\u00e8re aussi fiable que les jours qui raccourcissent. Les calendriers de l\u2019Avent Kinder et les pyramides de rochers Ferrero emmaillot\u00e9s de papier dor\u00e9 ont pris bonne place dans les supermarch\u00e9s. Nous sommes en novembre. Au Leclerc de Rosny-sous-Bois (Seine-Saint-Denis), en ce dimanche matin, la client\u00e8le passe encore devant les <a href=\"https:\/\/www.leparisien.fr\/economie\/consommation\/lapins-poules-oeufs-les-prix-des-chocolats-senvolent-pour-paques-a-cause-des-cours-du-cacao-19-04-2025-22W2RXQ4QNHMRNRIEPGQCRAECM.php\" target=\"_self\" rel=\"nofollow noopener\">piles de bo\u00eetes de chocolats<\/a> de No\u00ebl sans trop s\u2019y arr\u00eater. \u00ab Il n\u2019y a pas de Lindor, note une jeune femme. Ce sont les pr\u00e9f\u00e9r\u00e9s de mon mari, mais j\u2019irai les acheter pr\u00e8s de chez moi. \u00bb<\/p>\n<p class=\"paragraph text_align_left lp-f-body-02\">Il devrait \u00eatre difficile, voire impossible, de trouver les bonbons cacaot\u00e9s de la <a href=\"https:\/\/www.leparisien.fr\/economie\/une-publicite-exageree-les-chocolats-lindt-sabordent-leur-argument-qualite-pour-eviter-une-plainte-aux-etats-unis-11-11-2024-EQB72OLR3VBWHBXQXZ3MZBQ6PI.php\" target=\"_self\" rel=\"nofollow noopener\">marque Lindt<\/a>, tout comme leurs classiques bo\u00eetes de Pyr\u00e9n\u00e9ens dans les rayons des supermarch\u00e9s Leclerc. Selon le journal <a href=\"https:\/\/www.sudouest.fr\/pyrenees-atlantiques\/oloron-sainte-marie\/info-sud-ouest-litige-entre-lindt-et-leclerc-les-hypermarches-boycottent-les-chocolats-de-noel-l-usine-d-oloron-impactee-26362524.php\" target=\"_self\" rel=\"nofollow noopener\">Sud Ouest<\/a>, l\u2019enseigne et le fabricant suisse ne sont pas parvenus \u00e0 trouver un accord sur les conditions de vente des chocolats de No\u00ebl Lindt (NDLR : contrairement \u00e0 ce que laissait penser la notification accompagnant cet article, seuls les chocolats de No\u00ebl Lindt sont concern\u00e9s, et non les autres produits de la m\u00eame marque). En cons\u00e9quence, le leader de la grande distribution en France ne propose pas les assortiments de f\u00eate Lindor, Champs-\u00c9lys\u00e9es ou Pyr\u00e9n\u00e9ens, que les adeptes glissent volontiers sous le sapin. Du moins pour l\u2019instant.<\/p>\n<p>Les cours du cacao ont flamb\u00e9 en 2024<\/p>\n<p class=\"paragraph text_align_left lp-f-body-02\">On ne sait pas si les discussions sont d\u00e9finitivement termin\u00e9es entre Leclerc et Lindt. D\u2019un c\u00f4t\u00e9 comme de l\u2019autre, on se refuse \u00e0 tout commentaire, sans confirmer ni infirmer l\u2019absence des produits en rayons. Le journal Sud Ouest cite toutefois le directeur de la seule usine fran\u00e7aise de Lindt, \u00e0 Oloron-Sainte-Marie (Pyr\u00e9n\u00e9es-Atlantiques), qui fabrique pr\u00e9cis\u00e9ment les bo\u00eetes de No\u00ebl de la marque et dont la saison de production a, dit-il, \u00e9t\u00e9 \u00e9court\u00e9e de deux mois. Il \u00e9voque aussi un \u00e9crit de la marque, qui pr\u00e9cise que les n\u00e9gociations \u00ab se sont d\u00e9roul\u00e9es dans un contexte de <a href=\"https:\/\/www.leparisien.fr\/economie\/consommation\/saint-valentin-pourquoi-offrir-du-chocolat-va-vous-couter-plus-cher-cette-annee-13-02-2025-4DKISJJGEVFDBPRFWV4I6GJOVE.php\" target=\"_self\" rel=\"nofollow noopener\">hausse importante des cours mondiaux du cacao<\/a> \u00bb.<\/p>\n<p class=\"paragraph text_align_left lp-f-body-02\">La production de cacao a en effet connu une <a href=\"https:\/\/www.leparisien.fr\/economie\/consommation\/hausse-des-prix-du-chocolat-en-supermarche-cest-devenu-tres-cher-mais-que-voulez-vous-cest-noel-27-11-2024-LEIR73W3FFAXVPNBALILSYMNIA.php\" target=\"_self\" rel=\"nofollow noopener\">flamb\u00e9e in\u00e9dite des prix<\/a>, cons\u00e9quence de conditions climatiques d\u00e9favorables impactant les r\u00e9coltes sur le continent africain. Entre janvier 2023 et janvier 2024, les cours du cacao avaient grimp\u00e9 de 180 %, atteignant un plafond tournant autour de 11 000 euros la tonne. Une d\u00e9crue s\u2019est amorc\u00e9e depuis, sans toutefois retrouver les seuils ant\u00e9rieurs \u00e0 2024. Or, les fabricants indiquent que l\u2019impact sur les prix du chocolat est toujours diff\u00e9r\u00e9 dans le temps, certains producteurs ayant parfois achet\u00e9 leur mati\u00e8re premi\u00e8re \u00e0 un moment o\u00f9 le prix \u00e9tait au plus fort.<\/p>\n<p class=\"paragraph text_align_left lp-f-body-02\">L\u2019enseigne Leclerc a d\u00e9j\u00e0, par le pass\u00e9, fait dispara\u00eetre de ses rayons certains produits, <a href=\"https:\/\/www.leparisien.fr\/economie\/consommation\/karine-le-marchand-et-la-grande-distribution-au-soutien-des-agriculteurs-pourquoi-michel-edouard-leclerc-ny-participe-pas-26-02-2025-FA2OANNPPNHR7JIPH7NTUJIMBI.php\" target=\"_self\" rel=\"nofollow noopener\">faute d\u2019un accord tarifaire<\/a>. En 2023, elle avait ainsi retir\u00e9 de la vente les <a href=\"https:\/\/www.leparisien.fr\/societe\/pourquoi-le-ricard-et-le-pastis-risquent-detre-absents-des-rayons-de-leclerc-cet-ete-14-06-2023-TSL7DDKY7RERVEEC45QGCEGRGM.php\" target=\"_self\" rel=\"nofollow noopener\">boissons du groupe Pernod Ricard<\/a>, \u00e0 la suite d\u2019un diff\u00e9rend commercial.<\/p>\n<p class=\"paragraph text_align_left lp-f-body-02\">D\u2019autres acteurs du secteur ont aussi eu recours parfois au d\u00e9r\u00e9f\u00e9rencement, une arme pour faire pression sur un fournisseur\u2026 quitte \u00e0 voir les clients aller s\u2019approvisionner ailleurs. D\u00e9but 2024, le groupe Carrefour avait engag\u00e9 le <a href=\"https:\/\/www.leparisien.fr\/economie\/sodas-pepsi-et-7-up-the-lipton-chips-lays-carrefour-retire-de-ses-rayons-les-produits-de-pepsico-04-01-2024-J4AWPCNCPRAU5N2RLQELT4YGYA.php\" target=\"_self\" rel=\"nofollow noopener\">bras de fer avec le g\u00e9ant am\u00e9ricain PepsiCo<\/a> en ne proposant plus ses chips et boissons (Lay\u2019s, Pepsi, 7Up\u2026), l\u00e0 encore pour protester contre les prix jug\u00e9s trop \u00e9lev\u00e9s.<\/p>\n","protected":false},"excerpt":{"rendered":"C\u2019est un rep\u00e8re aussi fiable que les jours qui raccourcissent. Les calendriers de l\u2019Avent Kinder et les pyramides&hellip;\n","protected":false},"author":2,"featured_media":525749,"comment_status":"","ping_status":"","sticky":false,"template":"","format":"standard","meta":{"footnotes":""},"categories":[6],"tags":[35,130,459,33,34,1011,27],"class_list":{"0":"post-525748","1":"post","2":"type-post","3":"status-publish","4":"format-standard","5":"has-post-thumbnail","7":"category-economie","8":"tag-business","9":"tag-consommation","10":"tag-departements-horsidfo","11":"tag-economie","12":"tag-economy","13":"tag-fr","14":"tag-france"},"share_on_mastodon":{"url":"https:\/\/pubeurope.com\/@fr\/115527529653894892","error":""},"_links":{"self":[{"href":"https:\/\/www.europesays.com\/fr\/wp-json\/wp\/v2\/posts\/525748","targetHints":{"allow":["GET"]}}],"collection":[{"href":"https:\/\/www.europesays.com\/fr\/wp-json\/wp\/v2\/posts"}],"about":[{"href":"https:\/\/www.europesays.com\/fr\/wp-json\/wp\/v2\/types\/post"}],"author":[{"embeddable":true,"href":"https:\/\/www.europesays.com\/fr\/wp-json\/wp\/v2\/users\/2"}],"replies":[{"embeddable":true,"href":"https:\/\/www.europesays.com\/fr\/wp-json\/wp\/v2\/comments?post=525748"}],"version-history":[{"count":0,"href":"https:\/\/www.europesays.com\/fr\/wp-json\/wp\/v2\/posts\/525748\/revisions"}],"wp:featuredmedia":[{"embeddable":true,"href":"https:\/\/www.europesays.com\/fr\/wp-json\/wp\/v2\/media\/525749"}],"wp:attachment":[{"href":"https:\/\/www.europesays.com\/fr\/wp-json\/wp\/v2\/media?parent=525748"}],"wp:term":[{"taxonomy":"category","embeddable":true,"href":"https:\/\/www.europesays.com\/fr\/wp-json\/wp\/v2\/categories?post=525748"},{"taxonomy":"post_tag","embeddable":true,"href":"https:\/\/www.europesays.com\/fr\/wp-json\/wp\/v2\/tags?post=525748"}],"curies":[{"name":"wp","href":"https:\/\/api.w.org\/{rel}","templated":true}]}}