{"id":52576,"date":"2025-04-25T20:08:14","date_gmt":"2025-04-25T20:08:14","guid":{"rendered":"https:\/\/www.europesays.com\/fr\/52576\/"},"modified":"2025-04-25T20:08:14","modified_gmt":"2025-04-25T20:08:14","slug":"paris-un-homme-poignarde-aux-abords-de-la-gare-du-nord-son-pronostic-vital-engage","status":"publish","type":"post","link":"https:\/\/www.europesays.com\/fr\/52576\/","title":{"rendered":"Paris\u00a0: un homme poignard\u00e9 aux abords de la gare du Nord, son pronostic vital engag\u00e9"},"content":{"rendered":"<p class=\"paragraph text_align_left\">\u00c0 l\u2019heure o\u00f9 les derniers trains de la journ\u00e9e entraient <a href=\"https:\/\/www.leparisien.fr\/paris-75\/gare-du-nord-pourquoi-des-obus-de-la-guerre-sont-encore-decouverts-a-paris-et-dans-sa-banlieue-08-03-2025-NR3DHBUC6BEBTCMHOSVI46ZB5Q.php\" target=\"_self\" rel=\"nofollow noopener\">en gare du Nord<\/a>, ses abords ont bien failli se transformer en une sc\u00e8ne de crime. Peu apr\u00e8s minuit, dans la nuit de jeudi \u00e0 vendredi, un usager de la SNCF a \u00e9t\u00e9 violemment agress\u00e9 au couteau par un homme sur la dalle routi\u00e8re de la plus grande gare d\u2019Europe <a href=\"https:\/\/www.leparisien.fr\/paris-75\/paris-75010\/\" target=\"_self\" rel=\"nofollow noopener\">(Xe)<\/a>. Une information confirm\u00e9e par la pr\u00e9fecture de police de Paris.<\/p>\n<p class=\"paragraph text_align_left\">Situ\u00e9 \u00e0 l\u2019angle de la rue du Faubourg-Saint-Denis, cet homme s\u2019est approch\u00e9 de sa future victime et lui a ass\u00e9n\u00e9 deux coups de couteau \u00ab violemment \u00bb, indique une source polici\u00e8re. Le tout sous les yeux d\u2019un ami de la victime qui a aussit\u00f4t alert\u00e9 les policiers et les agents de la SNCF pr\u00e9sents \u00e0 proximit\u00e9.<\/p>\n<p>L\u2019auteur interpell\u00e9<\/p>\n<p class=\"paragraph text_align_left\">L\u2019ami d\u00e9crit l\u2019agresseur aux effectifs de la sous-direction de la lutte contre l\u2019immigration irr\u00e9guli\u00e8re (SDLII), qui rep\u00e8re l\u2019homme en question. Il sera interpell\u00e9 \u00e0 500 m\u00e8tres de l\u00e0, devant une boulangerie de la rue Philippe-de-Girard, dans le quartier de La Chapelle.<\/p>\n<p class=\"paragraph text_align_left\">De son c\u00f4t\u00e9, la victime a \u00e9t\u00e9 prise en charge par le Samu puis transport\u00e9e \u00e0 l\u2019h\u00f4pital de la Piti\u00e9-Salp\u00eatri\u00e8re avec son pronostic vital engag\u00e9.<\/p>\n","protected":false},"excerpt":{"rendered":"\u00c0 l\u2019heure o\u00f9 les derniers trains de la journ\u00e9e entraient en gare du Nord, ses abords ont bien&hellip;\n","protected":false},"author":2,"featured_media":52577,"comment_status":"","ping_status":"","sticky":false,"template":"","format":"standard","meta":{"footnotes":""},"categories":[1888],"tags":[1111,1928,11,1927,1777,674,1011,27,1944,12,1926,626,1925,25],"class_list":{"0":"post-52576","1":"post","2":"type-post","3":"status-publish","4":"format-standard","5":"has-post-thumbnail","7":"category-paris","8":"tag-actu","9":"tag-actu-paris","10":"tag-actualites","11":"tag-actualites-paris","12":"tag-eu","13":"tag-europe","14":"tag-fr","15":"tag-france","16":"tag-ma-ville","17":"tag-news","18":"tag-news-paris","19":"tag-paris","20":"tag-paris-news","21":"tag-republique-francaise"},"share_on_mastodon":{"url":"https:\/\/pubeurope.com\/@fr\/114400415438562698","error":""},"_links":{"self":[{"href":"https:\/\/www.europesays.com\/fr\/wp-json\/wp\/v2\/posts\/52576","targetHints":{"allow":["GET"]}}],"collection":[{"href":"https:\/\/www.europesays.com\/fr\/wp-json\/wp\/v2\/posts"}],"about":[{"href":"https:\/\/www.europesays.com\/fr\/wp-json\/wp\/v2\/types\/post"}],"author":[{"embeddable":true,"href":"https:\/\/www.europesays.com\/fr\/wp-json\/wp\/v2\/users\/2"}],"replies":[{"embeddable":true,"href":"https:\/\/www.europesays.com\/fr\/wp-json\/wp\/v2\/comments?post=52576"}],"version-history":[{"count":0,"href":"https:\/\/www.europesays.com\/fr\/wp-json\/wp\/v2\/posts\/52576\/revisions"}],"wp:featuredmedia":[{"embeddable":true,"href":"https:\/\/www.europesays.com\/fr\/wp-json\/wp\/v2\/media\/52577"}],"wp:attachment":[{"href":"https:\/\/www.europesays.com\/fr\/wp-json\/wp\/v2\/media?parent=52576"}],"wp:term":[{"taxonomy":"category","embeddable":true,"href":"https:\/\/www.europesays.com\/fr\/wp-json\/wp\/v2\/categories?post=52576"},{"taxonomy":"post_tag","embeddable":true,"href":"https:\/\/www.europesays.com\/fr\/wp-json\/wp\/v2\/tags?post=52576"}],"curies":[{"name":"wp","href":"https:\/\/api.w.org\/{rel}","templated":true}]}}