{"id":525760,"date":"2025-11-10T21:34:33","date_gmt":"2025-11-10T21:34:33","guid":{"rendered":"https:\/\/www.europesays.com\/fr\/525760\/"},"modified":"2025-11-10T21:34:33","modified_gmt":"2025-11-10T21:34:33","slug":"nancy-showcase-amel-bent-drect-fm","status":"publish","type":"post","link":"https:\/\/www.europesays.com\/fr\/525760\/","title":{"rendered":"NANCY > SHOWCASE > AMEL BENT > D!RECT FM"},"content":{"rendered":"<p><strong>Un showcase tr\u00e8s priv\u00e9 avec D!RECT FM<\/strong><\/p>\n<p class=\"has-medium-font-size\">L\u2019\u00e9quipe de D!RECT FM avait d\u00e9j\u00e0 eu le plaisir d\u2019accueillir Amel Bent lors du dernier Muse D!RECT Live. La chanteuse \u00e9tait de retour \u00e0 Nancy, ce vendredi 31 octobre 2025, pour un showcase tr\u00e8s priv\u00e9 organis\u00e9 dans les Grands Salons de l\u2019H\u00f4tel de Ville, au c\u0153ur de la place Stanislas.<\/p>\n<p class=\"has-medium-font-size\">Cette soir\u00e9e unique \u00e9tait r\u00e9serv\u00e9e \u00e0 une centaine d\u2019auditeurs privil\u00e9gi\u00e9s, invit\u00e9s gr\u00e2ce \u00e0 un concours exclusif lanc\u00e9 par la radio. Les gagnants ont eu la chance d\u2019assister \u00e0 ce rendez-vous intimiste.<\/p>\n<p><strong>Thomas Larose en ouverture de soir\u00e9e<\/strong><\/p>\n<p class=\"has-medium-font-size\">Avant l\u2019arriv\u00e9e d\u2019Amel Bent, le public a d\u00e9couvert Thomas Larose, jeune artiste mosellan r\u00e9v\u00e9l\u00e9 par l\u2019\u00e9mission The Voice. Coach\u00e9 par Marina D\u2019Amico, lui aussi a offert deux titres tout en sensibilit\u00e9, installant d\u2019embl\u00e9e une atmosph\u00e8re chaleureuse et attentive dans les Grands Salons.<\/p>\n<p><strong>Amel Bent, \u00e9motion et proximit\u00e9 \u00e0 Nancy<\/strong><\/p>\n<p class=\"has-medium-font-size\">Amel Bent est ensuite apparue dans une ambiance feutr\u00e9e, tr\u00e8s proche de son public. Elle a interpr\u00e9t\u00e9 cinq chansons, dont Ma philosophie, Le droit \u00e0 l\u2019erreur et Pourquoi tu restes, extrait de son dernier album Minuit Une.<\/p>\n<p><a href=\"https:\/\/www.europesays.com\/fr\/wp-content\/uploads\/2025\/11\/2LX_0315.jpg\"><img loading=\"lazy\" decoding=\"async\" width=\"1024\" height=\"601\" src=\"https:\/\/www.europesays.com\/fr\/wp-content\/uploads\/2025\/11\/2LX_0315.jpg\" alt=\"\" class=\"wp-image-1522393\"\/><\/a>NANCY &gt; SHOWCASE &gt; AMEL BENT &gt; D!RECT FM<\/p>\n<p class=\"has-medium-font-size\">Entre sourires, regards \u00e9chang\u00e9s et silences qui en disaient long, la chanteuse a touch\u00e9 la salle en plein c\u0153ur. Pourquoi tu restes a particuli\u00e8rement marqu\u00e9 les esprits, d\u00e9clenchant un vrai moment d\u2019\u00e9motion partag\u00e9e.<\/p>\n<p><strong>Les Grands Salons, un d\u00e9cor \u00e0 la hauteur<\/strong><\/p>\n<p class=\"has-medium-font-size\">La soir\u00e9e s\u2019est d\u00e9roul\u00e9e dans les Grands Salons de l\u2019H\u00f4tel de Ville de Nancy, l\u2019un des b\u00e2timents embl\u00e9matiques de la place Stanislas, construite au XVIIIe si\u00e8cle. Les moulures, les dorures et l\u2019architecture d\u2019\u00e9poque ont offert un \u00e9crin id\u00e9al \u00e0 ce showcase intimiste, o\u00f9 la beaut\u00e9 du lieu r\u00e9pondait \u00e0 la force des chansons.<\/p>\n<p><a href=\"https:\/\/www.europesays.com\/fr\/wp-content\/uploads\/2025\/11\/2LX_0359.jpg\"><img loading=\"lazy\" decoding=\"async\" width=\"1024\" height=\"682\" src=\"https:\/\/www.europesays.com\/fr\/wp-content\/uploads\/2025\/11\/2LX_0359.jpg\" alt=\"\" class=\"wp-image-1522396\"\/><\/a>NANCY &gt; SHOWCASE &gt; AMEL BENT &gt; D!RECT FM<\/p>\n<p><strong>Remerciements \u00e0 D!RECT FM et \u00e0 la Ville de Nancy<\/strong><\/p>\n<p class=\"has-medium-font-size\">Ce rendez-vous musical n\u2019aurait pas \u00e9t\u00e9 possible sans l\u2019implication des \u00e9quipes de D!RECT FM et de la Ville de Nancy. Info-Lux tient tout particuli\u00e8rement \u00e0 remercier St\u00e9phane Leydecker, directeur de la radio, pour la confiance accord\u00e9e et la possibilit\u00e9 de couvrir cet instant privil\u00e9gi\u00e9.<\/p>\n<p class=\"has-medium-font-size\">Journaliste : <a href=\"http:\/\/instagram.com\/hvgoshot\" target=\"_blank\" rel=\"noopener\">Hvgoshot \/ Hugo Reni\u00e9<\/a><br \/>Photographes : \u00a0<a href=\"https:\/\/www.facebook.com\/2laxphotographie\/\" target=\"_blank\" rel=\"noopener\">2 La X Photographie<\/a>\u00a0\u2013\u00a0<a href=\"http:\/\/instagram.com\/hvgoshot\" target=\"_blank\" rel=\"noopener\">Hvgoshot \/ Hugo Reni\u00e9<\/a><\/p>\n<p>NANCY &gt; SHOWCASE &gt; AMEL BENT &gt; D!RECT FM &gt; PHOTOS<\/p>\n<p><a href=\"https:\/\/www.europesays.com\/fr\/wp-content\/uploads\/2025\/11\/2LX_0315.jpg\"><img loading=\"lazy\" decoding=\"async\" width=\"1024\" height=\"601\" data-id=\"1522393\" src=\"https:\/\/www.europesays.com\/fr\/wp-content\/uploads\/2025\/11\/2LX_0315.jpg\" alt=\"\" class=\"wp-image-1522393\"\/><\/a><\/p>\n<p><a href=\"https:\/\/www.europesays.com\/fr\/wp-content\/uploads\/2025\/11\/2LX_0340.jpg\"><img loading=\"lazy\" decoding=\"async\" width=\"1024\" height=\"682\" data-id=\"1522395\" src=\"https:\/\/www.europesays.com\/fr\/wp-content\/uploads\/2025\/11\/2LX_0340.jpg\" alt=\"\" class=\"wp-image-1522395\"\/><\/a><\/p>\n<p><a href=\"https:\/\/www.europesays.com\/fr\/wp-content\/uploads\/2025\/11\/2LX2859.jpg\"><img loading=\"lazy\" decoding=\"async\" width=\"1024\" height=\"684\" data-id=\"1522384\" src=\"https:\/\/www.europesays.com\/fr\/wp-content\/uploads\/2025\/11\/2LX2859.jpg\" alt=\"\" class=\"wp-image-1522384\"\/><\/a><\/p>\n<p><a href=\"https:\/\/www.europesays.com\/fr\/wp-content\/uploads\/2025\/11\/2LX_0301.jpg\"><img loading=\"lazy\" decoding=\"async\" width=\"1024\" height=\"682\" data-id=\"1522391\" src=\"https:\/\/www.europesays.com\/fr\/wp-content\/uploads\/2025\/11\/2LX_0301.jpg\" alt=\"\" class=\"wp-image-1522391\"\/><\/a><\/p>\n<p><a href=\"https:\/\/www.europesays.com\/fr\/wp-content\/uploads\/2025\/11\/2LX2871.jpg\"><img loading=\"lazy\" decoding=\"async\" width=\"1024\" height=\"684\" data-id=\"1522385\" src=\"https:\/\/www.europesays.com\/fr\/wp-content\/uploads\/2025\/11\/2LX2871.jpg\" alt=\"\" class=\"wp-image-1522385\"\/><\/a><\/p>\n<p><a href=\"https:\/\/www.europesays.com\/fr\/wp-content\/uploads\/2025\/11\/2LX2882.jpg\"><img loading=\"lazy\" decoding=\"async\" width=\"1024\" height=\"684\" data-id=\"1522386\" src=\"https:\/\/www.europesays.com\/fr\/wp-content\/uploads\/2025\/11\/2LX2882.jpg\" alt=\"\" class=\"wp-image-1522386\"\/><\/a><\/p>\n<p><a href=\"https:\/\/www.europesays.com\/fr\/wp-content\/uploads\/2025\/11\/2LX_0173.jpg\"><img loading=\"lazy\" decoding=\"async\" width=\"1024\" height=\"682\" data-id=\"1522387\" src=\"https:\/\/www.europesays.com\/fr\/wp-content\/uploads\/2025\/11\/2LX_0173.jpg\" alt=\"\" class=\"wp-image-1522387\"\/><\/a><\/p>\n<p><a href=\"https:\/\/www.europesays.com\/fr\/wp-content\/uploads\/2025\/11\/2LX_0326.jpg\"><img loading=\"lazy\" decoding=\"async\" width=\"1024\" height=\"646\" data-id=\"1522394\" src=\"https:\/\/www.europesays.com\/fr\/wp-content\/uploads\/2025\/11\/2LX_0326.jpg\" alt=\"\" class=\"wp-image-1522394\"\/><\/a><\/p>\n<p><a href=\"https:\/\/www.europesays.com\/fr\/wp-content\/uploads\/2025\/11\/2LX_0304.jpg\"><img loading=\"lazy\" decoding=\"async\" width=\"1024\" height=\"682\" data-id=\"1522392\" src=\"https:\/\/www.europesays.com\/fr\/wp-content\/uploads\/2025\/11\/2LX_0304.jpg\" alt=\"\" class=\"wp-image-1522392\"\/><\/a><\/p>\n<p><a href=\"https:\/\/www.europesays.com\/fr\/wp-content\/uploads\/2025\/11\/2LX_0294.jpg\"><img loading=\"lazy\" decoding=\"async\" width=\"1024\" height=\"682\" data-id=\"1522390\" src=\"https:\/\/www.europesays.com\/fr\/wp-content\/uploads\/2025\/11\/2LX_0294.jpg\" alt=\"\" class=\"wp-image-1522390\"\/><\/a><\/p>\n<p><a href=\"https:\/\/www.europesays.com\/fr\/wp-content\/uploads\/2025\/11\/2LX_0260.jpg\"><img loading=\"lazy\" decoding=\"async\" width=\"1024\" height=\"682\" data-id=\"1522388\" src=\"https:\/\/www.europesays.com\/fr\/wp-content\/uploads\/2025\/11\/2LX_0260.jpg\" alt=\"\" class=\"wp-image-1522388\"\/><\/a><\/p>\n<p><a href=\"https:\/\/www.europesays.com\/fr\/wp-content\/uploads\/2025\/11\/2LX_0359.jpg\"><img loading=\"lazy\" decoding=\"async\" width=\"1024\" height=\"682\" data-id=\"1522396\" src=\"https:\/\/www.europesays.com\/fr\/wp-content\/uploads\/2025\/11\/2LX_0359.jpg\" alt=\"\" class=\"wp-image-1522396\"\/><\/a><\/p>\n<p><a href=\"https:\/\/www.info-lux.com\/wp-content\/uploads\/2025\/11\/2LX_0284.jpg\" target=\"_blank\" rel=\"noopener\"><img loading=\"lazy\" decoding=\"async\" width=\"683\" height=\"1024\" data-id=\"1522389\" src=\"https:\/\/www.europesays.com\/fr\/wp-content\/uploads\/2025\/11\/2LX_0284-683x1024.jpg\" alt=\"\" class=\"wp-image-1522389\"\/><\/a><\/p>\n<p><a href=\"https:\/\/www.europesays.com\/fr\/wp-content\/uploads\/2025\/11\/2LX2836-2.jpg\"><img loading=\"lazy\" decoding=\"async\" width=\"1024\" height=\"675\" data-id=\"1522383\" src=\"https:\/\/www.europesays.com\/fr\/wp-content\/uploads\/2025\/11\/2LX2836-2.jpg\" alt=\"\" class=\"wp-image-1522383\"\/><\/a><br \/>\nNANCY &gt; SHOWCASE &gt; AMEL BENT &gt; D!RECT FM<\/p>\n<p>\t\t\t<script async src=\"\/\/www.instagram.com\/embed.js\"><\/script><\/p>\n","protected":false},"excerpt":{"rendered":"Un showcase tr\u00e8s priv\u00e9 avec D!RECT FM L\u2019\u00e9quipe de D!RECT FM avait d\u00e9j\u00e0 eu le plaisir d\u2019accueillir Amel&hellip;\n","protected":false},"author":2,"featured_media":525761,"comment_status":"","ping_status":"","sticky":false,"template":"","format":"standard","meta":{"footnotes":""},"categories":[9635],"tags":[1111,11,2593,903,1777,674,1011,27,775,1702,12,11151,2189,1825,25,953,3074,3990],"class_list":{"0":"post-525760","1":"post","2":"type-post","3":"status-publish","4":"format-standard","5":"has-post-thumbnail","7":"category-nancy","8":"tag-actu","9":"tag-actualites","10":"tag-artiste","11":"tag-concours","12":"tag-eu","13":"tag-europe","14":"tag-fr","15":"tag-france","16":"tag-grand-est","17":"tag-nancy","18":"tag-news","19":"tag-photographes","20":"tag-photos","21":"tag-radio","22":"tag-republique-francaise","23":"tag-soiree","24":"tag-the-voice","25":"tag-voice"},"share_on_mastodon":{"url":"https:\/\/pubeurope.com\/@fr\/115527554857022826","error":""},"_links":{"self":[{"href":"https:\/\/www.europesays.com\/fr\/wp-json\/wp\/v2\/posts\/525760","targetHints":{"allow":["GET"]}}],"collection":[{"href":"https:\/\/www.europesays.com\/fr\/wp-json\/wp\/v2\/posts"}],"about":[{"href":"https:\/\/www.europesays.com\/fr\/wp-json\/wp\/v2\/types\/post"}],"author":[{"embeddable":true,"href":"https:\/\/www.europesays.com\/fr\/wp-json\/wp\/v2\/users\/2"}],"replies":[{"embeddable":true,"href":"https:\/\/www.europesays.com\/fr\/wp-json\/wp\/v2\/comments?post=525760"}],"version-history":[{"count":0,"href":"https:\/\/www.europesays.com\/fr\/wp-json\/wp\/v2\/posts\/525760\/revisions"}],"wp:featuredmedia":[{"embeddable":true,"href":"https:\/\/www.europesays.com\/fr\/wp-json\/wp\/v2\/media\/525761"}],"wp:attachment":[{"href":"https:\/\/www.europesays.com\/fr\/wp-json\/wp\/v2\/media?parent=525760"}],"wp:term":[{"taxonomy":"category","embeddable":true,"href":"https:\/\/www.europesays.com\/fr\/wp-json\/wp\/v2\/categories?post=525760"},{"taxonomy":"post_tag","embeddable":true,"href":"https:\/\/www.europesays.com\/fr\/wp-json\/wp\/v2\/tags?post=525760"}],"curies":[{"name":"wp","href":"https:\/\/api.w.org\/{rel}","templated":true}]}}