{"id":525769,"date":"2025-11-10T21:41:50","date_gmt":"2025-11-10T21:41:50","guid":{"rendered":"https:\/\/www.europesays.com\/fr\/525769\/"},"modified":"2025-11-10T21:41:50","modified_gmt":"2025-11-10T21:41:50","slug":"les-40-ans-de-benevolat-de-joelle-boivin-ont-ete-recompenses","status":"publish","type":"post","link":"https:\/\/www.europesays.com\/fr\/525769\/","title":{"rendered":"les 40 ans de b\u00e9n\u00e9volat de Jo\u00eblle Boivin ont \u00e9t\u00e9 r\u00e9compens\u00e9s"},"content":{"rendered":"<p>            Par<br \/>\n        <strong><br \/>\n            <a href=\"https:\/\/actu.fr\/auteur\/le-journal-delbeuf\" title=\"Consulter tous les articles de R\u00e9daction Elbeuf\" target=\"_blank\" rel=\"noopener\">R\u00e9daction Elbeuf<\/a><br \/>\n        <\/strong><\/p>\n<p>        Publi\u00e9 le<\/p>\n<p>            9 nov. 2025 \u00e0 16h26        <\/p>\n<p>Le parcours de <b>Jo\u00eblle Bovin<\/b> au sein de la commune de <a href=\"https:\/\/actu.fr\/normandie\/sotteville-sous-le-val_76682\" target=\"_blank\" rel=\"noopener\">Sotteville-sous-le-Val (Seine-Maritime)<\/a> a \u00e9t\u00e9 r\u00e9compens\u00e9, le vendredi 31 octobre 2025, en pr\u00e9sence du maire, Franck Meyer, des conseillers municipaux, ainsi que de ses proches et amis, de la <b>m\u00e9daille de Bronze<\/b> de la Jeunesse, des sports et de l\u2019engagement associatif.<\/p>\n<p>B\u00e9n\u00e9vole depuis 40\u00a0ans<\/p>\n<p class=\" wall-content\">Dans la salle polyvalente de Sotteville-sous-le-Val, l\u2019itin\u00e9raire de Jo\u00eblle Bovin a \u00e9t\u00e9 retrac\u00e9 par Louise, sa petite-fille, et par le maire. Si Louise a \u00e9num\u00e9r\u00e9 les diff\u00e9rentes dates de ce parcours, de 1985 \u00e0 2024, Franck Meyer a associ\u00e9 ces dates \u00e0 des faits marquants, politiques ou non, de sa vie.<\/p>\n<p class=\" wall-content\">Jo\u00eblle est n\u00e9e en 1950. Avec Pierre, son \u00e9poux et adjoint au maire, elle a eu trois enfants. Louise a relat\u00e9 : \u00ab C\u2019est en 1985 que tes activit\u00e9s dans le <b>b\u00e9n\u00e9volat<\/b> d\u00e9butent, au sein de l\u2019Association sottevillaise sportive, culturelle et d\u2019animation (ASSCA), dont tu deviendras la pr\u00e9sidente en 1987. Tu as \u00e9t\u00e9 conseill\u00e8re municipale de 1997 \u00e0 2003. \u00bb<\/p>\n<p>    <img   decoding=\"async\" loading=\"lazy\" class=\"size-large\" src=\"https:\/\/www.europesays.com\/fr\/wp-content\/uploads\/2025\/11\/c3edbc3d77096c7edbc3d7709bbedbv-960x640.jpg\" alt=\"De gauche \u00e0 droite, Michel Durand, Jo\u00eblle et Louise Bovin, Franck Meyer, maire de la commune.\" width=\"960\" height=\"640\"\/><br \/>\n    De gauche \u00e0 droite : Michel Durand, Jo\u00eblle et Louise Bovin, Franck Meyer. \u00a9Le Journal d\u2019Elbeuf<\/p>\n<p class=\" wall-content\">\u00c0 partir de cette date, Jo\u00eblle a occup\u00e9 un poste au CCAS (Centre communal d\u2019action sociale), avant de devenir pr\u00e9sidente du club <b>Les jours heureux<\/b>, \u00ab permettant \u00e0 ce mouvement de passer de 18 \u00e0 79 membres aujourd\u2019hui \u00bb, a poursuivi sa petite-fille.<\/p>\n<p class=\" wall-content\">Depuis avril 2024 Jo\u00eblle Bovin est pr\u00e9sidente de G\u00e9n\u00e9ration mouvement de Seine-Maritime.<\/p>\n<p>Vid\u00e9os : en ce moment sur Actu\u00ab Encourager les initiatives \u00bb<\/p>\n<p class=\" wall-content\">Le maire, Franck Meyer, a ajout\u00e9 avant de conclure : \u00ab Tu as su encourager ton entourage \u00e0 se prendre en main. Tu sais confier des responsabilit\u00e9s et encourager les initiatives. Puissent ces moments que nous partageons ce soir ajouter \u00e0 ton bonheur. \u00bb<\/p>\n<p class=\" wall-content\">Michel Durand, m\u00e9daill\u00e9 d\u2019Or et porte-drapeau, a \u00e9pingl\u00e9 la m\u00e9daille de bronze, en remplacement du pr\u00e9sident d\u00e9partemental Benjamin Gorgibus, accident\u00e9 quelques jours avant.<\/p>\n<p class=\" wall-content\">Personnalisez votre actualit\u00e9 en ajoutant vos villes et m\u00e9dias en favori avec <a href=\"https:\/\/moncompte.actu.fr\" title=\"D\u00e9couvez Mon Actu\" rel=\"nofollow noopener\" data-trk=\"{&quot;cta&quot;:{&quot;action&quot;:&quot;https:\\\/\\\/moncompte.actu.fr&quot;,&quot;category&quot;:&quot;mon compte&quot;,&quot;from&quot;:&quot;article footer&quot;,&quot;name&quot;:&quot;Mon actu&quot;,&quot;type&quot;:&quot;cta&quot;}}\" target=\"_blank\">Mon Actu<\/a>.<\/p>\n","protected":false},"excerpt":{"rendered":"Par R\u00e9daction Elbeuf Publi\u00e9 le 9 nov. 2025 \u00e0 16h26 Le parcours de Jo\u00eblle Bovin au sein de&hellip;\n","protected":false},"author":2,"featured_media":525770,"comment_status":"","ping_status":"","sticky":false,"template":"","format":"standard","meta":{"footnotes":""},"categories":[9587],"tags":[1111,11,10263,1777,674,1011,27,12,5161,25,9590,104],"class_list":{"0":"post-525769","1":"post","2":"type-post","3":"status-publish","4":"format-standard","5":"has-post-thumbnail","7":"category-rouen","8":"tag-actu","9":"tag-actualites","10":"tag-benevolat","11":"tag-eu","12":"tag-europe","13":"tag-fr","14":"tag-france","15":"tag-news","16":"tag-normandie","17":"tag-republique-francaise","18":"tag-rouen","19":"tag-societe"},"share_on_mastodon":{"url":"https:\/\/pubeurope.com\/@fr\/115527585439561216","error":""},"_links":{"self":[{"href":"https:\/\/www.europesays.com\/fr\/wp-json\/wp\/v2\/posts\/525769","targetHints":{"allow":["GET"]}}],"collection":[{"href":"https:\/\/www.europesays.com\/fr\/wp-json\/wp\/v2\/posts"}],"about":[{"href":"https:\/\/www.europesays.com\/fr\/wp-json\/wp\/v2\/types\/post"}],"author":[{"embeddable":true,"href":"https:\/\/www.europesays.com\/fr\/wp-json\/wp\/v2\/users\/2"}],"replies":[{"embeddable":true,"href":"https:\/\/www.europesays.com\/fr\/wp-json\/wp\/v2\/comments?post=525769"}],"version-history":[{"count":0,"href":"https:\/\/www.europesays.com\/fr\/wp-json\/wp\/v2\/posts\/525769\/revisions"}],"wp:featuredmedia":[{"embeddable":true,"href":"https:\/\/www.europesays.com\/fr\/wp-json\/wp\/v2\/media\/525770"}],"wp:attachment":[{"href":"https:\/\/www.europesays.com\/fr\/wp-json\/wp\/v2\/media?parent=525769"}],"wp:term":[{"taxonomy":"category","embeddable":true,"href":"https:\/\/www.europesays.com\/fr\/wp-json\/wp\/v2\/categories?post=525769"},{"taxonomy":"post_tag","embeddable":true,"href":"https:\/\/www.europesays.com\/fr\/wp-json\/wp\/v2\/tags?post=525769"}],"curies":[{"name":"wp","href":"https:\/\/api.w.org\/{rel}","templated":true}]}}