{"id":525773,"date":"2025-11-10T21:44:16","date_gmt":"2025-11-10T21:44:16","guid":{"rendered":"https:\/\/www.europesays.com\/fr\/525773\/"},"modified":"2025-11-10T21:44:16","modified_gmt":"2025-11-10T21:44:16","slug":"grenoble-le-concert-de-daphne-kritharas-le-dimanche-25-janvier","status":"publish","type":"post","link":"https:\/\/www.europesays.com\/fr\/525773\/","title":{"rendered":"Grenoble. Le concert de Daphn\u00e9 Kritharas le dimanche 25\u00a0janvier"},"content":{"rendered":"<p>Une voix envo\u00fbtante, un univers m\u00ealant instruments traditionnels de Gr\u00e8ce et d\u2019Anatolie, du jazz et du rock alternatif, l\u2019artiste franco-grecque Dafn\u00e9 Kritharas sera \u00e0 La Belle \u00c9lectrique \u00e0 Grenoble le dimanche 25\u00a0janvier \u00e0 20\u00a0h. Elle pr\u00e9sentera son troisi\u00e8me album, Prayer and sin.<\/p>\n<p class=\"note\">Dimanche 25\u00a0janvier \u00e0 20\u00a0h, \u00e0 La Belle \u00c9lectrique. Tarif\u00a0: \u00e0 partir de 25\u00a0\u20ac.<\/p>\n","protected":false},"excerpt":{"rendered":"Une voix envo\u00fbtante, un univers m\u00ealant instruments traditionnels de Gr\u00e8ce et d\u2019Anatolie, du jazz et du rock alternatif,&hellip;\n","protected":false},"author":2,"featured_media":525774,"comment_status":"","ping_status":"","sticky":false,"template":"","format":"standard","meta":{"footnotes":""},"categories":[9566],"tags":[1111,11,2430,1687,112,1777,674,1011,27,2731,2732,873,12,25],"class_list":{"0":"post-525773","1":"post","2":"type-post","3":"status-publish","4":"format-standard","5":"has-post-thumbnail","7":"category-grenoble","8":"tag-actu","9":"tag-actualites","10":"tag-auvergne-rhone-alpes","11":"tag-culture-loisirs","12":"tag-edition-grenoble-agglomeration","13":"tag-eu","14":"tag-europe","15":"tag-fr","16":"tag-france","17":"tag-grenoble","18":"tag-grenoble-bassin","19":"tag-musique","20":"tag-news","21":"tag-republique-francaise"},"share_on_mastodon":{"url":"","error":""},"_links":{"self":[{"href":"https:\/\/www.europesays.com\/fr\/wp-json\/wp\/v2\/posts\/525773","targetHints":{"allow":["GET"]}}],"collection":[{"href":"https:\/\/www.europesays.com\/fr\/wp-json\/wp\/v2\/posts"}],"about":[{"href":"https:\/\/www.europesays.com\/fr\/wp-json\/wp\/v2\/types\/post"}],"author":[{"embeddable":true,"href":"https:\/\/www.europesays.com\/fr\/wp-json\/wp\/v2\/users\/2"}],"replies":[{"embeddable":true,"href":"https:\/\/www.europesays.com\/fr\/wp-json\/wp\/v2\/comments?post=525773"}],"version-history":[{"count":0,"href":"https:\/\/www.europesays.com\/fr\/wp-json\/wp\/v2\/posts\/525773\/revisions"}],"wp:featuredmedia":[{"embeddable":true,"href":"https:\/\/www.europesays.com\/fr\/wp-json\/wp\/v2\/media\/525774"}],"wp:attachment":[{"href":"https:\/\/www.europesays.com\/fr\/wp-json\/wp\/v2\/media?parent=525773"}],"wp:term":[{"taxonomy":"category","embeddable":true,"href":"https:\/\/www.europesays.com\/fr\/wp-json\/wp\/v2\/categories?post=525773"},{"taxonomy":"post_tag","embeddable":true,"href":"https:\/\/www.europesays.com\/fr\/wp-json\/wp\/v2\/tags?post=525773"}],"curies":[{"name":"wp","href":"https:\/\/api.w.org\/{rel}","templated":true}]}}