{"id":525775,"date":"2025-11-10T21:45:35","date_gmt":"2025-11-10T21:45:35","guid":{"rendered":"https:\/\/www.europesays.com\/fr\/525775\/"},"modified":"2025-11-10T21:45:35","modified_gmt":"2025-11-10T21:45:35","slug":"qualite-de-leau-en-ille-et-vilaine-une-consultation-publique-lancee","status":"publish","type":"post","link":"https:\/\/www.europesays.com\/fr\/525775\/","title":{"rendered":"Qualit\u00e9 de l\u2019eau en Ille-et-Vilaine : une consultation publique lanc\u00e9e"},"content":{"rendered":"<p>            Par<br \/>\n        <strong><br \/>\n            <a href=\"https:\/\/actu.fr\/auteur\/journaliste-er\" title=\"Consulter tous les articles de R\u00e9daction Ch\u00e2teaubriant\" rel=\"nofollow noopener\" target=\"_blank\">R\u00e9daction Ch\u00e2teaubriant<\/a><br \/>\n        <\/strong><\/p>\n<p>        Publi\u00e9 le<\/p>\n<p>            10 nov. 2025 \u00e0 17h32        <\/p>\n<p>Port\u00e9e par la structure Eau et Vilaine \u00e0 <b>La Roche-Bernard <\/b>(Morbihan), le <a href=\"https:\/\/www.eaux-et-vilaine.bzh\/le-territoire\/les-enjeux-du-bassin\/sage-vilaine\/\" rel=\"nofollow noopener\" target=\"_blank\">Sch\u00e9ma d\u2019am\u00e9nagement et de gestion des eaux (Sage)<\/a> Vilaine est \u00e9labor\u00e9 par la <b>Commission Locale de l\u2019Eau (CLE)<\/b> pour fixer les objectifs et les orientations des usages de l\u2019eau par les diff\u00e9rents acteurs du territoire. Une deuxi\u00e8me r\u00e9vision, qui a \u00e9t\u00e9 cr\u00e9\u00e9e en 2022 et qui est toujours en cours, est actuellement en consultation publique jusqu\u2019\u00e0 ce <b>vendredi 14\u00a0novembre 2025<\/b>.<\/p>\n<p>Qualit\u00e9 de l\u2019eau en Ille-et-Vilaine\u2009: une consultation publique sur le projet de r\u00e9vision de la Vilaine<\/p>\n<p class=\" wall-content\">Le <b>bassin-versant de la Vilaine <\/b>couvre 11\u2009000 km\u00b2 et s\u2019\u00e9tend sur six d\u00e9partements (<b>C\u00f4tes d\u2019Armor, Ille-et-Vilaine, Loire-Atlantique, Morbihan, Mayenne et Maine-et-Loire<\/b>). Plusieurs communes du secteur de Ch\u00e2teaubriant, de Bain-de-Bretagne, de Grand-Fougeray voire de Derval sont concern\u00e9es.<\/p>\n<p class=\" wall-content\"><b>L\u2019association Bretagne Vivante de Ch\u00e2teaubriant<\/b> qui d\u00e9fend la nature et la biodiversit\u00e9 et la qualit\u00e9 de l\u2019eau est favorable \u00e0 ce projet de r\u00e9vision du Sage Vilaine. \u00ab\u2009Il pr\u00e9sente des avanc\u00e9es sur certaines mesures\u2009\u00bb, explique Chantal Julienne, secr\u00e9taire de l\u2019antenne Bretagne Vivante de Ch\u00e2teaubriant. Parmi les avanc\u00e9es, il y a \u00ab\u2009le fait de ne plus utiliser un herbicide sur les zones de captages\u2009\u00bb, cite la secr\u00e9taire.<\/p>\n<p class=\" wall-content\">Le\u00a0<b>public du bassin-versant de la Vilaine<\/b>\u00a0est donc invit\u00e9 \u00e0 participer \u00e0 la consultation publique pour la r\u00e9vision du\u00a0<b>Sch\u00e9ma d\u2019am\u00e9nagement et de gestion des eaux<\/b>\u00a0jusqu\u2019au 14\u00a0novembre 2025.<\/p>\n<p>Jusqu\u2019au 14\u00a0novembre 2025, consultation publique pour le projet de r\u00e9vision du Sage Vilaine\u2009: https:\/\/www.registre-dematerialise.fr\/6738\/.<\/p>\n<p class=\" wall-content\">Personnalisez votre actualit\u00e9 en ajoutant vos villes et m\u00e9dias en favori avec <a href=\"https:\/\/moncompte.actu.fr\" title=\"D\u00e9couvez Mon Actu\" rel=\"nofollow noopener\" data-trk=\"{&quot;cta&quot;:{&quot;action&quot;:&quot;https:\\\/\\\/moncompte.actu.fr&quot;,&quot;category&quot;:&quot;mon compte&quot;,&quot;from&quot;:&quot;article footer&quot;,&quot;name&quot;:&quot;Mon actu&quot;,&quot;type&quot;:&quot;cta&quot;}}\" target=\"_blank\">Mon Actu<\/a>.<\/p>\n","protected":false},"excerpt":{"rendered":"Par R\u00e9daction Ch\u00e2teaubriant Publi\u00e9 le 10 nov. 2025 \u00e0 17h32 Port\u00e9e par la structure Eau et Vilaine \u00e0&hellip;\n","protected":false},"author":2,"featured_media":525776,"comment_status":"","ping_status":"","sticky":false,"template":"","format":"standard","meta":{"footnotes":""},"categories":[2821],"tags":[1111,11,829,9746,1777,674,1011,27,12,584,25,104,7009],"class_list":{"0":"post-525775","1":"post","2":"type-post","3":"status-publish","4":"format-standard","5":"has-post-thumbnail","7":"category-rennes","8":"tag-actu","9":"tag-actualites","10":"tag-bretagne","11":"tag-eau-potable","12":"tag-eu","13":"tag-europe","14":"tag-fr","15":"tag-france","16":"tag-news","17":"tag-rennes","18":"tag-republique-francaise","19":"tag-societe","20":"tag-vilaine"},"share_on_mastodon":{"url":"https:\/\/pubeurope.com\/@fr\/115527596335015108","error":""},"_links":{"self":[{"href":"https:\/\/www.europesays.com\/fr\/wp-json\/wp\/v2\/posts\/525775","targetHints":{"allow":["GET"]}}],"collection":[{"href":"https:\/\/www.europesays.com\/fr\/wp-json\/wp\/v2\/posts"}],"about":[{"href":"https:\/\/www.europesays.com\/fr\/wp-json\/wp\/v2\/types\/post"}],"author":[{"embeddable":true,"href":"https:\/\/www.europesays.com\/fr\/wp-json\/wp\/v2\/users\/2"}],"replies":[{"embeddable":true,"href":"https:\/\/www.europesays.com\/fr\/wp-json\/wp\/v2\/comments?post=525775"}],"version-history":[{"count":0,"href":"https:\/\/www.europesays.com\/fr\/wp-json\/wp\/v2\/posts\/525775\/revisions"}],"wp:featuredmedia":[{"embeddable":true,"href":"https:\/\/www.europesays.com\/fr\/wp-json\/wp\/v2\/media\/525776"}],"wp:attachment":[{"href":"https:\/\/www.europesays.com\/fr\/wp-json\/wp\/v2\/media?parent=525775"}],"wp:term":[{"taxonomy":"category","embeddable":true,"href":"https:\/\/www.europesays.com\/fr\/wp-json\/wp\/v2\/categories?post=525775"},{"taxonomy":"post_tag","embeddable":true,"href":"https:\/\/www.europesays.com\/fr\/wp-json\/wp\/v2\/tags?post=525775"}],"curies":[{"name":"wp","href":"https:\/\/api.w.org\/{rel}","templated":true}]}}