{"id":525781,"date":"2025-11-10T21:49:19","date_gmt":"2025-11-10T21:49:19","guid":{"rendered":"https:\/\/www.europesays.com\/fr\/525781\/"},"modified":"2025-11-10T21:49:19","modified_gmt":"2025-11-10T21:49:19","slug":"ligue-1-qui-veut-voir-le-mondial-doit-briller-au-racing-club-de-strasbourg-qui-compte-sept-internationaux","status":"publish","type":"post","link":"https:\/\/www.europesays.com\/fr\/525781\/","title":{"rendered":"Ligue 1. Qui veut voir le Mondial doit briller au Racing Club de Strasbourg, qui compte sept internationaux"},"content":{"rendered":"<p>Ce n\u2019est pas encore ce coup-ci qu\u2019un joueur du Racing portera le maillot de l\u2019\u00e9quipe de France. Depuis pr\u00e8s de trente ans et les s\u00e9lections de Frank Leb\u0153uf et Marc Keller, plus aucun Bleu d\u2019Alsace n\u2019a \u00e9t\u00e9 appel\u00e9 chez les Bleus de France (lire par ailleurs).<\/p>\n<p>Mais pour la derni\u00e8re fen\u00eatre internationale de l\u2019ann\u00e9e, pr\u00e8s de la moiti\u00e9 de l\u2019effectif de Liam Rosenior a \u00e9t\u00e9 appel\u00e9e sous les drapeaux. Ils sont ainsi dix \u00e0 avoir pr\u00e9par\u00e9 leur valise \u00e0 l\u2019issue du succ\u00e8s dominical contre Lille (2-0) lors de la 12e journ\u00e9e de Ligue 1.<\/p>\n<p>\u00ab\u00a0Plus on a d\u2019internationaux, plus le Racing est fort\u00a0\u00bb<\/p>\n<p>\u00ab\u00a0\u00c7a montre qu\u2019il y a beaucoup de qualit\u00e9 dans notre \u00e9quipe, commente Diego Moreira, retenu par Rudi Garcia chez les Diables Rouges. Plus en a d\u2019internationaux, plus le Racing est fort.\u00a0\u00bb<\/p>\n<p>Par&#8230;<\/p>\n","protected":false},"excerpt":{"rendered":"Ce n\u2019est pas encore ce coup-ci qu\u2019un joueur du Racing portera le maillot de l\u2019\u00e9quipe de France. Depuis&hellip;\n","protected":false},"author":2,"featured_media":525782,"comment_status":"","ping_status":"","sticky":false,"template":"","format":"standard","meta":{"footnotes":""},"categories":[2820],"tags":[1111,11,2389,2649,2880,1777,674,107,63,1011,27,329,775,12,41281,25,4604,517,640,2879],"class_list":{"0":"post-525781","1":"post","2":"type-post","3":"status-publish","4":"format-standard","5":"has-post-thumbnail","7":"category-strasbourg","8":"tag-actu","9":"tag-actualites","10":"tag-alsace","11":"tag-bas-rhin","12":"tag-edition-strasbourg","13":"tag-eu","14":"tag-europe","15":"tag-fil-info","16":"tag-football","17":"tag-fr","18":"tag-france","19":"tag-france-monde","20":"tag-grand-est","21":"tag-news","22":"tag-racing-club-strasbourg-masculin","23":"tag-republique-francaise","24":"tag-selection-abonne","25":"tag-sport","26":"tag-strasbourg","27":"tag-strasbourg-ville"},"share_on_mastodon":{"url":"https:\/\/pubeurope.com\/@fr\/115527612162397233","error":""},"_links":{"self":[{"href":"https:\/\/www.europesays.com\/fr\/wp-json\/wp\/v2\/posts\/525781","targetHints":{"allow":["GET"]}}],"collection":[{"href":"https:\/\/www.europesays.com\/fr\/wp-json\/wp\/v2\/posts"}],"about":[{"href":"https:\/\/www.europesays.com\/fr\/wp-json\/wp\/v2\/types\/post"}],"author":[{"embeddable":true,"href":"https:\/\/www.europesays.com\/fr\/wp-json\/wp\/v2\/users\/2"}],"replies":[{"embeddable":true,"href":"https:\/\/www.europesays.com\/fr\/wp-json\/wp\/v2\/comments?post=525781"}],"version-history":[{"count":0,"href":"https:\/\/www.europesays.com\/fr\/wp-json\/wp\/v2\/posts\/525781\/revisions"}],"wp:featuredmedia":[{"embeddable":true,"href":"https:\/\/www.europesays.com\/fr\/wp-json\/wp\/v2\/media\/525782"}],"wp:attachment":[{"href":"https:\/\/www.europesays.com\/fr\/wp-json\/wp\/v2\/media?parent=525781"}],"wp:term":[{"taxonomy":"category","embeddable":true,"href":"https:\/\/www.europesays.com\/fr\/wp-json\/wp\/v2\/categories?post=525781"},{"taxonomy":"post_tag","embeddable":true,"href":"https:\/\/www.europesays.com\/fr\/wp-json\/wp\/v2\/tags?post=525781"}],"curies":[{"name":"wp","href":"https:\/\/api.w.org\/{rel}","templated":true}]}}