{"id":525783,"date":"2025-11-10T21:50:19","date_gmt":"2025-11-10T21:50:19","guid":{"rendered":"https:\/\/www.europesays.com\/fr\/525783\/"},"modified":"2025-11-10T21:50:19","modified_gmt":"2025-11-10T21:50:19","slug":"le-geie-eurocin-se-renouvelle-pour-dynamiser-leconomie-transfrontaliere","status":"publish","type":"post","link":"https:\/\/www.europesays.com\/fr\/525783\/","title":{"rendered":"Le GEIE EUROCIN se renouvelle pour dynamiser l\u2019\u00e9conomie transfrontali\u00e8re"},"content":{"rendered":"<p>                    <img loading=\"lazy\" decoding=\"async\" src=\"https:\/\/www.europesays.com\/fr\/wp-content\/uploads\/2025\/11\/d042feb251e23e952baed7c71a0a84.png\" class=\"img-responsive post-image\" width=\"680\" height=\"510\" alt=\"Le GEIE EUROCIN se renouv\" title=\"Le GEIE EUROCIN se renouvelle pour dynamiser l'\u00e9conomie transfrontali\u00e8re\"\/><\/p>\n<p class=\"chapo\">Relancer le dialogue \u00e9conomique entre les deux versants des Alpes de la Mer\u00a0: c\u2019est l\u2019ambition du groupement europ\u00e9en d\u2019int\u00e9r\u00eat \u00e9conomique EUROCIN, qui vient d\u2019entamer une nouvelle \u00e9tape de son d\u00e9veloppement. N\u00e9 en 1994 \u00e0 l\u2019initiative de la CCI Nice C\u00f4te d\u2019Azur, ce GEIE r\u00e9unit aujourd\u2019hui six acteurs majeurs fran\u00e7ais et italiens\u00a0: la CCIAA Riviere di Liguria, la CCIAA de Cuneo, la CCI Nice C\u00f4te d\u2019Azur, la Commune de Cuneo, l\u2019Autorit\u00e0 di Sistema Portuale Mar Ligure Occidentale et Unioncamere Piemonte.<\/p>\n<p>                    Une relance concr\u00e8te de la coop\u00e9ration transfrontali\u00e8re<\/p>\n<p>Apr\u00e8s la signature d\u2019une convention de coop\u00e9ration en 2022, les membres fondateurs ont men\u00e9 un important travail de modernisation des statuts du groupement. L\u2019objectif\u00a0: faire d\u2019EUROCIN un outil moderne et op\u00e9rationnel au service des entreprises et du d\u00e9veloppement \u00e9conomique transfrontalier. <strong>Un s\u00e9minaire de relance s\u2019est tenu \u00e0 Nice les 21 et 22 octobre derniers,<\/strong> au si\u00e8ge de la CCI Nice C\u00f4te d\u2019Azur. Ce rendez-vous a permis d\u2019identifier les enjeux communs aux territoires ligure, pi\u00e9montais et azur\u00e9en\u00a0: attractivit\u00e9 \u00e9conomique, infrastructures, mobilit\u00e9, formation et durabilit\u00e9.<\/p>\n<p>Un plan d\u2019action pour 2026-2027<\/p>\n<p>\u00c0 l\u2019issue des \u00e9changes, les partenaires ont adopt\u00e9 un plan d\u2019action concret autour de trois priorit\u00e9s\u00a0:<br \/>\n<br \/><b>\u2013<\/b>\u00a0la cr\u00e9ation d\u2019outils d\u2019aide \u00e0 la d\u00e9cision pour les acteurs \u00e9conomiques,<br \/>\n<br \/><b>\u2013<\/b>\u00a0la mise en place d\u2019un observatoire des donn\u00e9es \u00e9conomiques,<br \/>\n<br \/><b>\u2013<\/b>\u00a0la cr\u00e9ation d\u2019un observatoire des transports, levier essentiel du commerce transfrontalier.<br \/>\n<br \/><b>\u2013<\/b>\u00a0La formation professionnelle des jeunes a \u00e9galement \u00e9t\u00e9 identifi\u00e9e comme un axe strat\u00e9gique commun.<\/p>\n<p>Des partenaires unis autour d\u2019une m\u00eame ambition<\/p>\n<p>Pour<strong> Jean-Pierre Savarino<\/strong>, pr\u00e9sident de la CCI Nice C\u00f4te d\u2019Azur, cette relance marque \u00ab\u00a0un tournant essentiel dans la coop\u00e9ration \u00e9conomique transfrontali\u00e8re\u00a0\u00bb. \u00ab\u00a0Nos territoires ont des int\u00e9r\u00eats communs et des d\u00e9fis similaires. Dans un contexte mondial d\u2019incertitude, c\u2019est au niveau transfrontalier que nous devons agir, entre voisins qui partagent les m\u00eames aspirations\u00a0\u00bb, a-t-il soulign\u00e9. M\u00eame constat pour <strong>Paolo Bertolino,<\/strong> secr\u00e9taire g\u00e9n\u00e9ral d\u2019Unioncamere Piemonte\u00a0: \u00ab\u00a0Le travail effectu\u00e9 \u00e0 Nice n\u2019a pas \u00e9t\u00e9 symbolique, mais concret. Nous avons adopt\u00e9 un plan d\u2019action pragmatique pour soutenir nos entreprises et renforcer l\u2019attractivit\u00e9 de nos territoires. \u00a0\u00bb De son c\u00f4t\u00e9, <strong>Luca Serale<\/strong>, premier adjoint au maire de Cuneo, voit dans cette coop\u00e9ration \u00ab\u00a0un moment crucial pour construire des politiques transfrontali\u00e8res communes \u00a0\u00bb. Enfin, <strong>Luca Crosetto,<\/strong> pr\u00e9sident de la Chambre de commerce de Cuneo, a insist\u00e9 sur la \u00ab\u00a0 convergence des partenaires pour mutualiser les comp\u00e9tences et cr\u00e9er des observatoires partag\u00e9s, bases d\u2019un futur plus int\u00e9gr\u00e9 et durable \u00a0\u00bb.<br class=\"autobr\"\/><br \/>\nLes membres d\u2019EUROCIN sont d\u00e9sormais organis\u00e9s au sein du GEIE pour peser dans les d\u00e9bats sur la coop\u00e9ration transfrontali\u00e8re et aller plus loin, ensemble, dans la r\u00e9alisation de projets en faveur du territoire.<\/p>\n<p>Phoot de une\u00a0: Un s\u00e9minaire de relance s\u2019est tenu \u00e0 Nice les 21 et 22 octobre derniers, au si\u00e8ge de la CCI Nice C\u00f4te d\u2019Azur \u00a9CCI NCA<\/p>\n","protected":false},"excerpt":{"rendered":"Relancer le dialogue \u00e9conomique entre les deux versants des Alpes de la Mer\u00a0: c\u2019est l\u2019ambition du groupement europ\u00e9en&hellip;\n","protected":false},"author":2,"featured_media":525784,"comment_status":"","ping_status":"","sticky":false,"template":"","format":"standard","meta":{"footnotes":""},"categories":[2819],"tags":[1111,11,2408,1777,674,1011,27,12,2401,882,25],"class_list":{"0":"post-525783","1":"post","2":"type-post","3":"status-publish","4":"format-standard","5":"has-post-thumbnail","7":"category-nice","8":"tag-actu","9":"tag-actualites","10":"tag-appels-d","11":"tag-eu","12":"tag-europe","13":"tag-fr","14":"tag-france","15":"tag-news","16":"tag-nice","17":"tag-provence-alpes-cote-dazur","18":"tag-republique-francaise"},"share_on_mastodon":{"url":"https:\/\/pubeurope.com\/@fr\/115527616782285575","error":""},"_links":{"self":[{"href":"https:\/\/www.europesays.com\/fr\/wp-json\/wp\/v2\/posts\/525783","targetHints":{"allow":["GET"]}}],"collection":[{"href":"https:\/\/www.europesays.com\/fr\/wp-json\/wp\/v2\/posts"}],"about":[{"href":"https:\/\/www.europesays.com\/fr\/wp-json\/wp\/v2\/types\/post"}],"author":[{"embeddable":true,"href":"https:\/\/www.europesays.com\/fr\/wp-json\/wp\/v2\/users\/2"}],"replies":[{"embeddable":true,"href":"https:\/\/www.europesays.com\/fr\/wp-json\/wp\/v2\/comments?post=525783"}],"version-history":[{"count":0,"href":"https:\/\/www.europesays.com\/fr\/wp-json\/wp\/v2\/posts\/525783\/revisions"}],"wp:featuredmedia":[{"embeddable":true,"href":"https:\/\/www.europesays.com\/fr\/wp-json\/wp\/v2\/media\/525784"}],"wp:attachment":[{"href":"https:\/\/www.europesays.com\/fr\/wp-json\/wp\/v2\/media?parent=525783"}],"wp:term":[{"taxonomy":"category","embeddable":true,"href":"https:\/\/www.europesays.com\/fr\/wp-json\/wp\/v2\/categories?post=525783"},{"taxonomy":"post_tag","embeddable":true,"href":"https:\/\/www.europesays.com\/fr\/wp-json\/wp\/v2\/tags?post=525783"}],"curies":[{"name":"wp","href":"https:\/\/api.w.org\/{rel}","templated":true}]}}