{"id":525785,"date":"2025-11-10T21:51:19","date_gmt":"2025-11-10T21:51:19","guid":{"rendered":"https:\/\/www.europesays.com\/fr\/525785\/"},"modified":"2025-11-10T21:51:19","modified_gmt":"2025-11-10T21:51:19","slug":"a-nice-trois-policiers-condamnes-pour-injures-racistes-lors-dune-arrestation-liberation","status":"publish","type":"post","link":"https:\/\/www.europesays.com\/fr\/525785\/","title":{"rendered":"A Nice, trois policiers condamn\u00e9s pour injures racistes lors d\u2019une arrestation \u2013 Lib\u00e9ration"},"content":{"rendered":"<p class=\"sc-cPiKLX AiZTS text-element\">Trois policiers ni\u00e7ois ont \u00e9t\u00e9 condamn\u00e9s lundi 10 novembre \u00e0 douze mois de prison avec sursis et six mois d\u2019interdiction d\u2019exercer leurs fonctions pour injures racistes et violences psychologiques \u00e0 l\u2019\u00e9gard de deux jeunes Tunisiens soup\u00e7onn\u00e9s de trafic de stup\u00e9fiants. <\/p>\n<p class=\"sc-cPiKLX AiZTS text-element\">Le 22 juillet, les policiers avaient interpell\u00e9 les deux hommes <a href=\"https:\/\/www.liberation.fr\/societe\/police-justice\/a-nice-dans-le-quartier-des-moulins-apres-une-nouvelle-fusillade-sur-fond-de-narcotrafic-la-police-nest-pas-la-solution-20251005_323QX6SZG5H7HPNY5VVRMC2T7I\/\" target=\"_blank\" rel=\"noreferrer noopener\" title=\"https:\/\/www.liberation.fr\/societe\/police-justice\/a-nice-dans-le-quartier-des-moulins-apres-une-nouvelle-fusillade-sur-fond-de-narcotrafic-la-police-nest-pas-la-solution-20251005_323QX6SZG5H7HPNY5VVRMC2T7I\/\">dans le quartier sensible des Moulins,<\/a> dans l\u2019ouest de Nice et les avaient embarqu\u00e9s dans une fourgonnette. Discr\u00e8tement, l\u2019un d\u2019eux avait activ\u00e9 le dictaphone de son t\u00e9l\u00e9phone, enregistrant insultes racistes, moqueries, violences et humiliations. L\u2019enregistrement incriminant avait \u00e9t\u00e9 d\u00e9couvert par un enqu\u00eateur \u00e0 l\u2019arriv\u00e9e au commissariat et transmis \u00e0 l\u2019IGPN. Sur celui-ci, long de plus de 30 minutes, et diffus\u00e9 \u00e0 l\u2019audience, des cris, des pleurs, des bruits sourds et des injures, dont celles-ci, <a href=\"https:\/\/www.bfmtv.com\/cote-d-azur\/replay-emissions\/bonsoir-cote-d-azur\/video-nice-un-document-audio-incrimine-5-policiers_VN-202510240809.html\" target=\"_blank\" rel=\"noreferrer noopener\" title=\"https:\/\/www.bfmtv.com\/cote-d-azur\/replay-emissions\/bonsoir-cote-d-azur\/video-nice-un-document-audio-incrimine-5-policiers_VN-202510240809.html\">rapport\u00e9e par BFM TV fin octobre<\/a> : \u00abTu n\u2019as rien \u00e0 foutre en France, t\u2019es un \u00e9tranger, t\u2019es un violeur de femmes, un voleur de France, y\u2019en a assez des comme toi ici.\u00bb Quelques semaines plus t\u00f4t, d\u2019autres bribes pas beaucoup plus glorieuses de l\u2019enregistrement \u00e9taient sorties dans <a href=\"https:\/\/www.lecanardenchaine.fr\/police-justice\/52075-une-mauvaise-brise-a-nice\" target=\"_blank\" rel=\"noreferrer noopener\" title=\"https:\/\/www.lecanardenchaine.fr\/police-justice\/52075-une-mauvaise-brise-a-nice\">le Canard encha\u00een\u00e9<\/a> : \u00abT\u2019es un Arabe. T\u2019es l\u00e0 pour violer des Fran\u00e7aises et nous voler ! Ici personne ne veut de toi ! Donc tu vas rentrer dans ton pays, suceur de chameaux ! \u00bb<\/p>\n<p class=\"sc-cPiKLX AiZTS text-element\">\u00abIl y a des mots qu\u2019on ne doit pas prononcer\u00bb, a reconnu le secr\u00e9taire d\u00e9partemental du syndicat de police UN1T\u00c9, Laurent Martin de Fr\u00e9mond, venu au tribunal de Nice pour soutenir ses coll\u00e8gues et pour qui le jeune Tunisien avait pouss\u00e9 les policiers \u00e0 la faute. \u00ab[Mais] il y a la r\u00e9alit\u00e9 du terrain. Vous avez affaire \u00e0 des policiers qui sont confront\u00e9s chaque jour \u00e0 ces difficult\u00e9s, qui se font cracher dessus, insulter.\u00bb<\/p>\n<p class=\"sc-cPiKLX AiZTS text-element\">Les agents \u00e9taient \u00e9galement accus\u00e9s d\u2019avoir arrach\u00e9 des pages d\u2019un Coran trouv\u00e9 dans le sac du jeune homme de 18 ans et d\u2019en avoir fait des boulettes pour les fourrer dans sa bouche. Les trois policiers qui se trouvaient \u00e0 l\u2019arri\u00e8re de la fourgonnette n\u2019ont pas d\u00e9menti l\u2019acte, mais ont assur\u00e9 qu\u2019il s\u2019agissait des pages d\u2019un carnet trouv\u00e9 dans une poubelle et qu\u2019ils avaient juste voulu faire \u00abune mauvaise blague\u00bb. <\/p>\n<p class=\"sc-cPiKLX AiZTS text-element\">Coran ou non, les violences psychologiques sont constitu\u00e9es pour le tribunal. Mais pas les violences physiques : selon le certificat m\u00e9dical, les ecchymoses relev\u00e9es sur le jeune homme, condamn\u00e9 \u00e0 dix-huit mois de prison pour vol en r\u00e9union, pouvaient r\u00e9sulter d\u2019une chute pendant son interpellation ou d\u2019automutilations pendant sa garde \u00e0 vue, qu\u2019il a reconnues.<\/p>\n<p class=\"sc-cPiKLX AiZTS text-element\">Deux autres policiers, qui se trouvaient \u00e0 l\u2019avant de la fourgonnette et ont assur\u00e9 ne pas avoir eu conscience des agissements de leurs coll\u00e8gues, ont \u00e9t\u00e9 relax\u00e9s. Le parquet avait requis douze \u00e0 dix-huit mois de prison et une interdiction d\u00e9finitive d\u2019exercer pour les cinq fonctionnaires. Laurent Martin de Fr\u00e9mond a exprim\u00e9 son \u00absoulagement\u00bb. \u00abIl n\u2019y a pas que les d\u00e9linquants qui ont droit \u00e0 une deuxi\u00e8me chance\u00bb, s\u2019est quant \u00e0 lui r\u00e9joui Me Eric Borghini, avocat de l\u2019un des policiers relax\u00e9s. Devant les cam\u00e9ras de BFM TV fin octobre, ce dernier avait d\u00e9plor\u00e9 que \u00able message\u00bb envoy\u00e9 par les r\u00e9quisitions n\u2019\u00e9tait \u00abpas tant la d\u00e9fense des valeurs de la R\u00e9publique, mais plut\u00f4t une d\u00e9fiance \u00e0 l\u2019\u00e9gard de la police, et l\u2019encouragement des trafiquants de drogue sous OQTF qui sont mieux trait\u00e9s que les fonctionnaires de police\u00bb. <\/p>\n<p class=\"sc-cPiKLX AiZTS text-element\">Les trois condamn\u00e9s, \u00e2g\u00e9s de 30, 32 et 41 ans, devront payer chacun une amende de 500 euros et verser solidairement 1 000 euros de dommages au jeune homme, un euro symbolique \u00e0 la Ligue des droits de l\u2019Homme et \u00e0 la Licra, et 800 euros de frais de justice aux trois parties civiles. Suspendus depuis les faits, les fonctionnaires devront tous affronter une proc\u00e9dure administrative en interne avant toute r\u00e9int\u00e9gration.<\/p>\n<p class=\"sc-cPiKLX AiZTS text-element\">L\u2019avocat du jeune Tunisien, Me Kada Sadouni, a exprim\u00e9 sa d\u00e9ception apr\u00e8s le jugement : \u00abJe pensais franchement que le tribunal allait prendre l\u2019affaire un peu plus au s\u00e9rieux et condamner les policiers de mani\u00e8re exemplaire.\u00bb Le second interpell\u00e9 ne s\u2019\u00e9tait pas constitu\u00e9 partie civile. <\/p>\n","protected":false},"excerpt":{"rendered":"Trois policiers ni\u00e7ois ont \u00e9t\u00e9 condamn\u00e9s lundi 10 novembre \u00e0 douze mois de prison avec sursis et six&hellip;\n","protected":false},"author":2,"featured_media":525786,"comment_status":"","ping_status":"","sticky":false,"template":"","format":"standard","meta":{"footnotes":""},"categories":[2819],"tags":[1111,11,1777,674,1011,27,12,2401,882,10162,25,7374],"class_list":{"0":"post-525785","1":"post","2":"type-post","3":"status-publish","4":"format-standard","5":"has-post-thumbnail","7":"category-nice","8":"tag-actu","9":"tag-actualites","10":"tag-eu","11":"tag-europe","12":"tag-fr","13":"tag-france","14":"tag-news","15":"tag-nice","16":"tag-provence-alpes-cote-dazur","17":"tag-racisme","18":"tag-republique-francaise","19":"tag-violences-policieres"},"share_on_mastodon":{"url":"https:\/\/pubeurope.com\/@fr\/115527620011709614","error":""},"_links":{"self":[{"href":"https:\/\/www.europesays.com\/fr\/wp-json\/wp\/v2\/posts\/525785","targetHints":{"allow":["GET"]}}],"collection":[{"href":"https:\/\/www.europesays.com\/fr\/wp-json\/wp\/v2\/posts"}],"about":[{"href":"https:\/\/www.europesays.com\/fr\/wp-json\/wp\/v2\/types\/post"}],"author":[{"embeddable":true,"href":"https:\/\/www.europesays.com\/fr\/wp-json\/wp\/v2\/users\/2"}],"replies":[{"embeddable":true,"href":"https:\/\/www.europesays.com\/fr\/wp-json\/wp\/v2\/comments?post=525785"}],"version-history":[{"count":0,"href":"https:\/\/www.europesays.com\/fr\/wp-json\/wp\/v2\/posts\/525785\/revisions"}],"wp:featuredmedia":[{"embeddable":true,"href":"https:\/\/www.europesays.com\/fr\/wp-json\/wp\/v2\/media\/525786"}],"wp:attachment":[{"href":"https:\/\/www.europesays.com\/fr\/wp-json\/wp\/v2\/media?parent=525785"}],"wp:term":[{"taxonomy":"category","embeddable":true,"href":"https:\/\/www.europesays.com\/fr\/wp-json\/wp\/v2\/categories?post=525785"},{"taxonomy":"post_tag","embeddable":true,"href":"https:\/\/www.europesays.com\/fr\/wp-json\/wp\/v2\/tags?post=525785"}],"curies":[{"name":"wp","href":"https:\/\/api.w.org\/{rel}","templated":true}]}}