{"id":525788,"date":"2025-11-10T21:53:14","date_gmt":"2025-11-10T21:53:14","guid":{"rendered":"https:\/\/www.europesays.com\/fr\/525788\/"},"modified":"2025-11-10T21:53:14","modified_gmt":"2025-11-10T21:53:14","slug":"basket-nantes-replonge-reze-dans-ses-travers-defensifs-sport","status":"publish","type":"post","link":"https:\/\/www.europesays.com\/fr\/525788\/","title":{"rendered":"Basket. Nantes replonge Rez\u00e9 dans ses travers d\u00e9fensifs . Sport"},"content":{"rendered":"<p>\u00a0Je pensais qu\u2019ils avaient compris, souffle Donald Chantreau \u00e0 l\u2019heure du casse-cro\u00fbte d\u2019apr\u00e8s-match, samedi soir. C\u2019est la d\u00e9fense qui fait qu\u2019on est une meilleure \u00e9quipe, il faut arr\u00eater de penser qu\u2019on s\u2019en sortira sur le seul talent.\u00a0 Battu dans le derby, son groupe vient de manquer l\u2019occasion de chasser d\u00e9finitivement les nuages de son pire d\u00e9but de saison depuis 10\u00a0ans.<\/p>\n<p>Avec quatre d\u00e9faites cons\u00e9cutives, le RB 44\u00a0s\u2019\u00e9tait ressaisi en allant cr\u00e9er la surprise \u00e0 Niort puis en s\u2019imposant \u00e0 domicile contre le Stade Montois. Deux victoires b\u00e2ties sur un gros socle d\u00e9fensif, Rez\u00e9 encaissant 63 et 68\u00a0points. \u00a0C\u2019est assez simple finalement, quand on prend moins de 70\u00a0points, on gagne\u00a0, poursuit Chantreau. Sauf que le Nantes Basket Hermine en a inscrit 89\u00a0samedi, soit le m\u00eame total que Brissac lors de la premi\u00e8re journ\u00e9e.<\/p>\n<p>Absence de leadership<\/p>\n<p>Alors que le staff Rez\u00e9en esp\u00e9rait secr\u00e8tement \u00a0un match de tranch\u00e9es\u00a0, Emilien Reda et ses co\u00e9quipiers ont laiss\u00e9 les Nantais d\u00e9velopper leur jeu simple fait de relances et de premi\u00e8res intentions. Dans une salle Dugast o\u00f9 il \u00e9tait difficile de trouver une place assise, les spectateurs ont assist\u00e9 \u00e0 un match ouvert o\u00f9 les Moyon, Ciss\u00e9 et Moiti\u00e9 ont trop facilement perfor\u00e9 la raquette. Une tol\u00e9rance en forme d\u2019aubaine pour la troupe de Gendek, dont la victoire permet de doubler Rez\u00e9 au classement.<\/p>\n<p><a href=\"https:\/\/nantes.maville.com\/sport\/detail_-basket-ball.-n2m-la-reserve-du-nantes-bh-fait-le-plein-avant-le-derby-face-a-reze-_52716-7048291_actu.Htm\" target=\"_self\" rel=\"noopener\">Apr\u00e8s leur carton offensif \u00e0 domicile contre Auch<\/a>, les Nantais ont valid\u00e9 leur succ\u00e8s dans les derni\u00e8res minutes \u00e0 la faveur d\u2019un 17-2 r\u00e9dhibitoire dans le dernier acte. Outre l\u2019aspect d\u00e9fensif, la fin de match rat\u00e9e de Rez\u00e9 a mis en lumi\u00e8re l\u2019absence de leadership, \u00e0 l\u2019image d\u2019un Zayd Yahiaoui ayant tendance \u00e0 vouloir sauver la patrie tout seul. \u00a0C\u2019est souvent \u00e0 quitte ou double avec lui, r\u00e9agit son coach, d\u00e9\u00e7u mais pas d\u00e9pit\u00e9. On a un groupe jeune qui manque encore d\u2019exp\u00e9rience, il faut rester positif.\u00a0<\/p>\n<p>\u00a0<\/p>\n","protected":false},"excerpt":{"rendered":"\u00a0Je pensais qu\u2019ils avaient compris, souffle Donald Chantreau \u00e0 l\u2019heure du casse-cro\u00fbte d\u2019apr\u00e8s-match, samedi soir. C\u2019est la d\u00e9fense&hellip;\n","protected":false},"author":2,"featured_media":525789,"comment_status":"","ping_status":"","sticky":false,"template":"","format":"standard","meta":{"footnotes":""},"categories":[2818],"tags":[1111,11,3809,1465,1777,674,63,1011,27,1792,1922,766,12,2636,25,479,517,1470],"class_list":{"0":"post-525788","1":"post","2":"type-post","3":"status-publish","4":"format-standard","5":"has-post-thumbnail","7":"category-nantes","8":"tag-actu","9":"tag-actualites","10":"tag-ball","11":"tag-basket","12":"tag-eu","13":"tag-europe","14":"tag-football","15":"tag-fr","16":"tag-france","17":"tag-handball","18":"tag-info","19":"tag-nantes","20":"tag-news","21":"tag-pays-de-la-loire","22":"tag-republique-francaise","23":"tag-rugby","24":"tag-sport","25":"tag-volley"},"share_on_mastodon":{"url":"https:\/\/pubeurope.com\/@fr\/115527627834604508","error":""},"_links":{"self":[{"href":"https:\/\/www.europesays.com\/fr\/wp-json\/wp\/v2\/posts\/525788","targetHints":{"allow":["GET"]}}],"collection":[{"href":"https:\/\/www.europesays.com\/fr\/wp-json\/wp\/v2\/posts"}],"about":[{"href":"https:\/\/www.europesays.com\/fr\/wp-json\/wp\/v2\/types\/post"}],"author":[{"embeddable":true,"href":"https:\/\/www.europesays.com\/fr\/wp-json\/wp\/v2\/users\/2"}],"replies":[{"embeddable":true,"href":"https:\/\/www.europesays.com\/fr\/wp-json\/wp\/v2\/comments?post=525788"}],"version-history":[{"count":0,"href":"https:\/\/www.europesays.com\/fr\/wp-json\/wp\/v2\/posts\/525788\/revisions"}],"wp:featuredmedia":[{"embeddable":true,"href":"https:\/\/www.europesays.com\/fr\/wp-json\/wp\/v2\/media\/525789"}],"wp:attachment":[{"href":"https:\/\/www.europesays.com\/fr\/wp-json\/wp\/v2\/media?parent=525788"}],"wp:term":[{"taxonomy":"category","embeddable":true,"href":"https:\/\/www.europesays.com\/fr\/wp-json\/wp\/v2\/categories?post=525788"},{"taxonomy":"post_tag","embeddable":true,"href":"https:\/\/www.europesays.com\/fr\/wp-json\/wp\/v2\/tags?post=525788"}],"curies":[{"name":"wp","href":"https:\/\/api.w.org\/{rel}","templated":true}]}}