{"id":525798,"date":"2025-11-10T21:58:24","date_gmt":"2025-11-10T21:58:24","guid":{"rendered":"https:\/\/www.europesays.com\/fr\/525798\/"},"modified":"2025-11-10T21:58:24","modified_gmt":"2025-11-10T21:58:24","slug":"le-bebe-panda-roux-du-zoo-de-lille-a-desormais-un-nom-qui-signifie-cadeau","status":"publish","type":"post","link":"https:\/\/www.europesays.com\/fr\/525798\/","title":{"rendered":"Le b\u00e9b\u00e9 panda roux du zoo de Lille a d\u00e9sormais un nom, qui signifie \u00ab\u00a0cadeau\u00a0\u00bb"},"content":{"rendered":"<p>Le <a href=\"https:\/\/www.ouest-france.fr\/leditiondusoir\/2021-08-02\/mais-pourquoi-tout-le-monde-semerveille-devant-les-pandas-c72f6683-982c-44e5-87b0-76a8996cf240\" target=\"_self\" rel=\"noopener\">panda<\/a> roux qui a vu le jour le 16\u00a0juillet dernier au zoo de <a href=\"https:\/\/lille.maville.com\/\/\" target=\"_self\" rel=\"noopener\">Lille<\/a> (Nord) a d\u00e9sormais un nom. \u00c0 l\u2019issue d\u2019une consultation en ligne, c\u2019est\u00a0Upa, diminutif de Upahaar (cadeau en hindi), qui a \u00e9t\u00e9 choisi par plus de 3\u00a0700\u00a0internautes, <a href=\"https:\/\/www.lille.fr\/Zoo-de-Lille\/Actualites\/UPA-le-nom-du-jeune-panda-roux-du-zoo\" target=\"_blank\" rel=\"noopener\">a fait savoir la mairie dans un communiqu\u00e9<\/a>, vendredi 7\u00a0novembre 2025. Il a \u00e9t\u00e9 largement pr\u00e9f\u00e9r\u00e9 \u00e0\u00a0Koshi\u00a0et Jun, diminutifs de Koshi tapu et Nagarjun, des r\u00e9serves situ\u00e9es au N\u00e9pal.<\/p>\n<p>Une esp\u00e8ce menac\u00e9e\u00a0<\/p>\n<p>Upa est le troisi\u00e8me b\u00e9b\u00e9 du couple\u00a0Ruaridh et Mambo, <a href=\"https:\/\/lille.maville.com\/actu\/actudet_-un-evenement-tres-rare-deux-bebes-pandas-roux-sont-nes-au-zoo-de-lille-_53066-5447358_actu.Htm\" target=\"_blank\" rel=\"noopener\">apr\u00e8s la venue au monde de\u00a0Pyaro et Me\u00ef<\/a>. Le premier a depuis\u00a0rejoint River, une femelle du Thoiry Zoo Safari, et la seconde vit d\u00e9sormais aux c\u00f4t\u00e9s de Lali au parc animalier d\u2019Auvergne.<\/p>\n<\/p>\n<p>Selon la Ville de Lille, Upa <strong>\u00ab\u00a0jouera un r\u00f4le d\u2019ambassadeur pour son esp\u00e8ce et permettra de sensibiliser les visiteurs sur la situation de ses cong\u00e9n\u00e8res dans le milieu naturel\u00a0\u00bb<\/strong>. En effet, les pandas roux font face \u00e0 de nombreuses menaces, <a href=\"https:\/\/www.ifaw.org\/fr\/animaux\/panda-roux\" target=\"_blank\" rel=\"noopener\">rappelle l\u2019IFAW<\/a>. Ces animaux, seuls repr\u00e9sentants de la famille des\u00a0Ailurid\u00e9s, sont confront\u00e9s aux maladies, au braconnage, \u00e0 la destruction de leur habitat et au commerce ill\u00e9gal.\u00a0<\/p>\n<p>Un plan europ\u00e9en de pr\u00e9servation<\/p>\n<p><strong>\u00ab\u00a0En Chine, cette esp\u00e8ce a perdu pr\u00e8s de 40\u00a0% de ses effectifs durant les cinquante derni\u00e8res ann\u00e9es,<\/strong> alerte la mairie de Lille.<strong>\u00a0On estime que d\u2019ici trente ans, cette population aura encore diminu\u00e9 de 10\u00a0%.\u00a0\u00bb<\/strong> Le zoo de Lille participe ainsi \u00e0\u00a0un programme europ\u00e9en de conservation et de gestion de populations d\u2019une esp\u00e8ce animale menac\u00e9e et \u00e9lev\u00e9e en captivit\u00e9 (EEP). Il vise \u00e0 la pr\u00e9servation de certaines esp\u00e8ces menac\u00e9es et leur r\u00e9introduction progressive dans la nature. Les pandas roux qui naissent dans des parcs europ\u00e9ens sont donc ensuite plac\u00e9s dans d\u2019autres zoos, selon des r\u00e8gles strictes de diversification g\u00e9n\u00e9tique.<\/p>\n<p>En attendant de conna\u00eetre la destination d\u2019Upa, il est possible de venir l\u2019admirer dans son enclos. Mais pour cela, il faudra patienter jusqu\u2019au 14\u00a0f\u00e9vrier prochain, date de r\u00e9ouverture du zoo apr\u00e8s la fermeture hivernale.\u00a0<\/p>\n<p>\u00a0<\/p>\n","protected":false},"excerpt":{"rendered":"Le panda roux qui a vu le jour le 16\u00a0juillet dernier au zoo de Lille (Nord) a d\u00e9sormais&hellip;\n","protected":false},"author":2,"featured_media":525799,"comment_status":"","ping_status":"","sticky":false,"template":"","format":"standard","meta":{"footnotes":""},"categories":[2815],"tags":[1111,11,3493,6874,18637,1777,674,1011,27,811,1307,12,19800,34522,25,64536,19749,6031],"class_list":{"0":"post-525798","1":"post","2":"type-post","3":"status-publish","4":"format-standard","5":"has-post-thumbnail","7":"category-lille","8":"tag-actu","9":"tag-actualites","10":"tag-bebe","11":"tag-cadeau","12":"tag-desormais","13":"tag-eu","14":"tag-europe","15":"tag-fr","16":"tag-france","17":"tag-hauts-de-france","18":"tag-lille","19":"tag-news","20":"tag-nom","21":"tag-panda","22":"tag-republique-francaise","23":"tag-roux","24":"tag-signifie","25":"tag-zoo"},"share_on_mastodon":{"url":"https:\/\/pubeurope.com\/@fr\/115527647536978647","error":""},"_links":{"self":[{"href":"https:\/\/www.europesays.com\/fr\/wp-json\/wp\/v2\/posts\/525798","targetHints":{"allow":["GET"]}}],"collection":[{"href":"https:\/\/www.europesays.com\/fr\/wp-json\/wp\/v2\/posts"}],"about":[{"href":"https:\/\/www.europesays.com\/fr\/wp-json\/wp\/v2\/types\/post"}],"author":[{"embeddable":true,"href":"https:\/\/www.europesays.com\/fr\/wp-json\/wp\/v2\/users\/2"}],"replies":[{"embeddable":true,"href":"https:\/\/www.europesays.com\/fr\/wp-json\/wp\/v2\/comments?post=525798"}],"version-history":[{"count":0,"href":"https:\/\/www.europesays.com\/fr\/wp-json\/wp\/v2\/posts\/525798\/revisions"}],"wp:featuredmedia":[{"embeddable":true,"href":"https:\/\/www.europesays.com\/fr\/wp-json\/wp\/v2\/media\/525799"}],"wp:attachment":[{"href":"https:\/\/www.europesays.com\/fr\/wp-json\/wp\/v2\/media?parent=525798"}],"wp:term":[{"taxonomy":"category","embeddable":true,"href":"https:\/\/www.europesays.com\/fr\/wp-json\/wp\/v2\/categories?post=525798"},{"taxonomy":"post_tag","embeddable":true,"href":"https:\/\/www.europesays.com\/fr\/wp-json\/wp\/v2\/tags?post=525798"}],"curies":[{"name":"wp","href":"https:\/\/api.w.org\/{rel}","templated":true}]}}