{"id":525807,"date":"2025-11-10T22:08:19","date_gmt":"2025-11-10T22:08:19","guid":{"rendered":"https:\/\/www.europesays.com\/fr\/525807\/"},"modified":"2025-11-10T22:08:19","modified_gmt":"2025-11-10T22:08:19","slug":"jai-perdu-toute-ma-vie-des-habitants-sous-le-choc-dautres-pas-surpris","status":"publish","type":"post","link":"https:\/\/www.europesays.com\/fr\/525807\/","title":{"rendered":"\u00ab\u00a0J\u2019ai perdu toute ma vie\u00a0\u00bb\u2026 Des habitants sous le choc, d\u2019autres pas surpris"},"content":{"rendered":"<p> \u00abOn est rassur\u00e9, mais on attend de voir comment la suite va se passer\u00a0\u00bb, souffle timidement Sabhia, 61 ans apr\u00e8s une rencontre avec Vincent Jeanbrun, <a href=\"https:\/\/www.20minutes.fr\/dossier\/ministre\" class=\"c-link c-link--is-underlined\" target=\"_blank\" rel=\"noopener\">ministre<\/a> de la Ville et du Logement, accompagn\u00e9 par le maire Alexandre Vincendet (Horizons) de Rillieux-la-Pape. La sexag\u00e9naire habitait depuis quinze ans dans <a href=\"https:\/\/www.20minutes.fr\/faits_divers\/4184511-20251109-rhone-incendie-tir-mortier-tournage-illegal-clip-degenere-pres-lyon\" class=\"c-link c-link--is-underlined\" target=\"_blank\" rel=\"noopener\">l\u2019immeuble qui a pris feu samed<\/a>i dans cette commune de 32.000 habitants pr\u00e8s de Lyon.<\/p>\n<p>Sa voisine d\u2019en face raconte\u00a0: \u00ab\u00a0On lui criait de sortir, on voyait la fum\u00e9e et les flammes. On avait si peur que des bouteilles de gaz explosent\u2026 J\u2019ai h\u00e9berg\u00e9 Sabhia la nuit qui a suivi\u00a0: elle n\u2019a pas dormi, elle n\u2019a pas mang\u00e9\u2026 Elle \u00e9tait compl\u00e8tement traumatis\u00e9e.\u00a0\u00bb<\/p>\n<p>Un tournage de clip qui d\u00e9g\u00e9n\u00e8re<\/p>\n<p>Samedi vers 15 heures, un groupe de 20 \u00e0 30 jeunes, certains masqu\u00e9s, d\u2019autres avec une combinaison blanche, tournait un clip sans autorisation avec le rappeur local BFK.16, \u00e2g\u00e9 de 18 ans. Selon la pr\u00e9fecture, l\u2019arriv\u00e9e d\u2019une patrouille de police a d\u00e9clench\u00e9 des jets de projectiles. Un tir de mortier aurait alors atterri sur un balcon, provoquant l\u2019incendie qui a ravag\u00e9 cinq appartements.<\/p>\n<blockquote class=\"twitter-tweet\" align=\"center\" data-lang=\"fr_FR\">\n<p lang=\"fr\" dir=\"ltr\">Cet apr\u00e8s-midi des individus v\u00eatus de combinaisons blanches et noires ont fait usage de mortiers au cours d\u2019un tournage d\u2019un clip de rap ill\u00e9gal sur la voie publique \u00e0 Rillieux-la-Pape. Ils ont ensuite vis\u00e9 des policiers nationaux qui \u00e9taient pr\u00e9sents en stationnement. <\/p>\n<p>Ces tirs\u2026 <a href=\"https:\/\/t.co\/s3J21GhVCS\">pic.twitter.com\/s3J21GhVCS<\/a><\/p>\n<p>\u2014 Pr\u00e9f\u00e8te de r\u00e9gion Auvergne-Rh\u00f4ne-Alpes et du Rh\u00f4ne (@prefetrhone) <a href=\"https:\/\/twitter.com\/prefetrhone\/status\/1987232295263084704?ref_src=twsrc%5Etfw\" target=\"_blank\" rel=\"noopener\">November 8, 2025<\/a><\/p><\/blockquote>\n<p class=\"mb-xxl@xs color-ultramarine font-weight-semi-bold@xs font-source-serif-pro heading-s@xs\">L\u2019acc\u00e8s \u00e0 ce contenu a \u00e9t\u00e9 bloqu\u00e9 afin de respecter votre choix de consentement<\/p>\n<p class=\"mb-m@xs text-l@xs\">En cliquant sur\u00ab J\u2019accepte \u00bb, vous acceptez le d\u00e9p\u00f4t de cookies par des services externes et aurez ainsi acc\u00e8s aux contenus de nos partenaires.<\/p>\n<p class=\"mb-xl@xs text-s@xs\">Plus d\u2019informations sur la page<a href=\"https:\/\/www.20minutes.fr\/gestion-cookies\" class=\"mx-xxs@xs color-ultramarine\" target=\"_blank\" rel=\"noopener\">Politique de gestion des cookies<\/a><\/p>\n<p>J\u2019accepte<\/p>\n<p>\u00ab\u00a0Les choses sont all\u00e9es tr\u00e8s vite\u00a0\u00bb, retrace Marc*, un habitant de cet immeuble. \u00ab\u00a0Des jeunes ont frapp\u00e9 \u00e0 toutes les portes pour \u00e9vacuer les gens en attendant les secours\u00a0\u00bb, dit-il, rapportant les propos de ses filles pr\u00e9sentes dans l\u2019appartement au moment des faits. \u00ab\u00a0Elles ne r\u00e9alisent pas compl\u00e8tement ce qu\u2019il s\u2019est pass\u00e9 mais \u00e7a a \u00e9t\u00e9 violent. Ma petite s\u2019est \u00e9vanouie devant l\u2019immeuble en voyant les flammes\u2026\u00a0\u00bb, lance-t-il, tr\u00e8s affect\u00e9 par les faits.<\/p>\n<p>Une cellule psychologique mise en place<\/p>\n<p>Lila, qui vivait au 3e \u00e9tage, est elle aussi traumatis\u00e9e. \u00ab\u00a0J\u2019ai perdu toute ma vie\u00a0\u00bb, l\u00e2che-t-elle, an\u00e9antie. \u00ab\u00a0Plus de maison, plus de souvenirs, plus rien. Je suis \u00e0 la rue avec ma famille. Pour ma fille de 16 ans, c\u2019est terrible. Elle n\u2019a plus d\u2019affaires de cours, plus d\u2019ordinateur, plus de chambre\u2026 Je vivais l\u00e0 depuis vingt-deux ans.\u00a0\u00bb<\/p>\n<p>Apr\u00e8s le passage du ministre dans cette commune, les services de l\u2019Etat ont annonc\u00e9 qu\u2019une cellule psychologique allait \u00eatre mise en place \u00ab\u00a0dans la soir\u00e9e\u00a0\u00bb. \u00ab\u00a0On a besoin d\u2019un vrai accompagnement, pas juste de promesses, l\u00e2che-t-elle. Pourquoi il a fallu trois jours pour que les autorit\u00e9s r\u00e9alisent\u00a0? Moi j\u2019ai \u00e9t\u00e9 choqu\u00e9e, j\u2019ai eu peur, je cours partout depuis entre les rendez-vous m\u00e9dicaux et les assurances. Je n\u2019imagine m\u00eame pas l\u2019\u00e9tat psychologique des enfants et des cons\u00e9quences que \u00e7a va avoir\u00a0!\u00a0\u00bb<\/p>\n<p><img decoding=\"async\" alt=\"L'incendie a compl\u00e8tement ravag\u00e9 cinq appartements. Aucun bless\u00e9 n'est \u00e0 d\u00e9plorer.\" class=\"c-img\" loading=\"lazy\" fetchpriority=\"auto\" width=\"718\"  src=\"https:\/\/img.20mn.fr\/dGChOcJmTMaGxZ9_yFxv0ik\/718x0\" \/>L&rsquo;incendie a compl\u00e8tement ravag\u00e9 cinq appartements. Aucun bless\u00e9 n&rsquo;est \u00e0 d\u00e9plorer.\u2002-\u00a0E. Martin \/ 20 Minutes<\/p>\n<p>Au total, 39 personnes n\u2019ont pas pu regagner leur logement et ont \u00e9t\u00e9 prises en charge. Cinq appartements ont \u00e9t\u00e9 ravag\u00e9s par les flammes, \u00ab\u00a0inutilisables\u00a0\u00bb. \u00ab\u00a0Trois ont compl\u00e8tement \u00e9t\u00e9 d\u00e9truits, deux ont eu beaucoup de fum\u00e9e, qui ne sont plus habitables\u00a0\u00bb, a pr\u00e9cis\u00e9 la pr\u00e9fecture du Rh\u00f4ne. Les r\u00e9sidents ont rapidement pu \u00eatre \u00e9vacu\u00e9s, aucun bless\u00e9 n\u2019est \u00e0 d\u00e9plorer.<\/p>\n<p>Des versions qui s\u2019opposent<\/p>\n<p>Ce lundi apr\u00e8s-midi, le ministre de la Ville a justement tenu a remerci\u00e9 et apport\u00e9 son soutien aux forces de l\u2019ordre et de secours qui ont \u0153uvr\u00e9. \u00ab\u00a0Elles ont \u00e9t\u00e9 exemplaires et h\u00e9ro\u00efques qui ont sauv\u00e9 la vie des familles qui \u00e9taient menac\u00e9es dans l\u2019incendie\u00a0\u00bb, a-t-il affirm\u00e9. Depuis samedi, certaines rumeurs circulent affirmant que les pompiers avaient mis une trentaine de minutes pour intervenir. \u00ab\u00a0Un premier \u00e9quipage est arriv\u00e9 au bout de sept minutes, puis des renforts au bout de onze minutes\u00a0\u00bb, assure un pompier qui \u00e9tait sur place. \u00ab\u00a0C\u2019est un d\u00e9lai rapide\u00a0\u00bb, assure-t-il.<\/p>\n<p>Et d\u2019ajouter\u00a0: \u00ab\u00a0On a travaill\u00e9 3\/4 de notre temps sereinement. A la fin de notre intervention, il y a quelques \u00e9chauffour\u00e9es mais entre les jeunes et les policiers. Mais rien qui ne nous concernait.\u00a0\u00bb Au total, environ 70 sapeurs-pompiers ont \u00e9t\u00e9 mobilis\u00e9s pour ma\u00eetriser les flammes.<\/p>\n<\/p>\n<p>Certains habitants interrogent \u00e9galement la version des faits \u00ab\u00a0officielle\u00a0\u00bb. Elise Sabin, conseill\u00e8re municipale dans l\u2019opposition, confie aupr\u00e8s de 20 Minutes qu\u2019un \u00ab\u00a0palet lacrymog\u00e8ne\u00a0\u00bb tir\u00e9 par la police pourrait \u00eatre \u00e0 l\u2019origine du feu, rapportant des t\u00e9moignages de r\u00e9sidents. Une version d\u00e9mentie par la pr\u00e9fecture. \u00ab\u00a0Les images sont claires\u00a0\u00bb, appuie-t-elle. \u00ab\u00a0On demande de la transparence et \u00e0 voir les images de vid\u00e9osurveillance\u00a0\u00bb, r\u00e9clame alors l\u2019\u00e9lue d\u2019opposition.<\/p>\n<p>\u00ab\u00a0Il faut r\u00e9tablir la v\u00e9rit\u00e9\u00a0\u00bb<\/p>\n<p>Au c\u0153ur des barres d\u2019immeubles du quartier Michelet, Vincent Jeanbrun a rappel\u00e9 les faits \u00ab\u00a0d\u2019une gravit\u00e9 exceptionnelle\u00a0\u00bb. Pour lui, il n\u2019y a pas de doute quant aux responsables. \u00ab\u00a0Ceux qui ont mis le feu \u00e0 ce b\u00e2timent ne sont en rien des porte-paroles de nos quartiers, ils ont \u00e9t\u00e9 les incendiaires, et ils auraient pu \u00eatre des meurtriers sans l\u2019action des forces de l\u2019ordre\u00a0\u00bb, s\u2019est-il exclam\u00e9.<\/p>\n<p><img decoding=\"async\" alt=\"Le ministre de la Ville Vincent Jeanbrun en d\u00e9placement apr\u00e8s le violent incendie, avec le maire de Rillieux-la-Pape, Alexandre Vincendet.\" class=\"c-img\" loading=\"lazy\" fetchpriority=\"auto\" width=\"718\"  src=\"https:\/\/img.20mn.fr\/4U0TL9baRlmHjl3rLrVTBCk\/718x0\" \/>Le ministre de la Ville Vincent Jeanbrun en d\u00e9placement apr\u00e8s le violent incendie, avec le maire de Rillieux-la-Pape, Alexandre Vincendet.\u2002-\u00a0E. Martin \/ 20 Minutes<\/p>\n<p>\u00ab\u00a0Il faut r\u00e9tablir la v\u00e9rit\u00e9, a ensuite compl\u00e9t\u00e9 Alexandre Vincendet, le maire de la ville. Et la v\u00e9rit\u00e9 c\u2019est que ce sont des voyous qui sont venus avec des mortiers, qui ont tir\u00e9 sur des policiers. Ces derniers ne sont intervenus qu\u2019apr\u00e8s avoir \u00e9t\u00e9 la cible de ces tirs. Ils ont \u00e9t\u00e9 attaqu\u00e9s parce qu\u2019ils portaient l\u2019uniforme de la R\u00e9publique. Il y aurait pu avoir des morts, des habitants ont failli y passer. C\u2019est scandaleux\u00a0!\u00a0\u00bb<\/p>\n<p>\u00ab\u00a0Le clip de rap, c\u2019est un d\u00e9tail\u00a0\u00bb<\/p>\n<p>Mais dans le quartier, beaucoup rejettent ces discours. Pour Alexandre*, 33 ans, qui vit au Michelet depuis toujours, \u00ab\u00a0le clip de rap, c\u2019est un d\u00e9tail\u00a0\u00bb. \u00ab\u00a0Les jeunes en ont juste marre de se faire de traiter de voyous depuis des ann\u00e9es par un maire qui les a abandonn\u00e9s, l\u00e2che-t-il, assurant \u00eatre porte-parole de la jeunesse de ce quartier. Le maire a attis\u00e9 la haine avec ses propos et son m\u00e9pris.\u00a0\u00bb<\/p>\n<p>Gustave*, acteur social dans le quartier depuis vingt-cinq ans, rench\u00e9rit\u00a0: \u00ab\u00a0Plus rien n\u2019est fait pour accompagner nos jeunes, toutes les associations de quartier sont d\u00e9mont\u00e9es, les jeunes sont d\u00e9laiss\u00e9s, livr\u00e9s \u00e0 eux-m\u00eames, et sans cesse stigmatis\u00e9s par les autorit\u00e9s.\u00a0\u00bb Il sentait que \u00ab\u00a0quelque chose allait se passer\u00a0\u00bb. \u00ab\u00a0C\u2019\u00e9tait \u00e7a ou un mort\u2026\u00a0\u00bb, lance-t-il.<\/p>\n<p><img decoding=\"async\" alt=\"Des tags dans le quartier Michelet, \u00e0 Rillieux-la-Pape.\" class=\"c-img\" loading=\"lazy\" fetchpriority=\"auto\" width=\"718\"  src=\"https:\/\/img.20mn.fr\/O9st5QDVSTufosnQ2p9Akik\/718x0\" \/>Des tags dans le quartier Michelet, \u00e0 Rillieux-la-Pape.\u2002-\u00a0E.Martin \/ 20 Minutes<\/p>\n<p>Alexandre, reprend\u00a0: \u00ab\u00a0Rillieux, ce n\u2019est pas Chicago, c\u2019est une ville qui a la dalle, qui est pauvre. Alors, oui, il y a de la d\u00e9linquance, mais c\u2019est la fa\u00e7on des jeunes d\u2019exprimer leur col\u00e8re parce que personne ne veut les \u00e9couter.\u00a0\u00bb Alors que le maire et le ministre circulaient entre les barres d\u2019immeubles, il a tent\u00e9 de les interpeller. Sans r\u00e9sultat. \u00ab\u00a0Tout \u00e7a pour quoi alors\u00a0s\u2019ils ne discutent m\u00eame pas avec les habitants\u00a0?\u00a0!\u00a0\u00bb, s\u2019insurge-t-il.<\/p>\n<p>Avant de repartir, le ministre de la Ville a rappel\u00e9 la volont\u00e9 de l\u2019Etat de \u00ab\u00a0ne pas c\u00e9der \u00e0 la violence\u00a0\u00bb et de \u00ab\u00a0continuer \u00e0 r\u00e9nover les quartiers\u00a0\u00bb, promettant une r\u00e9ponse judiciaire ferme. Aucune interpellation n\u2019a eu \u00e0 ce stade. En attendant, des CRS ont \u00e9t\u00e9 d\u00e9ploy\u00e9s en renfort dans le quartier. Ils sont d\u00e9sormais 70 \u00e0 veiller sur la s\u00e9curit\u00e9 de la ville. \u00ab\u00a0On a surtout besoin de dialogue et de coh\u00e9sion sociale, conclut Marc. Pas d\u2019amalgames.\u00a0\u00bb<\/p>\n<p>* Les pr\u00e9noms ont \u00e9t\u00e9 modifi\u00e9s<\/p>\n<p><script async src=\"https:\/\/platform.twitter.com\/widgets.js\" charset=\"utf-8\"><\/script><\/p>\n","protected":false},"excerpt":{"rendered":"\u00abOn est rassur\u00e9, mais on attend de voir comment la suite va se passer\u00a0\u00bb, souffle timidement Sabhia, 61&hellip;\n","protected":false},"author":2,"featured_media":525808,"comment_status":"","ping_status":"","sticky":false,"template":"","format":"standard","meta":{"footnotes":""},"categories":[1889],"tags":[1111,47,11,2430,12513,1777,674,118,3561,1011,27,2428,3784,12,1311,3616,25,2429,2431],"class_list":{"0":"post-525807","1":"post","2":"type-post","3":"status-publish","4":"format-standard","5":"has-post-thumbnail","7":"category-lyon","8":"tag-actu","9":"tag-actualite","10":"tag-actualites","11":"tag-auvergne-rhone-alpes","12":"tag-crs","13":"tag-eu","14":"tag-europe","15":"tag-faits-divers","16":"tag-faits-divers-lyon","17":"tag-fr","18":"tag-france","19":"tag-lyon","20":"tag-ministre","21":"tag-news","22":"tag-pompiers","23":"tag-rap","24":"tag-republique-francaise","25":"tag-rhone","26":"tag-rhone-alpes"},"share_on_mastodon":{"url":"https:\/\/pubeurope.com\/@fr\/115527686932000914","error":""},"_links":{"self":[{"href":"https:\/\/www.europesays.com\/fr\/wp-json\/wp\/v2\/posts\/525807","targetHints":{"allow":["GET"]}}],"collection":[{"href":"https:\/\/www.europesays.com\/fr\/wp-json\/wp\/v2\/posts"}],"about":[{"href":"https:\/\/www.europesays.com\/fr\/wp-json\/wp\/v2\/types\/post"}],"author":[{"embeddable":true,"href":"https:\/\/www.europesays.com\/fr\/wp-json\/wp\/v2\/users\/2"}],"replies":[{"embeddable":true,"href":"https:\/\/www.europesays.com\/fr\/wp-json\/wp\/v2\/comments?post=525807"}],"version-history":[{"count":0,"href":"https:\/\/www.europesays.com\/fr\/wp-json\/wp\/v2\/posts\/525807\/revisions"}],"wp:featuredmedia":[{"embeddable":true,"href":"https:\/\/www.europesays.com\/fr\/wp-json\/wp\/v2\/media\/525808"}],"wp:attachment":[{"href":"https:\/\/www.europesays.com\/fr\/wp-json\/wp\/v2\/media?parent=525807"}],"wp:term":[{"taxonomy":"category","embeddable":true,"href":"https:\/\/www.europesays.com\/fr\/wp-json\/wp\/v2\/categories?post=525807"},{"taxonomy":"post_tag","embeddable":true,"href":"https:\/\/www.europesays.com\/fr\/wp-json\/wp\/v2\/tags?post=525807"}],"curies":[{"name":"wp","href":"https:\/\/api.w.org\/{rel}","templated":true}]}}