{"id":525813,"date":"2025-11-10T22:12:15","date_gmt":"2025-11-10T22:12:15","guid":{"rendered":"https:\/\/www.europesays.com\/fr\/525813\/"},"modified":"2025-11-10T22:12:15","modified_gmt":"2025-11-10T22:12:15","slug":"vous-les-desinformez-lfi-saisit-larcom-apres-une-interview-de-manuel-bompard-sur-franceinfo-et-france-inter","status":"publish","type":"post","link":"https:\/\/www.europesays.com\/fr\/525813\/","title":{"rendered":"\u00ab Vous les d\u00e9sinformez \u00bb : LFI saisit l\u2019Arcom apr\u00e8s une interview de Manuel Bompard sur franceinfo et France Inter"},"content":{"rendered":"<p class=\"paragraph text_align_left lp-f-body-02\">Une s\u00e9quence et une pol\u00e9mique. Dimanche, le coordinateur national de <a href=\"https:\/\/www.leparisien.fr\/politique\/lfi-qui-vote-a-droite-ma-dalton-devant-les-assises-trenitalia-qui-rale-nos-indiscretions-de-la-semaine-09-11-2025-R67GHHDKZJB57LMDYCTB2NVXUI.php\" target=\"_blank\" rel=\"noreferrer nofollow noopener\">La France insoumise<\/a> Manuel Bompard \u00e9tait l\u2019invit\u00e9 de l\u2019\u00e9mission \u00ab Questions politiques \u00bb, diffus\u00e9e en direct sur les antennes de France Inter et franceinfo TV. Un des sujets abord\u00e9s a \u00e9t\u00e9 <a href=\"https:\/\/www.leparisien.fr\/international\/etats-unis\/etats-unis-zohran-mamdani-devance-largement-andrew-cuomo-et-devient-maire-de-new-york-05-11-2025-FS6TLFW35RH5PC6SDHYRRUYKI4.php\" target=\"_blank\" rel=\"noreferrer nofollow noopener\">l\u2019\u00e9lection de Zohran Mamdani \u00e0 New York<\/a>, salu\u00e9e par la gauche et notamment LFI. <\/p>\n<p class=\"paragraph text_align_left lp-f-body-02\">\u00ab Il est ouvertement pro-palestinien et il a repris en son temps un slogan, le slogan mondialiser l\u2019intifada, en clair faire la guerre aux juifs partout dans le monde. Et quand on lui demande de condamner le 7 octobre et bien souvent il botte en touche et r\u00e9p\u00e8te que le probl\u00e8me c\u2019est l\u2019occupation d\u2019Isra\u00ebl. Est-ce que \u00e7a \u00e7a ne vous choque pas ? \u00bb, demande alors Alix Bouilhaguet \u00e0 Manuel Bompard. <\/p>\n<p class=\"paragraph text_align_left lp-f-body-02\">\u00ab Pardon madame de vous le dire, mais je crois que vous \u00eates ici pour informer les gens et pas les d\u00e9sinformer. Et l\u00e0 en l\u2019occurrence, par votre question, vous les d\u00e9sinformez \u00bb r\u00e9torque l\u2019\u00e9lu, d\u00e9non\u00e7ant de \u00ab fausses informations \u00bb \u00e9nonc\u00e9es juste avant par la journaliste. <\/p>\n<p>\u00ab La journaliste a tenu des affirmations factuellement fausses \u00bb<\/p>\n<p class=\"paragraph text_align_left lp-f-body-02\">La s\u00e9quence, reprise par des internautes sur le r\u00e9seau social X puis visionn\u00e9e des millions de fois, a suscit\u00e9 de vives critiques. Plus de 24 heures apr\u00e8s cette interview, La France insoumise a d\u00e9cid\u00e9 de saisir le Syndicat national des journalistes, la Soci\u00e9t\u00e9 des journalistes (SDJ) de France T\u00e9l\u00e9visions, la Soci\u00e9t\u00e9 des journalistes de France Inter, la m\u00e9diatrice de Radio France et enfin l\u2019Arcom. <\/p>\n<p class=\"paragraph text_align_left lp-f-body-02\">\u00ab \u00c0 plusieurs reprises au cours de cet entretien, la journaliste a tenu des affirmations factuellement fausses, que Manuel Bompard a d\u00fb corriger en direct \u00bb, accuse LFI dans son communiqu\u00e9. \u00ab Ces erreurs r\u00e9p\u00e9t\u00e9es ont conduit \u00e0 diffuser de fausses informations aupr\u00e8s du public, ce qui contrevient gravement aux r\u00e8gles \u00e9l\u00e9mentaires de d\u00e9ontologie journalistique qui s\u2019imposent au service public de l\u2019audiovisuel. \u00bb<\/p>\n<p>Les liens suppos\u00e9s entre l\u2019UNRWA et le Hamas \u00e9voqu\u00e9s en direct<\/p>\n<p class=\"paragraph text_align_left lp-f-body-02\">\u00ab Sur l\u2019expression globalisation de l\u2019intifada, Madame Bouilhaguet a affirm\u00e9 que le maire de New York aurait repris cette expression \u00e0 son compte, alors qu\u2019il a explicitement d\u00e9clar\u00e9 ne pas l\u2019utiliser \u00bb, d\u00e9taille ensuite le parti de Jean-Luc M\u00e9lenchon. \u00ab Elle a ensuite soutenu, \u00e0 tort, que Zohran Mandani, \u00e9lu new-yorkais, n\u2019aurait pas condamn\u00e9 <a href=\"https:\/\/www.leparisien.fr\/international\/israel\/les-images-les-plus-affreuses-de-nos-vies-heure-par-heure-ils-racontent-lhorreur-du-7-octobre-07-10-2024-WNZPT4QAR5ES7B5FOXALA2RXWE.php\" target=\"_blank\" rel=\"noreferrer nofollow noopener\">les attaques du 7 octobre<\/a>. \u00bb<\/p>\n<p class=\"paragraph text_align_left lp-f-body-02\">\u00ab Enfin, elle a mis en cause le fait que cet \u00e9lu l\u00e8ve des fonds pour l\u2019UNRWA, d\u00e9clarant : Une information exacte, il l\u00e8ve des fonds pour l\u2019UNRWA, c\u2019est une agence onusienne accus\u00e9e de collusion avec le Hamas, \u00e7a c\u2019est pas un probl\u00e8me aussi \u00bb, poursuit LFI. \u00ab Une telle formulation revient \u00e0 reprendre \u00e0 son compte une campagne de d\u00e9sinformation men\u00e9e depuis des mois pour d\u00e9cr\u00e9dibiliser une agence des Nations Unies. Or, la Cour internationale de justice a r\u00e9cemment confirm\u00e9 qu\u2019<a href=\"https:\/\/www.leparisien.fr\/international\/israel\/israel-impose-a-lunrwa-de-quitter-jerusalem-au-plus-tard-le-30-janvier-25-01-2025-KQELOC5OZFEI3OQG2KR7JLUHWU.php\" target=\"_blank\" rel=\"noreferrer nofollow noopener\">Isra\u00ebl n\u2019avait apport\u00e9 aucune preuve<\/a> de ces accusations, et rappel\u00e9 qu\u2019en tant que puissance occupante, il devait au contraire faciliter la livraison d\u2019aide humanitaire aux Palestiniens. \u00bb <\/p>\n<p class=\"paragraph text_align_left lp-f-body-02\">Pour l\u2019heure, la SDJ de France T\u00e9l\u00e9visions n\u2019a pas r\u00e9agi \u00e0 cette pol\u00e9mique, tout comme Alix Bouilhaguet. <\/p>\n","protected":false},"excerpt":{"rendered":"Une s\u00e9quence et une pol\u00e9mique. Dimanche, le coordinateur national de La France insoumise Manuel Bompard \u00e9tait l\u2019invit\u00e9 de&hellip;\n","protected":false},"author":2,"featured_media":525814,"comment_status":"","ping_status":"","sticky":false,"template":"","format":"standard","meta":{"footnotes":""},"categories":[1888],"tags":[1111,1928,11,1927,872,1777,674,1011,27,12,1926,626,1925,25,2205],"class_list":{"0":"post-525813","1":"post","2":"type-post","3":"status-publish","4":"format-standard","5":"has-post-thumbnail","7":"category-paris","8":"tag-actu","9":"tag-actu-paris","10":"tag-actualites","11":"tag-actualites-paris","12":"tag-culture-et-loisirs","13":"tag-eu","14":"tag-europe","15":"tag-fr","16":"tag-france","17":"tag-news","18":"tag-news-paris","19":"tag-paris","20":"tag-paris-news","21":"tag-republique-francaise","22":"tag-television-medias"},"share_on_mastodon":{"url":"https:\/\/pubeurope.com\/@fr\/115527702599057791","error":""},"_links":{"self":[{"href":"https:\/\/www.europesays.com\/fr\/wp-json\/wp\/v2\/posts\/525813","targetHints":{"allow":["GET"]}}],"collection":[{"href":"https:\/\/www.europesays.com\/fr\/wp-json\/wp\/v2\/posts"}],"about":[{"href":"https:\/\/www.europesays.com\/fr\/wp-json\/wp\/v2\/types\/post"}],"author":[{"embeddable":true,"href":"https:\/\/www.europesays.com\/fr\/wp-json\/wp\/v2\/users\/2"}],"replies":[{"embeddable":true,"href":"https:\/\/www.europesays.com\/fr\/wp-json\/wp\/v2\/comments?post=525813"}],"version-history":[{"count":0,"href":"https:\/\/www.europesays.com\/fr\/wp-json\/wp\/v2\/posts\/525813\/revisions"}],"wp:featuredmedia":[{"embeddable":true,"href":"https:\/\/www.europesays.com\/fr\/wp-json\/wp\/v2\/media\/525814"}],"wp:attachment":[{"href":"https:\/\/www.europesays.com\/fr\/wp-json\/wp\/v2\/media?parent=525813"}],"wp:term":[{"taxonomy":"category","embeddable":true,"href":"https:\/\/www.europesays.com\/fr\/wp-json\/wp\/v2\/categories?post=525813"},{"taxonomy":"post_tag","embeddable":true,"href":"https:\/\/www.europesays.com\/fr\/wp-json\/wp\/v2\/tags?post=525813"}],"curies":[{"name":"wp","href":"https:\/\/api.w.org\/{rel}","templated":true}]}}