{"id":525815,"date":"2025-11-10T22:13:15","date_gmt":"2025-11-10T22:13:15","guid":{"rendered":"https:\/\/www.europesays.com\/fr\/525815\/"},"modified":"2025-11-10T22:13:15","modified_gmt":"2025-11-10T22:13:15","slug":"un-cinema-de-paris-touche-par-des-punaises-de-lit-revolte-des-spectateurs","status":"publish","type":"post","link":"https:\/\/www.europesays.com\/fr\/525815\/","title":{"rendered":"un cin\u00e9ma de Paris touch\u00e9 par des punaises de lit r\u00e9volte des spectateurs"},"content":{"rendered":"<p>            Par<br \/>\n        <strong><br \/>\n            <a href=\"https:\/\/actu.fr\/auteur\/thomas-rideau\" title=\"Consulter tous les articles de Thomas Rideau\" rel=\"nofollow noopener\" target=\"_blank\">Thomas Rideau<\/a><br \/>\n        <\/strong><\/p>\n<p>        Publi\u00e9 le<\/p>\n<p>            10 nov. 2025 \u00e0 18h31        <\/p>\n<p>Ce vendredi 7\u00a0novembre 2025, les spectateurs de ce cin\u00e9ma de <a href=\"https:\/\/actu.fr\/ile-de-france\/paris_75056\" rel=\"nofollow noopener\" target=\"_blank\">Paris<\/a> ont v\u00e9cu<strong> un film d\u2019horreur<\/strong>. D\u2019abord parce que sur le grand \u00e9cran \u00e9tait projet\u00e9 le cultissime Alien de Ridley Scott, mais aussi parce que la salle abritait d\u2019inqui\u00e9tants intrus. \u00c0 savoir, des punaises de lit. Des spectateurs, joints par actu Paris, affirment avoir \u00e9t\u00e9<strong> \u00ab\u2009d\u00e9vor\u00e9s\u2009\u00bb<\/strong> par les petites b\u00eates durant toute la s\u00e9ance.<\/p>\n<p>\u00ab\u2009Ils courraient sur nos v\u00eatements\u2009\u00bb<\/p>\n<p class=\" wall-content\">\u00ab\u2009J\u2019ai commenc\u00e9 \u00e0 les voir <strong>courir sur nos v\u00eatements et sur nos sacs<\/strong> pendant la master class de Sigourney Weaver\u2009\u00bb, raconte Madani Bendjellal. En effet, ce vendredi 7\u00a0novembre dans la soir\u00e9e, c\u2019\u00e9tait soir\u00e9e de gala \u00e0 la <a href=\"https:\/\/actu.fr\/ile-de-france\/paris_75056\/violences-sexuelles-paris-la-defense-tendancieuse-des-dirigeants-de-la-cinematheque-a-l-assemblee-nationale_62135202.html\" rel=\"nofollow noopener\" target=\"_blank\">Cin\u00e9math\u00e8que de Paris<\/a> (12\u1d49 arrondissement). Apr\u00e8s la projection du film, Alien, le huiti\u00e8me passager, l\u2019actrice qui tient le r\u00f4le principal est venue r\u00e9pondre aux questions <strong>des spectateurs<\/strong> dans la grande salle Henri-Langlois.<\/p>\n<p class=\" wall-content\">Et c\u2019est durant ce deuxi\u00e8me temps que Madani Bendjellal remarque les punaises de lit. \u00ab\u2009J\u2019en ai \u00e9cras\u00e9 trois. \u00c0 la fin de la master class, nous nous sommes tous inspect\u00e9s\u2009; certains avaient \u00e9t\u00e9 piqu\u00e9s.\u2009\u00bb C\u2019est le cas notamment <strong>d\u2019Antonio.<\/strong> \u00ab\u2009C\u2019est simple,<strong> je me suis fait bouffer\u2009!<\/strong>\u2009\u00bb Apr\u00e8s <a href=\"https:\/\/actu.fr\/centre-val-de-loire\/nogent-le-rotrou_28280\/punaise-de-lit-comment-agir-si-jen-ai-chez-moi-des-pharmaciens-repondent_60866575.html#:~:text=%C2%AB%20Les%20draps%2C%20la%20couette%2C,infos%20qui%20comptent%20pour%20vous.\" rel=\"nofollow noopener\" target=\"_blank\">une minutieuse inspection<\/a>, il se rassure n\u00e9anmoins\u2009: il n\u2019en a pas ramen\u00e9 chez lui. \u00ab\u2009Ce qui m\u2019emb\u00eate, c\u2019est que c\u2019est la deuxi\u00e8me fois que \u00e7a m\u2019arrive dans la m\u00eame salle. S\u2019ils ont des processus de d\u00e9sinsectisation, ils ne marchent pas. C\u2019est<strong> un grave probl\u00e8me sanitaire<\/strong>.\u2009\u00bb<\/p>\n<p>Direction la laverie<\/p>\n<p class=\" wall-content\">\u00ab\u2009Je n\u2019ai plus trop envie d\u2019aller \u00e0 la Cin\u00e9math\u00e8que depuis\u2009\u00bb, regrette celui qui y a pourtant ses habitudes depuis presque 10\u00a0ans. Pour Madani Bendjellal, le retour \u00e0 la maison a \u00e9t\u00e9 <strong>plus laborieux<\/strong>. \u00ab\u2009J\u2019ai mis tous nos v\u00eatements <a href=\"https:\/\/actu.fr\/societe\/punaises-de-lit-crottes-piqures-cachettes-comment-les-reconnaitre_60162093.html\" rel=\"nofollow noopener\" target=\"_blank\">dans un sac-poubelle<\/a> et on s\u2019est retrouv\u00e9 en sous-v\u00eatement devant chez nous. Et le lendemain, direction la laverie.\u2009\u00bb Sa compagne, qui pr\u00e9sentait de nombreuses morsures sur le corps, a d\u00fb aller<strong> \u00e0 la pharmacie<\/strong> dans laquelle l\u2019origine du probl\u00e8me a d\u2019ailleurs \u00e9t\u00e9 confirm\u00e9e.<\/p>\n<blockquote class=\"ac-article-quote wall-content\">\n<p>C&rsquo;est un grave probl\u00e8me sanitaire qui peut pourrir la vie des gens. On a l&rsquo;impression que la Cin\u00e9math\u00e8que ne prend pas au s\u00e9rieux ce probl\u00e8me<\/p>\n<p>    <strong>Madani Bendjellal<\/strong><br \/>\n        Spectateur de la Cin\u00e9math\u00e8que    <\/p><\/blockquote>\n<p class=\" wall-content\">Aur\u00e9lien, un autre spectateur dans la salle, a aussi vu des punaises de lit lors de la s\u00e9ance, affirme-t-il \u00e0 actu Paris. \u00ab\u2009Quand je suis rentr\u00e9 chez moi, j\u2019ai tout mis dans un sac\u2009\u00bb, mais, par chance, celui-ci n\u2019a pas \u00e9t\u00e9 piqu\u00e9. Antonio reprend\u2009: \u00ab\u2009Qui doit payer si je dois d\u00e9sinfecter tout mon logement\u2009? Jeter mon matelas\u2009?\u2009\u00bb<\/p>\n<p>\u00ab\u2009Nous allons intensifier notre protocole\u2009\u00bb assure la Cin\u00e9math\u00e8que<\/p>\n<p class=\" wall-content\">Contact\u00e9e, la salle de cin\u00e9ma assure \u00ab\u2009que ce sujet est pris tr\u00e8s au s\u00e9rieux par la Cin\u00e9math\u00e8que fran\u00e7aise\u2009\u00bb. \u00ab\u2009Depuis plus de trois ans, nous avons mis en place un protocole strict et r\u00e9gulier de pr\u00e9vention contre les punaises de lit, visant \u00e0 prot\u00e9ger nos publics\u2009\u00bb, assure la structure. Et de citer de la <strong>\u00ab\u2009d\u00e9tection canine\u2009\u00bb<\/strong>, des \u00ab\u2009d\u00e9sinsectisations faites par des professionnels de nos salles chaque trimestre\u2009\u00bb et en compl\u00e9ment des \u00ab\u2009op\u00e9rations internes de n\u00e9bulisation, r\u00e9alis\u00e9es au moins une fois par mois, et<strong> intensifi\u00e9es d\u00e8s que n\u00e9cessaire<\/strong>\u2009\u00bb.<\/p>\n<p>Votre r\u00e9gion, votre actu !<\/p>\n<p>Recevez chaque jour les infos qui comptent pour vous.<\/p>\n<p>\t<a href=\"https:\/\/actu.fr\/newsletter\" class=\"ac-btn ac-btn--corner ac-btn--medium ac-btn--blue800\" rel=\"nofollow noopener\" target=\"_blank\">S&rsquo;incrire<\/a><\/p>\n<p class=\" wall-content\">Et de pr\u00e9ciser\u2009: \u00ab\u2009Tenant compte des signalements, nous allons intensifier notre protocole. La prochaine d\u00e9tection canine est pr\u00e9vue<strong> cette semaine<\/strong>, et la d\u00e9sinsectisation par les professionnels dans la foul\u00e9e.\u2009\u00bb La salle conclut\u2009: \u00ab\u2009Des d\u00e9tections canines et des d\u00e9sinsectisations \u00e0 la vapeur vont \u00eatre mises en place sur un rythme hebdomadaire.\u2009\u00bb<\/p>\n<p class=\" wall-content\">Personnalisez votre actualit\u00e9 en ajoutant vos villes et m\u00e9dias en favori avec <a href=\"https:\/\/moncompte.actu.fr\" title=\"D\u00e9couvez Mon Actu\" rel=\"nofollow noopener\" data-trk=\"{&quot;cta&quot;:{&quot;action&quot;:&quot;https:\\\/\\\/moncompte.actu.fr&quot;,&quot;category&quot;:&quot;mon compte&quot;,&quot;from&quot;:&quot;article footer&quot;,&quot;name&quot;:&quot;Mon actu&quot;,&quot;type&quot;:&quot;cta&quot;}}\" target=\"_blank\">Mon Actu<\/a>.<\/p>\n","protected":false},"excerpt":{"rendered":"Par Thomas Rideau Publi\u00e9 le 10 nov. 2025 \u00e0 18h31 Ce vendredi 7\u00a0novembre 2025, les spectateurs de ce&hellip;\n","protected":false},"author":2,"featured_media":525816,"comment_status":"","ping_status":"","sticky":false,"template":"","format":"standard","meta":{"footnotes":""},"categories":[1888],"tags":[11,650,1777,674,118,1011,27,12,626,56773,25],"class_list":{"0":"post-525815","1":"post","2":"type-post","3":"status-publish","4":"format-standard","5":"has-post-thumbnail","7":"category-paris","8":"tag-actualites","9":"tag-cinema","10":"tag-eu","11":"tag-europe","12":"tag-faits-divers","13":"tag-fr","14":"tag-france","15":"tag-news","16":"tag-paris","17":"tag-punaises-de-lit","18":"tag-republique-francaise"},"share_on_mastodon":{"url":"https:\/\/pubeurope.com\/@fr\/115527706501399638","error":""},"_links":{"self":[{"href":"https:\/\/www.europesays.com\/fr\/wp-json\/wp\/v2\/posts\/525815","targetHints":{"allow":["GET"]}}],"collection":[{"href":"https:\/\/www.europesays.com\/fr\/wp-json\/wp\/v2\/posts"}],"about":[{"href":"https:\/\/www.europesays.com\/fr\/wp-json\/wp\/v2\/types\/post"}],"author":[{"embeddable":true,"href":"https:\/\/www.europesays.com\/fr\/wp-json\/wp\/v2\/users\/2"}],"replies":[{"embeddable":true,"href":"https:\/\/www.europesays.com\/fr\/wp-json\/wp\/v2\/comments?post=525815"}],"version-history":[{"count":0,"href":"https:\/\/www.europesays.com\/fr\/wp-json\/wp\/v2\/posts\/525815\/revisions"}],"wp:featuredmedia":[{"embeddable":true,"href":"https:\/\/www.europesays.com\/fr\/wp-json\/wp\/v2\/media\/525816"}],"wp:attachment":[{"href":"https:\/\/www.europesays.com\/fr\/wp-json\/wp\/v2\/media?parent=525815"}],"wp:term":[{"taxonomy":"category","embeddable":true,"href":"https:\/\/www.europesays.com\/fr\/wp-json\/wp\/v2\/categories?post=525815"},{"taxonomy":"post_tag","embeddable":true,"href":"https:\/\/www.europesays.com\/fr\/wp-json\/wp\/v2\/tags?post=525815"}],"curies":[{"name":"wp","href":"https:\/\/api.w.org\/{rel}","templated":true}]}}