{"id":52582,"date":"2025-04-25T20:11:08","date_gmt":"2025-04-25T20:11:08","guid":{"rendered":"https:\/\/www.europesays.com\/fr\/52582\/"},"modified":"2025-04-25T20:11:08","modified_gmt":"2025-04-25T20:11:08","slug":"benjamin-haddad-la-russie-veut-effacer-lukraine-en-tant-quetat-nation-cest-inacceptable","status":"publish","type":"post","link":"https:\/\/www.europesays.com\/fr\/52582\/","title":{"rendered":"Benjamin Haddad: \u00abLa Russie veut effacer l&rsquo;Ukraine en tant qu&rsquo;\u00c9tat-nation, c\u2019est inacceptable\u00bb"},"content":{"rendered":"<p>\n                                                Alors que les Europ\u00e9ens continuent \u00e0 s&rsquo;interroger sur leur place et leur puissance dans un monde tr\u00e8s mouvant et que la France s&rsquo;efforce d&rsquo;\u00eatre au c\u0153ur du r\u00e9acteur europ\u00e9en, Benjamin Haddad, ministre d\u00e9l\u00e9gu\u00e9 \u00e0 l\u2019Europe s\u2019exprime sur la pr\u00e9sidence Trump, la guerre en Ukraine et la nouvelle donne g\u00e9opolitique.\u00a0                    <\/p>\n<p>\u00c0\u00a0l\u2019approche des 100 jours de la pr\u00e9sidence de Donald Trump \u00e0 la Maison Blanche, Benjamin Haddad, qui a travaill\u00e9 plusieurs ann\u00e9es \u00e0 Washington dans des think tanks politiques, estime\u00a0que \u00ab\u00a0nous sommes \u00e0 un moment de bascule historique pour notre continent<strong>\u00a0<\/strong>et qu\u2019il faut en tirer les conclusions\u00a0\u00bb.<\/p>\n<p><strong>\u00ab<\/strong>\u00a0<strong>Sur l\u2019Ukraine, la Russie a des vis\u00e9es maximalistes et inacceptables<\/strong>\u00a0<strong>\u00bb<\/strong><\/p>\n<p>Benjamin Haddad \u00e9voque la guerre d&rsquo;agression de la Russie contre l\u2019Ukraine \u00ab\u00a0qui a un impact sur la libert\u00e9, la d\u00e9mocratie et la souverainet\u00e9 des Ukrainiens, mais plus profond\u00e9ment sur notre s\u00e9curit\u00e9 \u00e0 nous, Europ\u00e9ens, puisque les Ukrainiens se battent aussi pour la s\u00e9curit\u00e9 de l&rsquo;Europe et c&rsquo;est pour cela que nous les soutenons\u00a0\u00bb.\u00a0<\/p>\n<p>Il pointe clairement la responsabilit\u00e9 de la Russie\u00a0: \u00ab\u00a0La v\u00e9rit\u00e9, c&rsquo;est que le pr\u00e9sident <strong><a target=\"_self\" href=\"https:\/\/www.rfi.fr\/fr\/tag\/volodymyr-zelensky\/\" rel=\"noopener\">Zelensky<\/a><\/strong>, il y a plus d&rsquo;un mois d\u00e9j\u00e0, a dit qu&rsquo;il souhaitait une tr\u00eave inconditionnelle, qu&rsquo;il y \u00e9tait pr\u00eat. La Russie n&rsquo;a pas r\u00e9pondu. [\u2026] La Russie continue de frapper les civils, les infrastructures, les militaires ukrainiens. Elle continue d&rsquo;avoir des vis\u00e9es maximalistes et inacceptables\u00a0: la neutralisation et la d\u00e9militarisation de l&rsquo;Ukraine, le renversement du pr\u00e9sident Zelensky.\u00a0Fondamentalement, ce que la Russie cherche depuis le d\u00e9but, c&rsquo;est d&rsquo;effacer l&rsquo;Ukraine en tant qu&rsquo;\u00c9tat-nation, en tant que nation souveraine et ind\u00e9pendante. Et \u00e7a, c&rsquo;est inacceptable. \u00bb<\/p>\n<p>Benjamin Haddad rappelle les initiatives diplomatiques prises par les Europ\u00e9ens comme la rencontre avec le secr\u00e9taire d&rsquo;\u00c9tat am\u00e9ricain et le n\u00e9gociateur Steve Witkoff \u00e0 Paris. \u00ab\u00a0C&rsquo;\u00e9tait la premi\u00e8re fois que nous avions autour de la table les Ukrainiens, les Europ\u00e9ens et les Am\u00e9ricains pour dire que nous souhaitions un cessez-le-feu.\u00a0\u00bb<\/p>\n<p><strong>Face la guerre <a target=\"_self\" href=\"https:\/\/www.rfi.fr\/fr\/tag\/commerce-et-\u00e9changes\/\" rel=\"noopener\">commerciale<\/a>, \u00ab<\/strong>\u00a0<strong>l\u2019Union europ\u00e9enne a les moyens d&rsquo;imposer un rapport de force<\/strong>\u00a0\u00bb<\/p>\n<p>Pour Benjamin Haddad, les droits de douane impos\u00e9s par Donald Trump\u00a0sont compl\u00e8tement injustifi\u00e9s et ne correspondent en rien \u00e0 la r\u00e9alit\u00e9 des relations \u00e9conomiques entre l&rsquo;Union europ\u00e9enne et les \u00c9tats-Unis. \u00ab\u00a0D\u00e9j\u00e0, cela n&rsquo;inclut pas les relations sur les services. Et les Europ\u00e9ens sont importateurs de services, en particulier de services num\u00e9riques am\u00e9ricains. On y compte des taxes qui sont impos\u00e9es \u00e0 toutes les entreprises, y compris europ\u00e9ennes, comme la TVA, la taxe sur la valeur ajout\u00e9e, cela n\u2019a aucun sens. Ce que nous constatons aussi, c&rsquo;est que cette guerre commerciale n\u2019est dans l&rsquo;int\u00e9r\u00eat de personne. Elle va avoir un impact inflationniste sur les \u00c9tats-Unis, les march\u00e9s boursiers sont en train de d\u00e9visser et donc l\u2019impact \u00e9conomique est tr\u00e8s n\u00e9gatif. \u00bb<\/p>\n<p>Face \u00e0 cette situation, l\u2019Europe a les moyens de r\u00e9agir, souligne le ministre d\u00e9l\u00e9gu\u00e9 \u00e0 l\u2019Europe\u00a0: \u00ab\u00a0Aujourd&rsquo;hui, la Commission europ\u00e9enne m\u00e8ne une n\u00e9gociation pour mener \u00e0 la d\u00e9sescalade avec les \u00c9tats-Unis. Nous la soutenons. Nous, ce que nous avons dit aussi, c&rsquo;est que nous devons \u00eatre pr\u00eats \u00e0 utiliser des instruments de r\u00e9ponse que nous avons d\u00e9velopp\u00e9s ces derni\u00e8res ann\u00e9es. Je pense par exemple \u00e0 l&rsquo;instrument anti-coercition qui permettrait d&rsquo;\u00e9largir la palette d&rsquo;instruments dont dispose l&rsquo;Union europ\u00e9enne\u00a0[\u2026] La pr\u00e9sidente de la Commission elle-m\u00eame a dit que la taxation des services <strong><a target=\"_self\" href=\"https:\/\/www.rfi.fr\/fr\/tag\/num\u00e9rique\/\" rel=\"noopener\">num\u00e9riques<\/a><\/strong> \u00e9tait une possibilit\u00e9. Nous avons des instruments et l&rsquo;Europe n&rsquo;est pas faible. L\u2019Europe, c&rsquo;est 450 millions d&rsquo;individus. C&rsquo;est un grand march\u00e9 int\u00e9gr\u00e9. C&rsquo;est le premier partenaire commercial des \u00c9tats-Unis. Donc, nous avons les moyens d&rsquo;imposer un rapport de force et de d\u00e9fendre nos int\u00e9r\u00eats. \u00bb<\/p>\n<p>Benjamin Haddad rend aussi hommage au <strong><a target=\"_self\" href=\"https:\/\/www.rfi.fr\/fr\/tag\/pape-fran\u00e7ois\/\" rel=\"noopener\">pape Fran\u00e7ois<\/a><\/strong>, pour les catholiques et \u00ab\u00a0tous ceux qui ont vu dans ce pape une source d&rsquo;inspiration dans la voie vers le dialogue, vers la paix, vers la tol\u00e9rance \u00bb. Il rappelle aussi les positions du souverain pontife sur la question de l&rsquo;<strong><a target=\"_self\" href=\"https:\/\/www.rfi.fr\/fr\/tag\/immigration\/\" rel=\"noopener\">immigration<\/a><\/strong> et ajoute\u00a0: \u00ab\u00a0Il y a dans tous nos pays une exigence normale, naturelle, de ma\u00eetriser nos fronti\u00e8res, d&rsquo;avoir des politiques migratoires d\u00e9mocratiques, de pouvoir faire respecter la loi. Mais ce qu\u2019il nous a rappel\u00e9, c&rsquo;est que derri\u00e8re ces principes, il y a des individus, il y a des parcours de vie, il y a des femmes, des hommes, des enfants. Nous avons vu les drames humains en M\u00e9diterran\u00e9e avec des centaines de morts dans des conditions absolument atroces. Et donc nous avons encore une fois l&rsquo;exigence, en tant que dirigeants politiques, de faire respecter le droit de faire respecter la loi et de le faire avec humanit\u00e9. \u00bb<\/p>\n","protected":false},"excerpt":{"rendered":"Alors que les Europ\u00e9ens continuent \u00e0 s&rsquo;interroger sur leur place et leur puissance dans un monde tr\u00e8s mouvant&hellip;\n","protected":false},"author":2,"featured_media":52583,"comment_status":"","ping_status":"","sticky":false,"template":"","format":"standard","meta":{"footnotes":""},"categories":[1591],"tags":[11,75,73,674,1887,7248,12,1885,1886,132,220,364],"class_list":{"0":"post-52582","1":"post","2":"type-post","3":"status-publish","4":"format-standard","5":"has-post-thumbnail","7":"category-russie","8":"tag-actualites","9":"tag-donald-trump","10":"tag-etats-unis","11":"tag-europe","12":"tag-federation-de-russie","13":"tag-ici-leurope","14":"tag-news","15":"tag-russia","16":"tag-russian-federation","17":"tag-russie","18":"tag-ukraine","19":"tag-union-europeenne"},"share_on_mastodon":{"url":"https:\/\/pubeurope.com\/@fr\/114400427232549997","error":""},"_links":{"self":[{"href":"https:\/\/www.europesays.com\/fr\/wp-json\/wp\/v2\/posts\/52582","targetHints":{"allow":["GET"]}}],"collection":[{"href":"https:\/\/www.europesays.com\/fr\/wp-json\/wp\/v2\/posts"}],"about":[{"href":"https:\/\/www.europesays.com\/fr\/wp-json\/wp\/v2\/types\/post"}],"author":[{"embeddable":true,"href":"https:\/\/www.europesays.com\/fr\/wp-json\/wp\/v2\/users\/2"}],"replies":[{"embeddable":true,"href":"https:\/\/www.europesays.com\/fr\/wp-json\/wp\/v2\/comments?post=52582"}],"version-history":[{"count":0,"href":"https:\/\/www.europesays.com\/fr\/wp-json\/wp\/v2\/posts\/52582\/revisions"}],"wp:featuredmedia":[{"embeddable":true,"href":"https:\/\/www.europesays.com\/fr\/wp-json\/wp\/v2\/media\/52583"}],"wp:attachment":[{"href":"https:\/\/www.europesays.com\/fr\/wp-json\/wp\/v2\/media?parent=52582"}],"wp:term":[{"taxonomy":"category","embeddable":true,"href":"https:\/\/www.europesays.com\/fr\/wp-json\/wp\/v2\/categories?post=52582"},{"taxonomy":"post_tag","embeddable":true,"href":"https:\/\/www.europesays.com\/fr\/wp-json\/wp\/v2\/tags?post=52582"}],"curies":[{"name":"wp","href":"https:\/\/api.w.org\/{rel}","templated":true}]}}