{"id":525823,"date":"2025-11-10T22:18:24","date_gmt":"2025-11-10T22:18:24","guid":{"rendered":"https:\/\/www.europesays.com\/fr\/525823\/"},"modified":"2025-11-10T22:18:24","modified_gmt":"2025-11-10T22:18:24","slug":"donald-trump-a-recu-le-president-syrien-et-ancien-combattant-jihadiste-ahmed-al-charaa-a-la-maison-blanche","status":"publish","type":"post","link":"https:\/\/www.europesays.com\/fr\/525823\/","title":{"rendered":"Donald Trump a re\u00e7u le pr\u00e9sident syrien et ancien combattant jihadiste Ahmed al-Charaa \u00e0 la Maison Blanche"},"content":{"rendered":"\n<p class=\"c-chapo \">\n  Les deux dirigeants ont \u00e9voqu\u00e9 \u00ab\u00a0les mani\u00e8res de d\u00e9velopper et renforcer\u00a0\u00bb la relation bilat\u00e9rale, ainsi que \u00ab\u00a0plusieurs sujets r\u00e9gionaux et internationaux\u00a0\u00bb, selon la pr\u00e9sidence syrienne.\n<\/p>\n<p>      lire plus tard<\/p>\n<p id=\"dialog__title\" class=\"dialog__title\">Pour sauvegarder cet article, connectez-vous ou cr\u00e9ez un compte franceinfo<\/p>\n<p class=\"dialog__description\">Sans paiement. Sans abonnement.<\/p>\n<p>        Fermer la fen\u00eatre d\u2019activation des notifications France Info<\/p>\n<p>      cr\u00e9er votre compte<\/p>\n<p>      se connecter<\/p>\n<p>        Fermer la fen\u00eatre de pr\u00e9sentation<\/p>\n<p>    <img loading=\"lazy\" decoding=\"async\" class=\"signature__image lazyload\" width=\"100\" height=\"100\" data- alt=\"\" src=\"https:\/\/www.europesays.com\/fr\/wp-content\/uploads\/2025\/05\/64a68815cd1a7_placeholder-36b69ec8.png\"\/><\/p>\n<p>    Publi\u00e9 le 10\/11\/2025 22:24<\/p>\n<p>        Temps de lecture : 2min<\/p>\n<p>    <img decoding=\"async\"  alt=\"Le pr\u00e9sident de l'autorit\u00e9 de transition syrienne Ahmed al-Charaa rencontre Emmanuel Macron \u00e0 l'Elys\u00e9e, le 7 mai 2025. (DANIEL PIER \/ NURPHOTO \/ AFP)\" width=\"432\" height=\"243\" src=\"https:\/\/www.europesays.com\/fr\/wp-content\/uploads\/2025\/11\/075-pelletier-notitle250509-npgdv-6912562c05220784084721.jpg\" fetchpriority=\"high\"\/><\/p>\n<p>      Le pr\u00e9sident de l&rsquo;autorit\u00e9 de transition syrienne Ahmed al-Charaa rencontre Emmanuel Macron \u00e0 l&rsquo;Elys\u00e9e, le 7 mai 2025. (DANIEL PIER \/ NURPHOTO \/ AFP)<\/p>\n<p>C&rsquo;est une premi\u00e8re pour un chef d&rsquo;Etat syrien, et une cons\u00e9cration pour l&rsquo;ancien jihadiste. Le pr\u00e9sident des Etats-Unis Donald Trump a re\u00e7u \u00e0 la Maison Blanche <a href=\"https:\/\/www.franceinfo.fr\/monde\/revolte-en-syrie\/emmanuel-macron-juge-imperatif-d-eviter-que-la-violence-se-repete-en-syrie-theatre-d-affrontements-entre-druzes-et-bedouins_7400683.html\" rel=\"nofollow noopener\" target=\"_blank\">son homologue syrien Ahmed al-Charaa<\/a> pour une visite historique qui s&rsquo;est tenue dans une grande discr\u00e9tion, lundi 10 novembre<\/p>\n<p>Le pr\u00e9sident int\u00e9rimaire syrien, dont la coalition islamiste a <a href=\"https:\/\/www.franceinfo.fr\/monde\/revolte-en-syrie\/syrie-ahmad-al-chareh-n-a-pas-d-experience-de-gouvernance-c-est-pourquoi-il-a-commis-des-erreurs-estime-un-specialiste_7382473.html\" rel=\"nofollow noopener\" target=\"_blank\">renvers\u00e9 le dirigeant de longue date Bachar al-Assad<\/a> en d\u00e9cembre 2024, est arriv\u00e9 \u00e0 la Maison Blanche \u00e0 11h37 (heure locale). Il est pass\u00e9 par une entr\u00e9e lat\u00e9rale sans le protocole habituellement r\u00e9serv\u00e9 aux chefs d&rsquo;Etat et de gouvernement \u00e9trangers, et a quitt\u00e9 les lieux aux alentours de 13h20. Les journalistes n&rsquo;ont pas non plus \u00e9t\u00e9 convi\u00e9s dans le Bureau ovale en pr\u00e9sence des deux dirigeants, comme c&rsquo;est g\u00e9n\u00e9ralement le cas lors de visites officielles.<\/p>\n<p>Le d\u00e9partement d&rsquo;Etat am\u00e9ricain a annonc\u00e9 une nouvelle pause pour 180 jours des sanctions pr\u00e9vues par la loi C\u00e9sar, qui visait le gouvernement de Bachar-al-Assad et avait d\u00e9j\u00e0 \u00e9t\u00e9 suspendue en mai. La pr\u00e9sidence syrienne a de son c\u00f4t\u00e9 publi\u00e9 un communiqu\u00e9 laconique, indiquant que les deux dirigeants avaient \u00e9voqu\u00e9 \u00ab\u00a0les mani\u00e8res de d\u00e9velopper et renforcer\u00a0\u00bb la relation bilat\u00e9rale, ainsi que \u00ab\u00a0plusieurs sujets r\u00e9gionaux et internationaux\u00a0\u00bb.<\/p>\n<p>Vendredi, Washington avait retir\u00e9 Ahmed al-Charaa de la liste noire des terroristes. Depuis 2017 et jusqu&rsquo;\u00e0 d\u00e9cembre dernier, le FBI offrait une r\u00e9compense de 10 millions de dollars pour toute information menant \u00e0 l&rsquo;arrestation du leader de l&rsquo;ancienne branche locale d&rsquo;Al-Qa\u00efda, le groupe Hayat Tahrir al-Sham (HTS). Jeudi, le Conseil de s\u00e9curit\u00e9 de l&rsquo;ONU avait aussi lev\u00e9 les sanctions contre Ahmed al-Charaa, \u00e0 l&rsquo;initiative des Etats-Unis.<\/p>\n","protected":false},"excerpt":{"rendered":"Les deux dirigeants ont \u00e9voqu\u00e9 \u00ab\u00a0les mani\u00e8res de d\u00e9velopper et renforcer\u00a0\u00bb la relation bilat\u00e9rale, ainsi que \u00ab\u00a0plusieurs sujets&hellip;\n","protected":false},"author":2,"featured_media":525824,"comment_status":"","ping_status":"","sticky":false,"template":"","format":"standard","meta":{"footnotes":""},"categories":[1589],"tags":[11,73,1866,12,1864,1865,1863,308],"class_list":{"0":"post-525823","1":"post","2":"type-post","3":"status-publish","4":"format-standard","5":"has-post-thumbnail","7":"category-etats-unis","8":"tag-actualites","9":"tag-etats-unis","10":"tag-etats-unis-damerique","11":"tag-news","12":"tag-united-states","13":"tag-united-states-of-america","14":"tag-us","15":"tag-usa"},"share_on_mastodon":{"url":"https:\/\/pubeurope.com\/@fr\/115527730064548556","error":""},"_links":{"self":[{"href":"https:\/\/www.europesays.com\/fr\/wp-json\/wp\/v2\/posts\/525823","targetHints":{"allow":["GET"]}}],"collection":[{"href":"https:\/\/www.europesays.com\/fr\/wp-json\/wp\/v2\/posts"}],"about":[{"href":"https:\/\/www.europesays.com\/fr\/wp-json\/wp\/v2\/types\/post"}],"author":[{"embeddable":true,"href":"https:\/\/www.europesays.com\/fr\/wp-json\/wp\/v2\/users\/2"}],"replies":[{"embeddable":true,"href":"https:\/\/www.europesays.com\/fr\/wp-json\/wp\/v2\/comments?post=525823"}],"version-history":[{"count":0,"href":"https:\/\/www.europesays.com\/fr\/wp-json\/wp\/v2\/posts\/525823\/revisions"}],"wp:featuredmedia":[{"embeddable":true,"href":"https:\/\/www.europesays.com\/fr\/wp-json\/wp\/v2\/media\/525824"}],"wp:attachment":[{"href":"https:\/\/www.europesays.com\/fr\/wp-json\/wp\/v2\/media?parent=525823"}],"wp:term":[{"taxonomy":"category","embeddable":true,"href":"https:\/\/www.europesays.com\/fr\/wp-json\/wp\/v2\/categories?post=525823"},{"taxonomy":"post_tag","embeddable":true,"href":"https:\/\/www.europesays.com\/fr\/wp-json\/wp\/v2\/tags?post=525823"}],"curies":[{"name":"wp","href":"https:\/\/api.w.org\/{rel}","templated":true}]}}