{"id":525825,"date":"2025-11-10T22:20:38","date_gmt":"2025-11-10T22:20:38","guid":{"rendered":"https:\/\/www.europesays.com\/fr\/525825\/"},"modified":"2025-11-10T22:20:38","modified_gmt":"2025-11-10T22:20:38","slug":"ce-modele-danois-qui-combat-les-societes-paralleles-dont-pourrait-sinspirer-le-royaume-uni","status":"publish","type":"post","link":"https:\/\/www.europesays.com\/fr\/525825\/","title":{"rendered":"ce mod\u00e8le danois, qui combat les \u00absoci\u00e9t\u00e9s parall\u00e8les\u00bb, dont pourrait s\u2019inspirer le Royaume-Uni"},"content":{"rendered":"<p>\n    <strong>D\u00c9CRYPTAGE &#8211; <\/strong>La ministre de l\u2019Int\u00e9rieur britannique pr\u00e9parerait une vaste r\u00e9forme du mod\u00e8le migratoire britannique. Des hauts fonctionnaires ont \u00e9t\u00e9 envoy\u00e9s dans le royaume nordique pour s\u2019inspirer de ses mesures, jug\u00e9es strictes&#8230; et parfois \u00abracistes\u00bb.<\/p>\n<p class=\"fig-paragraph\">Une r\u00e9volution se pr\u00e9pare-t-elle au\u00a0<a href=\"http:\/\/www.lefigaro.fr\/actualite-france\/le-sacrifice-n-en-valait-pas-la-peine-un-veteran-britannique-de-la-seconde-guerre-mondiale-denonce-avec-emotion-l-etat-du-royaume-uni-20251110\" target=\"_blank\" data-fig-type=\"NewsFlash\" rel=\"noopener nofollow\" data-gtm-custom-categorie=\"navigation\" data-gtm-custom-action=\"crossclick\" data-gtm-custom-label=\"Contextuel\" data-gtm-event=\"customEventSPE\" data-fig-domain=\"LEFIGARO\">Royaume-Uni<\/a>? Alors que l\u2019<a href=\"http:\/\/www.lefigaro.fr\/international\/accord-franco-britannique-un-deuxieme-migrant-de-retour-au-royaume-uni-apres-son-expulsion-20251110\" target=\"_blank\" data-fig-type=\"NewsFlash\" rel=\"noopener nofollow\" data-gtm-custom-categorie=\"navigation\" data-gtm-custom-action=\"crossclick\" data-gtm-custom-label=\"Contextuel\" data-gtm-event=\"customEventSPE\" data-fig-domain=\"LEFIGARO\">accord franco-britannique<\/a>\u00a0portant sur les travers\u00e9es de la\u00a0<a href=\"http:\/\/www.lefigaro.fr\/actualite-france\/des-passeurs-presumes-juges-a-partir-de-ce-mardi-pour-un-naufrage-meurtrier-dans-la-manche-en-2023-20251104\" target=\"_blank\" data-fig-type=\"NewsFlash\" rel=\"noopener nofollow\" data-gtm-custom-categorie=\"navigation\" data-gtm-custom-action=\"crossclick\" data-gtm-custom-label=\"Contextuel\" data-gtm-event=\"customEventSPE\" data-fig-domain=\"LEFIGARO\">Manche<\/a>\u00a0peine \u00e0 \u00eatre pleinement appliqu\u00e9 et \u00e0 d\u00e9montrer ses effets, la ministre de l\u2019Int\u00e9rieur britannique,\u00a0<a href=\"http:\/\/www.lefigaro.fr\/international\/royaume-uni-1097-traversees-de-la-manche-par-des-migrants-pour-le-premier-jour-de-shabana-mahmood-a-l-interieur-20250908\" target=\"_blank\" data-fig-type=\"Article\" rel=\"noopener nofollow\" data-gtm-custom-categorie=\"navigation\" data-gtm-custom-action=\"crossclick\" data-gtm-custom-label=\"Contextuel\" data-gtm-event=\"customEventSPE\" data-fig-domain=\"LEFIGARO\">Shabana Mahmood<\/a>, pr\u00e9parerait une vaste r\u00e9forme de la politique migratoire, d\u2019apr\u00e8s la BBC. Cette refonte pourrait s\u2019inspirer du mod\u00e8le danois, bien plus strict que celui du Royaume-Uni et de la France. Des hauts fonctionnaires britanniques ont m\u00eame \u00e9t\u00e9 envoy\u00e9s par Londres dans le royaume nordique afin d\u2019observer les mesures mises en place.<\/p>\n<p class=\"fig-paragraph\">D\u2019ici la fin du mois du novembre, un plan devrait \u00eatre pr\u00e9sent\u00e9 au parlement britannique, avec pour ambition de r\u00e9duire drastiquement l\u2019immigration ill\u00e9gale au Royaume-Uni. Il faut dire que Shabana Mahmood, en poste depuis deux mois, a promis au Congr\u00e8s du Parti travailliste de \u00abtout faire\u00bb pour renforcer les fronti\u00e8res britanniques. La t\u00e2che s\u2019av\u00e8re colossale: au 6 novembre, 37.575 personnes avaient r\u00e9ussi \u00e0 rejoindre clandestinement\u2026<\/p>\n<p class=\"fig-premium-paywall__infos\">\n        Cet article est r\u00e9serv\u00e9 aux abonn\u00e9s.        Il vous reste 89% \u00e0 d\u00e9couvrir.\n    <\/p>\n<p>                <img  data- alt=\"Le Figaro\" class=\"fig-img--complete fig-img\"\/><\/p>\n<p class=\"fig-premium-paywall__title\">Black Friday<\/p>\n<p class=\"fig-premium-paywall__subtitle\">-70% sur l&rsquo;abonnement num\u00e9rique<\/p>\n<p class=\"fig-premium-paywall__connect\">\n                D\u00e9j\u00e0 abonn\u00e9\u00a0?                <a class=\"fig-premium-paywall__connect-link\" href=\"https:\/\/connect.lefigaro.fr\/login?client=horizon_web&amp;type=main&amp;redirect_uri=https%3A%2F%2Fwww.lefigaro.fr%2Finternational%2Fimmigration-ce-modele-danois-qui-combat-les-societes-paralleles-dont-pourrait-s-inspirer-le-royaume-uni-20251110\" data-js-gtm=\"{&quot;customCategorie&quot;: &quot;conversion&quot;, &quot;customAction&quot;: &quot;before_Landing_Connexion_paywall_auto&quot;, &quot;customLabel&quot;: &quot;bGVmaWdhcm8uZnJfXzFmMGJlNWQxLTcyZDAtNmI4NC04OWRhLTU5NjZkZWNkNjE4Zl9fTmV3c0ZsYXNo_Immigration\u00a0: ce mod\u00e8le danois, qui combat les \u00absoci\u00e9t\u00e9s parall\u00e8les\u00bb, dont pourrait s\u2019inspirer le Royaume-Uni_432&quot;, &quot;customIDSPE&quot;: &quot;bGVmaWdhcm8uZnJfXzFmMGJlNWQxLTcyZDAtNmI4NC04OWRhLTU5NjZkZWNkNjE4Zl9fTmV3c0ZsYXNo&quot;, &quot;event&quot;: &quot;customEventSPE&quot;}\" rel=\"nofollow noopener\" target=\"_blank\"><br \/>\n                    Connectez-vous<br \/>\n                <\/a>\n            <\/p>\n","protected":false},"excerpt":{"rendered":"D\u00c9CRYPTAGE &#8211; La ministre de l\u2019Int\u00e9rieur britannique pr\u00e9parerait une vaste r\u00e9forme du mod\u00e8le migratoire britannique. Des hauts fonctionnaires&hellip;\n","protected":false},"author":2,"featured_media":525826,"comment_status":"","ping_status":"","sticky":false,"template":"","format":"standard","meta":{"footnotes":""},"categories":[1588],"tags":[11,145,1777,674,1061,12,473,1853,1851,1850,1852],"class_list":{"0":"post-525825","1":"post","2":"type-post","3":"status-publish","4":"format-standard","5":"has-post-thumbnail","7":"category-royaume-uni","8":"tag-actualites","9":"tag-danemark","10":"tag-eu","11":"tag-europe","12":"tag-immigration","13":"tag-news","14":"tag-royaume-uni","15":"tag-royaume-uni-de-grande-bretagne-et-dirlande-du-nord","16":"tag-uk","17":"tag-united-kingdom","18":"tag-united-kingdom-of-great-britain-and-northern-ireland"},"share_on_mastodon":{"url":"https:\/\/pubeurope.com\/@fr\/115527733954758650","error":""},"_links":{"self":[{"href":"https:\/\/www.europesays.com\/fr\/wp-json\/wp\/v2\/posts\/525825","targetHints":{"allow":["GET"]}}],"collection":[{"href":"https:\/\/www.europesays.com\/fr\/wp-json\/wp\/v2\/posts"}],"about":[{"href":"https:\/\/www.europesays.com\/fr\/wp-json\/wp\/v2\/types\/post"}],"author":[{"embeddable":true,"href":"https:\/\/www.europesays.com\/fr\/wp-json\/wp\/v2\/users\/2"}],"replies":[{"embeddable":true,"href":"https:\/\/www.europesays.com\/fr\/wp-json\/wp\/v2\/comments?post=525825"}],"version-history":[{"count":0,"href":"https:\/\/www.europesays.com\/fr\/wp-json\/wp\/v2\/posts\/525825\/revisions"}],"wp:featuredmedia":[{"embeddable":true,"href":"https:\/\/www.europesays.com\/fr\/wp-json\/wp\/v2\/media\/525826"}],"wp:attachment":[{"href":"https:\/\/www.europesays.com\/fr\/wp-json\/wp\/v2\/media?parent=525825"}],"wp:term":[{"taxonomy":"category","embeddable":true,"href":"https:\/\/www.europesays.com\/fr\/wp-json\/wp\/v2\/categories?post=525825"},{"taxonomy":"post_tag","embeddable":true,"href":"https:\/\/www.europesays.com\/fr\/wp-json\/wp\/v2\/tags?post=525825"}],"curies":[{"name":"wp","href":"https:\/\/api.w.org\/{rel}","templated":true}]}}