{"id":525827,"date":"2025-11-10T22:22:22","date_gmt":"2025-11-10T22:22:22","guid":{"rendered":"https:\/\/www.europesays.com\/fr\/525827\/"},"modified":"2025-11-10T22:22:22","modified_gmt":"2025-11-10T22:22:22","slug":"lallemagne-peut-elle-se-passer-de-ses-mines-de-charbon","status":"publish","type":"post","link":"https:\/\/www.europesays.com\/fr\/525827\/","title":{"rendered":"L&rsquo;Allemagne peut-elle se passer de ses mines de charbon\u00a0?"},"content":{"rendered":"<p>      lire plus tard<\/p>\n<p id=\"dialog__title\" class=\"dialog__title\">Pour sauvegarder cet article, connectez-vous ou cr\u00e9ez un compte franceinfo<\/p>\n<p class=\"dialog__description\">Sans paiement. Sans abonnement.<\/p>\n<p>        Fermer la fen\u00eatre d\u2019activation des notifications France Info<\/p>\n<p>      cr\u00e9er votre compte<\/p>\n<p>      se connecter<\/p>\n<p>        Fermer la fen\u00eatre de pr\u00e9sentation<\/p>\n<p>    Publi\u00e9 le 10\/11\/2025 23:08<\/p>\n<p>        Temps de lecture : 3min &#8211; vid\u00e9o : 4min<\/p>\n<p>    <img decoding=\"async\" class=\"francetv-player-wrapper__image\" alt=\"L'Allemagne peut-elle se passer de ses mines de charbon\u00a0?\"  width=\"432\" height=\"243\" src=\"https:\/\/www.europesays.com\/fr\/wp-content\/uploads\/2025\/11\/charbon-allemagne-6912617e47ed2366775844.jpg\" fetchpriority=\"high\"\/><\/p>\n<p>              L&rsquo;Allemagne peut-elle se passer de ses mines de charbon\u00a0?<br \/>\n                    (France 2)<\/p>\n<p>      4min<\/p>\n<p>\n  Priv\u00e9e de centrales nucl\u00e9aires, l&rsquo;Allemagne risque de devoir faire encore longtemps avec le charbon, d&rsquo;autant que les \u00e9nergies renouvelables sont contest\u00e9es un peu partout dans le pays.\n<\/p>\n<p><strong>Ce texte correspond \u00e0 une partie de la retranscription du reportage ci-dessus. Cliquez sur la vid\u00e9o pour la regarder dans son int\u00e9gralit\u00e9.<\/strong><\/p>\n<p>C&rsquo;est l&rsquo;un des lieux les plus saisissants en Europe. Imaginez un trou large de 8 km et d&rsquo;une superficie \u00e9gale \u00e0 celle de la ville de Reims (Marne). Une mine \u00e0 ciel ouvert dans laquelle des engins de plusieurs dizaines de m\u00e8tres de haut extraient le lignite, le <a href=\"https:\/\/www.franceinfo.fr\/environnement\/crise-climatique\/la-demande-mondiale-de-charbon-a-atteint-un-niveau-record-en-2024_6962363.html\" target=\"_blank\" rel=\"noopener\">charbon<\/a> dont l&rsquo;Allemagne est aujourd&rsquo;hui d\u00e9pendante. Une mine g\u00e9ante, \u00e0 Hambach (Allemagne), qu&rsquo;on vient voir comme au spectacle.<\/p>\n<p>La compagnie priv\u00e9e qui exploite le site n&rsquo;a pas souhait\u00e9 r\u00e9pondre \u00e0 nos questions. Elle ne nous a pas non plus ouvert les portes de l&rsquo;immense centrale thermique, situ\u00e9e \u00e0 proximit\u00e9. C&rsquo;est l\u00e0 que le charbon est transform\u00e9 en \u00e9lectricit\u00e9. \u00c0 Niederhaussen (Allemagne), il ne faut pas longtemps pour rencontrer d&rsquo;anciens salari\u00e9s ou des habitants qui d\u00e9fendent, quoi qu&rsquo;il en co\u00fbte, leur centrale.<\/p>\n<p>\u00ab\u00a0Elle nous a permis de vivre cette centrale et elle paie notre retraite. Moi, je la soutiens. Vous pensez qu&rsquo;on peut tous \u00eatre \u00e9colos ?\u00a0\u00bb, r\u00e9pond une femme. \u00ab\u00a0Des fois, il y a de la poussi\u00e8re, de la fum\u00e9e et de la salet\u00e9 qui sortent des chemin\u00e9es, mais je m&rsquo;y suis habitu\u00e9e\u00a0\u00bb, affirme une autre habitante.<\/p>\n<p>En Allemagne, Niederhaussen et sa centrale ne sont pas des exceptions. Depuis plusieurs ann\u00e9es, la part de l&rsquo;\u00e9lectricit\u00e9 produite dans le pays gr\u00e2ce au charbon ne baisse plus : 23 %, selon les derniers chiffres. Une h\u00e9r\u00e9sie pour ce responsable d&rsquo;une ONG environnementale. \u00ab\u00a0Une tonne de charbon, c&rsquo;est une tonne de CO2 rejet\u00e9e dans l&rsquo;atmosph\u00e8re. En plus, son exploitation a d&rsquo;autres cons\u00e9quences climatiques. \u00c7a d\u00e9truit la nature, \u00e7a occasionne des d\u00e9placements de population et \u00e7a touche aussi les nappes phr\u00e9atiques\u00a0\u00bb, d\u00e9nonce Dirk Jansen de l&rsquo;ONG Bun.<\/p>\n<p>Mais l&rsquo;Allemagne a-t-elle vraiment le choix ? Peut-elle se passer de ses mines de charbon ? Ces derni\u00e8res ann\u00e9es, pour des raisons environnementales, le pays a ferm\u00e9 toutes ses centrales nucl\u00e9aires et les d\u00e9truit une \u00e0 une. Une d\u00e9cision lourde de cons\u00e9quences. L&rsquo;Allemagne aujourd&rsquo;hui manque parfois d&rsquo;\u00e9lectricit\u00e9 et doit en acheter \u00e0 ses voisins, notamment \u00e0 la France. Les factures ont flamb\u00e9. Outre-Rhin, le kilowattheure est 95 % plus cher que dans notre pays.<\/p>\n<p>Pour sortir de l&rsquo;impasse et assurer son avenir, l&rsquo;Allemagne compte sur le renouvelable, qui repr\u00e9sente d\u00e9j\u00e0 plus de la moiti\u00e9 de ses sources d&rsquo;\u00e9nergie. Mais un peu partout dans le pays, des champs photovolta\u00efques, et surtout des projets \u00e9oliens, sont contest\u00e9s.<\/p>\n<p>Priv\u00e9e de centrales nucl\u00e9aires et avec des \u00e9nergies renouvelables tr\u00e8s contest\u00e9es, l&rsquo;Allemagne risque de devoir faire encore longtemps avec le charbon. Et les autorit\u00e9s ont pr\u00e9venu : alors qu&rsquo;elles devaient fermer en 2030 pour des raisons environnementales, les neuf mines du pays pourraient voir leur exploitation prolong\u00e9e au-del\u00e0 de cette date.<\/p>\n","protected":false},"excerpt":{"rendered":"lire plus tard Pour sauvegarder cet article, connectez-vous ou cr\u00e9ez un compte franceinfo Sans paiement. Sans abonnement. Fermer&hellip;\n","protected":false},"author":2,"featured_media":525828,"comment_status":"","ping_status":"","sticky":false,"template":"","format":"standard","meta":{"footnotes":""},"categories":[1587],"tags":[11,672,1804,1805,1803,1777,674,1801,12,1802],"class_list":{"0":"post-525827","1":"post","2":"type-post","3":"status-publish","4":"format-standard","5":"has-post-thumbnail","7":"category-allemagne","8":"tag-actualites","9":"tag-allemagne","10":"tag-bundesrepublik-deutschland","11":"tag-de","12":"tag-deutschland","13":"tag-eu","14":"tag-europe","15":"tag-germany","16":"tag-news","17":"tag-republique-federale-dallemagne"},"share_on_mastodon":{"url":"https:\/\/pubeurope.com\/@fr\/115527742831714173","error":""},"_links":{"self":[{"href":"https:\/\/www.europesays.com\/fr\/wp-json\/wp\/v2\/posts\/525827","targetHints":{"allow":["GET"]}}],"collection":[{"href":"https:\/\/www.europesays.com\/fr\/wp-json\/wp\/v2\/posts"}],"about":[{"href":"https:\/\/www.europesays.com\/fr\/wp-json\/wp\/v2\/types\/post"}],"author":[{"embeddable":true,"href":"https:\/\/www.europesays.com\/fr\/wp-json\/wp\/v2\/users\/2"}],"replies":[{"embeddable":true,"href":"https:\/\/www.europesays.com\/fr\/wp-json\/wp\/v2\/comments?post=525827"}],"version-history":[{"count":0,"href":"https:\/\/www.europesays.com\/fr\/wp-json\/wp\/v2\/posts\/525827\/revisions"}],"wp:featuredmedia":[{"embeddable":true,"href":"https:\/\/www.europesays.com\/fr\/wp-json\/wp\/v2\/media\/525828"}],"wp:attachment":[{"href":"https:\/\/www.europesays.com\/fr\/wp-json\/wp\/v2\/media?parent=525827"}],"wp:term":[{"taxonomy":"category","embeddable":true,"href":"https:\/\/www.europesays.com\/fr\/wp-json\/wp\/v2\/categories?post=525827"},{"taxonomy":"post_tag","embeddable":true,"href":"https:\/\/www.europesays.com\/fr\/wp-json\/wp\/v2\/tags?post=525827"}],"curies":[{"name":"wp","href":"https:\/\/api.w.org\/{rel}","templated":true}]}}