{"id":525835,"date":"2025-11-10T22:26:13","date_gmt":"2025-11-10T22:26:13","guid":{"rendered":"https:\/\/www.europesays.com\/fr\/525835\/"},"modified":"2025-11-10T22:26:13","modified_gmt":"2025-11-10T22:26:13","slug":"quand-le-vrai-prix-des-medicaments-est-divulgue","status":"publish","type":"post","link":"https:\/\/www.europesays.com\/fr\/525835\/","title":{"rendered":"quand le vrai prix des m\u00e9dicaments est divulgu\u00e9"},"content":{"rendered":"<p>\n    <strong>D\u00c9CRYPTAGE &#8211;<\/strong> L\u2019Assembl\u00e9e nationale a vot\u00e9 la divulgation du prix r\u00e9el des m\u00e9dicaments pay\u00e9s par l\u2019Assurance maladie. Une bombe alors que les \u00c9tats-Unis ont chang\u00e9 les r\u00e8gles du jeu. La France s\u2019en trouverait p\u00e9nalis\u00e9e.<\/p>\n<p class=\"fig-paragraph\">Donald Trump en r\u00eavait, les Fran\u00e7ais l\u2019ont fait. Les d\u00e9put\u00e9s ont adopt\u00e9 vendredi un amendement au projet de loi de financement de la s\u00e9curit\u00e9 sociale (PLFSS) pr\u00e9voyant la<a href=\"http:\/\/sante.lefigaro.fr\/social\/sante-publique\/ufc-que-choisir-veut-plus-de-transparence-sur-le-prix-des-medicaments-20250918\" data-fig-type=\"NewsFlash\" data-gtm-custom-categorie=\"navigation\" data-gtm-custom-action=\"crossclick\" data-gtm-custom-label=\"Contextuel\" data-gtm-event=\"customEventSPE\" data-fig-domain=\"SANTE\" target=\"_blank\" rel=\"noopener\">\u00a0transparence du prix des m\u00e9dicaments<\/a>\u00a0vendus en France.<\/p>\n<p class=\"fig-paragraph\">Jusqu\u2019\u00e0 pr\u00e9sent, seul le \u00abprix catalogue\u00bb de chaque m\u00e9dicament \u00e9tait rendu public, quand les remises, ces ristournes fr\u00e9quemment accord\u00e9es par les laboratoires \u00e0 l\u2019Assurance maladie, restaient secr\u00e8tes. Tout au plus connaissait-on leur montant global, qui s\u2019\u00e9levait \u00e0 9 milliards d\u2019euros l\u2019ann\u00e9e derni\u00e8re, sur 34,5 milliards d\u2019euros de d\u00e9penses de m\u00e9dicaments.<\/p>\n<p class=\"fig-body-link\">\n            \u00c0 lire aussi<br \/>\n        <a class=\"fig-body-link__link fig-premium-mark\" href=\"http:\/\/www.lefigaro.fr\/societes\/pourquoi-la-cour-des-comptes-ne-recommande-pas-de-generaliser-la-vente-des-medicaments-a-l-unite-20251110\" data-fig-type=\"NewsFlash\" data-gtm-custom-categorie=\"navigation\" data-gtm-custom-action=\"crossclick\" data-gtm-custom-label=\"Contextuel\" data-gtm-event=\"customEventSPE\" data-fig-domain=\"LEFIGARO\" target=\"_blank\" rel=\"noopener\"><\/p>\n<p>        Pourquoi la Cour des comptes ne recommande pas de g\u00e9n\u00e9raliser la vente des m\u00e9dicaments \u00e0 l\u2019unit\u00e9<br \/>\n    <\/a>\n<\/p>\n<p class=\"fig-paragraph\">Les d\u00e9put\u00e9s France Insoumise et \u00e9cologistes ayant d\u00e9pos\u00e9 cet amendement (Sandrine Rousseau, Alexis Corbi\u00e8re, Fran\u00e7ois Ruffin&#8230;) estiment que \u00able caract\u00e8re secret (de ces remises) prive le d\u00e9bat d\u00e9mocratique et parlementaire de toute capacit\u00e9 de contr\u00f4le sur les conditions \u00e9conomiques r\u00e9elles de d\u00e9pense en produits de sant\u00e9. Cette opacit\u00e9 emp\u00eache \u00e9galement toute \u00e9valuation du juste prix des m\u00e9dicaments, des strat\u00e9gies\u2026<\/p>\n<p class=\"fig-premium-paywall__infos\">\n        Cet article est r\u00e9serv\u00e9 aux abonn\u00e9s.        Il vous reste 78% \u00e0 d\u00e9couvrir.\n    <\/p>\n<p>                <img  data- alt=\"Le Figaro\" class=\"fig-img--complete fig-img\"\/><\/p>\n<p class=\"fig-premium-paywall__title\">Black Friday<\/p>\n<p class=\"fig-premium-paywall__subtitle\">-70% sur l&rsquo;abonnement num\u00e9rique<\/p>\n<p class=\"fig-premium-paywall__connect\">\n                D\u00e9j\u00e0 abonn\u00e9\u00a0?                <a class=\"fig-premium-paywall__connect-link\" href=\"https:\/\/connect.lefigaro.fr\/login?client=horizon_web&amp;type=main&amp;redirect_uri=https%3A%2F%2Fwww.lefigaro.fr%2Fsocietes%2Fun-seisme-pour-notre-systeme-de-sante-quand-le-vrai-prix-des-medicaments-est-divulgue-20251110\" data-js-gtm=\"{&quot;customCategorie&quot;: &quot;conversion&quot;, &quot;customAction&quot;: &quot;before_Landing_Connexion_paywall_auto&quot;, &quot;customLabel&quot;: &quot;bGVmaWdhcm8uZnJfXzFmMGJlMzBlLWJhYmUtNjQyYS04MTk2LTdmMzVmYmY0YzhjMl9fQXJ0aWNsZQ==_\u00abUn s\u00e9isme pour notre syst\u00e8me de sant\u00e9\u00bb: quand le vrai prix des m\u00e9dicaments est divulgu\u00e9_415&quot;, &quot;customIDSPE&quot;: &quot;bGVmaWdhcm8uZnJfXzFmMGJlMzBlLWJhYmUtNjQyYS04MTk2LTdmMzVmYmY0YzhjMl9fQXJ0aWNsZQ==&quot;, &quot;event&quot;: &quot;customEventSPE&quot;}\" target=\"_blank\" rel=\"noopener\"><br \/>\n                    Connectez-vous<br \/>\n                <\/a>\n            <\/p>\n","protected":false},"excerpt":{"rendered":"D\u00c9CRYPTAGE &#8211; L\u2019Assembl\u00e9e nationale a vot\u00e9 la divulgation du prix r\u00e9el des m\u00e9dicaments pay\u00e9s par l\u2019Assurance maladie. Une&hellip;\n","protected":false},"author":2,"featured_media":525836,"comment_status":"","ping_status":"","sticky":false,"template":"","format":"standard","meta":{"footnotes":""},"categories":[2],"tags":[11,1011,27,16292,12,15299,25],"class_list":{"0":"post-525835","1":"post","2":"type-post","3":"status-publish","4":"format-standard","5":"has-post-thumbnail","7":"category-actualites","8":"tag-actualites","9":"tag-fr","10":"tag-france","11":"tag-medicaments","12":"tag-news","13":"tag-pharmacie","14":"tag-republique-francaise"},"share_on_mastodon":{"url":"https:\/\/pubeurope.com\/@fr\/115527757700551869","error":""},"_links":{"self":[{"href":"https:\/\/www.europesays.com\/fr\/wp-json\/wp\/v2\/posts\/525835","targetHints":{"allow":["GET"]}}],"collection":[{"href":"https:\/\/www.europesays.com\/fr\/wp-json\/wp\/v2\/posts"}],"about":[{"href":"https:\/\/www.europesays.com\/fr\/wp-json\/wp\/v2\/types\/post"}],"author":[{"embeddable":true,"href":"https:\/\/www.europesays.com\/fr\/wp-json\/wp\/v2\/users\/2"}],"replies":[{"embeddable":true,"href":"https:\/\/www.europesays.com\/fr\/wp-json\/wp\/v2\/comments?post=525835"}],"version-history":[{"count":0,"href":"https:\/\/www.europesays.com\/fr\/wp-json\/wp\/v2\/posts\/525835\/revisions"}],"wp:featuredmedia":[{"embeddable":true,"href":"https:\/\/www.europesays.com\/fr\/wp-json\/wp\/v2\/media\/525836"}],"wp:attachment":[{"href":"https:\/\/www.europesays.com\/fr\/wp-json\/wp\/v2\/media?parent=525835"}],"wp:term":[{"taxonomy":"category","embeddable":true,"href":"https:\/\/www.europesays.com\/fr\/wp-json\/wp\/v2\/categories?post=525835"},{"taxonomy":"post_tag","embeddable":true,"href":"https:\/\/www.europesays.com\/fr\/wp-json\/wp\/v2\/tags?post=525835"}],"curies":[{"name":"wp","href":"https:\/\/api.w.org\/{rel}","templated":true}]}}