{"id":52584,"date":"2025-04-25T20:12:10","date_gmt":"2025-04-25T20:12:10","guid":{"rendered":"https:\/\/www.europesays.com\/fr\/52584\/"},"modified":"2025-04-25T20:12:10","modified_gmt":"2025-04-25T20:12:10","slug":"zelensky-pret-a-renoncer-a-la-crimee-selon-donald-trump-le-president-ukrainien-dement","status":"publish","type":"post","link":"https:\/\/www.europesays.com\/fr\/52584\/","title":{"rendered":"Zelensky pr\u00eat \u00e0 renoncer \u00e0 la Crim\u00e9e selon Donald Trump, le pr\u00e9sident ukrainien d\u00e9ment"},"content":{"rendered":"<p>INTERNATIONAL &#8211; \u00ab\u00a0La Russie gardera la Crim\u00e9e\u00a0\u00bb. Le pr\u00e9sident am\u00e9ricain Donald Trump l\u2019a assur\u00e9 ce vendredi 25\u00a0avril dans un entretien au magazine Time, <a href=\"https:\/\/fr.news.yahoo.com\/zelensky-pr%C3%AAt-%C3%A0-revoir-trump-174822456.html\" data-ylk=\"slk:Volodymyr \u00ab\u00a0Zelensky;elm:context_link;itc:0;sec:content-canvas;outcm:mb_qualified_link;_E:mb_qualified_link;ct:story;\" class=\"link  yahoo-link\" target=\"_blank\" rel=\"noopener\">Volodymyr \u00ab\u00a0Zelensky<\/a> comprend\u00a0\u00bb que <a href=\"https:\/\/fr.news.yahoo.com\/tr%C3%AAve-ukraine-russie-pr%C3%AAte-%C3%A0-054358393.html\" data-ylk=\"slk:la Russie;elm:context_link;itc:0;sec:content-canvas;outcm:mb_qualified_link;_E:mb_qualified_link;ct:story;\" class=\"link  yahoo-link\" target=\"_blank\" rel=\"noopener\">la Russie<\/a> conservera la p\u00e9ninsule de Crim\u00e9e annex\u00e9e ill\u00e9galement par Moscou en 2014.<\/p>\n<p>Une affirmation, aussit\u00f4t d\u00e9mentie par le pr\u00e9sident de l\u2019Ukraine, qui intervient dans <a href=\"https:\/\/fr.news.yahoo.com\/emmanuel-macron-donald-trump-doit-140210905.html\" data-ylk=\"slk:un contexte houleux entre Washington et Kiev;elm:context_link;itc:0;sec:content-canvas;outcm:mb_qualified_link;_E:mb_qualified_link;ct:story;\" class=\"link  yahoo-link\" target=\"_blank\" rel=\"noopener\">un contexte houleux entre Washington et Kiev<\/a>, les deux pays n\u2019\u00e9tant pas du tout sur la m\u00eame longueur d\u2019onde concernant les concessions \u00e0 faire pour parvenir \u00e0 <a href=\"https:\/\/fr.news.yahoo.com\/guerre-ukraine-donald-trump-r%C3%AAve-065907049.html\" data-ylk=\"slk:un cessez-le-feu en Ukraine;elm:context_link;itc:0;sec:content-canvas;outcm:mb_qualified_link;_E:mb_qualified_link;ct:story;\" class=\"link  yahoo-link\" target=\"_blank\" rel=\"noopener\">un cessez-le-feu en Ukraine<\/a>. Donald Trump accusant son homologue d\u2019\u00eatre responsable des blocages dans les n\u00e9gociations.<\/p>\n<p><a href=\"https:\/\/fr.news.yahoo.com\/guerre-ukraine-pourquoi-crim%C3%A9e-retrouve-164121061.html\" data-ylk=\"slk:Guerre en Ukraine\u00a0: pourquoi la Crim\u00e9e se retrouve au centre des discussions en vue d\u2019une tr\u00eave;elm:context_link;itc:0;sec:content-canvas;outcm:mb_qualified_link;_E:mb_qualified_link;ct:story;\" class=\"link  yahoo-link\" target=\"_blank\" rel=\"noopener\"> Guerre en Ukraine\u00a0: pourquoi la Crim\u00e9e se retrouve au centre des discussions en vue d\u2019une tr\u00eave <\/a><\/p>\n<p>Le pr\u00e9sident am\u00e9ricain, <a href=\"https:\/\/time.com\/7280106\/trump-interview-100-days-2025\/\" rel=\"nofollow noopener\" target=\"_blank\" data-ylk=\"slk:dans la m\u00eame\u00a0interview;elm:context_link;itc:0;sec:content-canvas\" class=\"link \">dans la m\u00eame\u00a0interview<\/a>, r\u00e9p\u00e8te par ailleurs que l\u2019Ukraine est selon lui responsable du conflit d\u00e9clench\u00e9 par l\u2019invasion russe en f\u00e9vrier\u00a02022\u00a0: \u00ab\u00a0ce qui a fait commencer la guerre, c\u2019est quand ils (les Ukrainiens) ont commenc\u00e9 \u00e0 parler de rejoindre l\u2019Otan\u00a0\u00bb.<\/p>\n<p>\u00ab\u00a0Notre position reste inchang\u00e9e\u00a0\u00bb<\/p>\n<p>Donald Trump poursuit ici son attachement au narratif russe d\u00e9j\u00e0 d\u00e9fendu ces derniers jours, alors que la presse am\u00e9ricaine avance que la reconnaissance de la Crim\u00e9e comme russe figure dans le plan am\u00e9ricain en vue d\u2019une cessation des hostilit\u00e9s. Pendant ce temps, le pr\u00e9sident Volodymyr Zelensky s\u2019\u00e9vertue \u00e0 faire de ce point central des n\u00e9gociations \u2212 aux yeux de Moscou\u2212 une ligne rouge.<\/p>\n<p>Raison pour laquelle il a r\u00e9pliqu\u00e9 sans attendre \u00e0 Donald Trump ce vendredi. \u00ab\u00a0Notre position reste inchang\u00e9e (&#8230;) tous les territoires temporairement occup\u00e9s appartiennent \u00e0 l\u2019Ukraine\u00a0\u00bb, a-t-il r\u00e9p\u00e9t\u00e9 en d\u00e9pit des pressions am\u00e9ricaines. Et de celles du maire de Kiev, qui a reconnu plus t\u00f4t dans la journ\u00e9e que l\u2019\u00ab\u00a0un des sc\u00e9narios\u00a0\u00bb pour parvenir \u00e0 la paix \u00ab\u00a0serait d\u2019abandonner des territoires. C\u2019est injuste, mais pour la paix, une paix temporaire, peut-\u00eatre que c\u2019est une solution, temporaire\u00a0\u00bb.<\/p>\n<p>\u00ab\u00a0Ce sc\u00e9nario est tout \u00e0 fait possible\u00a0\u00bb, compte tenu du nombre de \u00ab\u00a0responsables politiques et m\u00e9dias internationaux\u00a0\u00bb qui parlent de cet \u00e9change territorial comme possible levier dans les n\u00e9gociations, s\u2019est-il justifi\u00e9 apr\u00e8s sa d\u00e9claration initiale.<\/p>\n<p>Nouvelle rencontre \u00e0 Moscou<\/p>\n<p>C\u2019est dans ce contexte tendu que Vladimir Poutine a accueilli l\u2019\u00e9missaire am\u00e9ricain Steve Witkoff \u00e0 Moscou ce vendredi. O\u00f9 le pr\u00e9sident russe en a profit\u00e9 pour \u00e9voquer la \u00ab\u00a0possibilit\u00e9\u00a0\u00bb de \u00ab\u00a0n\u00e9gociations directes\u00a0\u00bb entre Moscou et Kiev.<\/p>\n<p>Steve Witkoff, interlocuteur privil\u00e9gi\u00e9 du chef de l\u2019\u00c9tat russe au sein de l\u2019administration am\u00e9ricaine, menait l\u00e0 sa quatri\u00e8me rencontre avec le chef du Kremlin depuis la relance inattendue des relations entre leurs deux pays mi-f\u00e9vrier \u00e0 l\u2019initiative de Donald Trump.<\/p>\n<p>Selon le conseiller diplomatique de Vladimir Poutine, Iouri Ouchakov, leur entretien a dur\u00e9 trois heures, qualifiant les \u00e9changes de \u00ab\u00a0constructifs et tr\u00e8s utiles\u00a0\u00bb. \u00ab\u00a0Cette discussion a permis de davantage rapprocher les positions de la Russie et des \u00c9tats-Unis non seulement sur l\u2019Ukraine mais aussi sur plusieurs autres questions internationales\u00a0\u00bb, a-t-il\u00a0dit\u00a0aux journalistes. \u00ab\u00a0Nous arrivons \u00e0 des progr\u00e8s\u00a0\u00bb, a de son c\u00f4t\u00e9 comment\u00e9 l\u2019\u00e9missaire russe pour les questions \u00e9conomiques \u00e0 l\u2019international Kirill Dmitriev, un des interlocuteurs des Am\u00e9ricains.<\/p>\n<p>Jeudi, le chef de la diplomatie russe Sergue\u00ef Lavrov a de son c\u00f4t\u00e9 affirm\u00e9 que son pays \u00e9tait pr\u00eat \u00e0 un accord pour que les combats cessent, apr\u00e8s un nouvel avertissement de Donald\u00a0Trump\u00a0\u00e0 Vladimir Poutine apr\u00e8s <a href=\"https:\/\/fr.news.yahoo.com\/guerre-ukraine-kiev-vis%C3%A9e-frappe-044913929.html\" data-ylk=\"slk:ses frappes sur Kiev jeudi, qui ont fait 12 morts;elm:context_link;itc:0;sec:content-canvas;outcm:mb_qualified_link;_E:mb_qualified_link;ct:story;\" class=\"link  yahoo-link\" target=\"_blank\" rel=\"noopener\">ses frappes sur Kiev jeudi, qui ont fait 12 morts<\/a>. Pro-actif sur le dossier ukrainien, Donald Trump a d\u2019ailleurs indiqu\u00e9 les \u00c9tats-Unis exer\u00e7aient \u00ab\u00a0une forte pression\u00a0\u00bb sur Moscou en vue de mettre fin au conflit, jugeant que la Russie ferait \u00ab\u00a0une assez grosse concession\u00a0\u00bb en acceptant de ne pas s\u2019emparer de toute l\u2019Ukraine. Une mani\u00e8re d\u00e9tourn\u00e9e de forcer la main de Volodymyr Zelensky sur la Crim\u00e9e.<\/p>\n<p><strong>\u00c0 voir \u00e9galement sur Le HuffPost\u00a0:<\/strong><\/p>\n<p><a href=\"https:\/\/fr.news.yahoo.com\/nombreux-morts-%C3%A0-soumy-ukraine-094549995.html\" data-ylk=\"slk:De nombreux morts \u00e0 Soumy en Ukraine apr\u00e8s une frappe russe, pour Zelensky \u00ab\u00a0seuls des salauds peuvent faire \u00e7a\u00a0\u00bb;elm:context_link;itc:0;sec:content-canvas;outcm:mb_qualified_link;_E:mb_qualified_link;ct:story;\" class=\"link  yahoo-link\" target=\"_blank\" rel=\"noopener\"> De nombreux morts \u00e0 Soumy en Ukraine apr\u00e8s une frappe russe, pour Zelensky \u00ab\u00a0seuls des salauds peuvent faire \u00e7a\u00a0\u00bb <\/a><\/p>\n<p><a href=\"https:\/\/fr.news.yahoo.com\/volodymyr-zelensky-demande-explications-apr%C3%A8s-155110666.html\" data-ylk=\"slk:Volodymyr Zelensky demande des \u00ab\u00a0explications\u00a0\u00bb apr\u00e8s la capture de soldats chinois combattant avec la Russie;elm:context_link;itc:0;sec:content-canvas;outcm:mb_qualified_link;_E:mb_qualified_link;ct:story;\" class=\"link  yahoo-link\" target=\"_blank\" rel=\"noopener\"> Volodymyr Zelensky demande des \u00ab\u00a0explications\u00a0\u00bb apr\u00e8s la capture de soldats chinois combattant avec la Russie <\/a><\/p>\n","protected":false},"excerpt":{"rendered":"INTERNATIONAL &#8211; \u00ab\u00a0La Russie gardera la Crim\u00e9e\u00a0\u00bb. Le pr\u00e9sident am\u00e9ricain Donald Trump l\u2019a assur\u00e9 ce vendredi 25\u00a0avril dans&hellip;\n","protected":false},"author":2,"featured_media":52585,"comment_status":"","ping_status":"","sticky":false,"template":"","format":"standard","meta":{"footnotes":""},"categories":[1590],"tags":[11,13469,75,1777,674,11229,2489,1916,12,7274,220,135,6746],"class_list":{"0":"post-52584","1":"post","2":"type-post","3":"status-publish","4":"format-standard","5":"has-post-thumbnail","7":"category-ukraine","8":"tag-actualites","9":"tag-crimee","10":"tag-donald-trump","11":"tag-eu","12":"tag-europe","13":"tag-kiev","14":"tag-la-russie","15":"tag-moscou","16":"tag-news","17":"tag-president-americain","18":"tag-ukraine","19":"tag-vladimir-poutine","20":"tag-zelensky"},"share_on_mastodon":{"url":"https:\/\/pubeurope.com\/@fr\/114400430937589370","error":""},"_links":{"self":[{"href":"https:\/\/www.europesays.com\/fr\/wp-json\/wp\/v2\/posts\/52584","targetHints":{"allow":["GET"]}}],"collection":[{"href":"https:\/\/www.europesays.com\/fr\/wp-json\/wp\/v2\/posts"}],"about":[{"href":"https:\/\/www.europesays.com\/fr\/wp-json\/wp\/v2\/types\/post"}],"author":[{"embeddable":true,"href":"https:\/\/www.europesays.com\/fr\/wp-json\/wp\/v2\/users\/2"}],"replies":[{"embeddable":true,"href":"https:\/\/www.europesays.com\/fr\/wp-json\/wp\/v2\/comments?post=52584"}],"version-history":[{"count":0,"href":"https:\/\/www.europesays.com\/fr\/wp-json\/wp\/v2\/posts\/52584\/revisions"}],"wp:featuredmedia":[{"embeddable":true,"href":"https:\/\/www.europesays.com\/fr\/wp-json\/wp\/v2\/media\/52585"}],"wp:attachment":[{"href":"https:\/\/www.europesays.com\/fr\/wp-json\/wp\/v2\/media?parent=52584"}],"wp:term":[{"taxonomy":"category","embeddable":true,"href":"https:\/\/www.europesays.com\/fr\/wp-json\/wp\/v2\/categories?post=52584"},{"taxonomy":"post_tag","embeddable":true,"href":"https:\/\/www.europesays.com\/fr\/wp-json\/wp\/v2\/tags?post=52584"}],"curies":[{"name":"wp","href":"https:\/\/api.w.org\/{rel}","templated":true}]}}