{"id":525841,"date":"2025-11-10T22:31:16","date_gmt":"2025-11-10T22:31:16","guid":{"rendered":"https:\/\/www.europesays.com\/fr\/525841\/"},"modified":"2025-11-10T22:31:16","modified_gmt":"2025-11-10T22:31:16","slug":"atp-masters-sinner-domine-un-auger-aliassime-diminue-physiquement-sports","status":"publish","type":"post","link":"https:\/\/www.europesays.com\/fr\/525841\/","title":{"rendered":"ATP &#8211; Masters : Sinner domine un Auger-Aliassime diminu\u00e9 physiquement : Sports"},"content":{"rendered":"<p class=\"date\">\n                                                            Aur\u00e9lie Sacchelli, Media365, publi\u00e9 le lundi 10 novembre 2025 \u00e0 22h29\n                                                    <\/p>\n<p>Tenant du titre, Jannik Sinner a d\u00e9but\u00e9 sans encombre son Masters de Turin, en battant un Felix Auger-Aliassime diminu\u00e9 physiquement en deux manches.<\/p>\n<p>La journ\u00e9e avait mal commenc\u00e9 pour Jannik Sinner, <a href=\"https:\/\/sports.orange.fr\/tennis\/atp\/article\/atp-alcaraz-de-nouveau-numero-1-bonzi-degringole-CNT000002lEoOJ.html\" rel=\"nofollow noopener\" target=\"_blank\">avec la confirmation de la perte (provisoire ?) de sa place de n\u00b01 mondial<\/a>, mais elle s&rsquo;est bien mieux termin\u00e9e. Vainqueur du Masters ATP de Turin l&rsquo;an pass\u00e9 pour sa troisi\u00e8me participation (finale en 2023, phase de poules en 2021 en tant que rempla\u00e7ant), l&rsquo;Italien de 24 ans a parfaitement d\u00e9but\u00e9 son Tournoi des Ma\u00eetres \u00e0 domicile en battant Felix Auger-Aliassime. Dix jours apr\u00e8s avoir battu le Canadien en finale du Rolex Paris Masters (6-4, 7-6), Sinner a remis \u00e7a face au Canadien, qui n&rsquo;est assur\u00e9 de sa qualification pour le tournoi que depuis samedi. <strong>Le n\u00b02 mondial s&rsquo;est impos\u00e9 7-5, 6-1 en 1h40 face au n\u00b08, qu&rsquo;il bat donc pour la quatri\u00e8me fois en moins de trois mois,<\/strong> alors qu&rsquo;il avait perdu leurs trois premi\u00e8res confrontations.<\/p>\n<p>Sinner se d\u00e9tache \u00e0 partir de 5-5<\/p>\n<p>Jannik Sinner, qui a livr\u00e9 un match solide sans \u00eatre exceptionnel, a profit\u00e9 des difficult\u00e9s physiques de son adversaire, qui a bien tenu jusqu&rsquo;\u00e0 5-5 dans le premier set, avant de commencer \u00e0 se tenir le mollet gauche. Felix Auger-Aliassime est rentr\u00e9 aux vestiaires pour se faire soigner \u00e0 la fin du premier set, puis a demand\u00e9 deux fois l&rsquo;intervention du kin\u00e9 dans le deuxi\u00e8me, mais cela n&rsquo;a pas suffi. En d\u00e9but de match, les deux joueurs ont ais\u00e9ment remport\u00e9 leur mise en jeu, jusqu&rsquo;\u00e0 4-4. C&rsquo;est alors que \u00ab\u00a0FAA\u00a0\u00bb a d\u00fb d\u00e9fendre ses deux premi\u00e8res balles de break. Ils les a sauv\u00e9es, mais \u00e0 4-5, c&rsquo;est une balle de set qu&rsquo;il a d\u00fb d\u00e9fendre. Sinner a alors envoy\u00e9 un retour dans le filet (5-4).<strong> Mais \u00e0 6-5 en sa faveur, apr\u00e8s avoir rat\u00e9 sa deuxi\u00e8me balle de set avec un coup droit dans le filet, l&rsquo;Italien a profit\u00e9 d&rsquo;une amortie rat\u00e9e de son adversaire pour empocher la manche.<\/strong><\/p>\n<p> Auger-Aliassime pourra-t-il jouer mercredi ?<\/p>\n<p>La longue pause demand\u00e9e par le Canadien n&rsquo;a pas arrang\u00e9 sa situation. Au contraire, puisqu&rsquo;il a encaiss\u00e9 les trois premiers jeux de la manche, Sinner breakant sur un coup droit dans le couloir de son adversaire. Auger-Aliassime a sauv\u00e9 deux balles de 4-0 et a stopp\u00e9 l&rsquo;h\u00e9morragie (3-1), mais il a une nouvelle fois perdu son service \u00e0 4-1. <strong>Restait au n\u00b02 mondial \u00e0 conclure ce match, et il l&rsquo;a fait sur un ace. Voil\u00e0 une entame de tournoi rondement men\u00e9e !<\/strong>\u00a0Pour son deuxi\u00e8me Masters (il avait \u00e9t\u00e9 \u00e9limin\u00e9 en poules en 2022), le Canadien doit quant \u00e0 lui s&rsquo;incliner. S&rsquo;il n&rsquo;\u00e9tait pas en mesure de disputer son deuxi\u00e8me match mercredi, il serait remplac\u00e9 par Alexander Bublik.<\/p>\n<p><strong>Groupe Bjorn Borg<\/strong><br \/><strong>1- Jannik Sinner : 1 victoire &#8211; 0 d\u00e9faite, 2 sets gagn\u00e9s, 0 set perdu, 13 jeux gagn\u00e9s, 6 jeux perdus<br \/>2- Alexander Zverev : 1 victoire &#8211; 0 d\u00e9faite, 2 sets gagn\u00e9s, 0 set perdu, 13 jeux gagn\u00e9s, 9 jeux perdus<\/strong><br \/>3- Ben Shelton : 0 victoire &#8211; 1 d\u00e9faite, 0 set gagn\u00e9, 2 sets perdus, 9 jeux gagn\u00e9s, 13 jeux perdus<br \/>4- Felix Auger-Aliassime : 0 victoire &#8211; 1 d\u00e9faite, 0 set gagn\u00e9, 2 sets perdus, 6 jeux gagn\u00e9s, 13 jeux perdus<\/p>\n","protected":false},"excerpt":{"rendered":"Aur\u00e9lie Sacchelli, Media365, publi\u00e9 le lundi 10 novembre 2025 \u00e0 22h29 Tenant du titre, Jannik Sinner a d\u00e9but\u00e9&hellip;\n","protected":false},"author":2,"featured_media":525842,"comment_status":"","ping_status":"","sticky":false,"template":"","format":"standard","meta":{"footnotes":""},"categories":[1415],"tags":[1011,27,60,1467],"class_list":{"0":"post-525841","1":"post","2":"type-post","3":"status-publish","4":"format-standard","5":"has-post-thumbnail","7":"category-tennis","8":"tag-fr","9":"tag-france","10":"tag-sports","11":"tag-tennis"},"share_on_mastodon":{"url":"https:\/\/pubeurope.com\/@fr\/115527777123568965","error":""},"_links":{"self":[{"href":"https:\/\/www.europesays.com\/fr\/wp-json\/wp\/v2\/posts\/525841","targetHints":{"allow":["GET"]}}],"collection":[{"href":"https:\/\/www.europesays.com\/fr\/wp-json\/wp\/v2\/posts"}],"about":[{"href":"https:\/\/www.europesays.com\/fr\/wp-json\/wp\/v2\/types\/post"}],"author":[{"embeddable":true,"href":"https:\/\/www.europesays.com\/fr\/wp-json\/wp\/v2\/users\/2"}],"replies":[{"embeddable":true,"href":"https:\/\/www.europesays.com\/fr\/wp-json\/wp\/v2\/comments?post=525841"}],"version-history":[{"count":0,"href":"https:\/\/www.europesays.com\/fr\/wp-json\/wp\/v2\/posts\/525841\/revisions"}],"wp:featuredmedia":[{"embeddable":true,"href":"https:\/\/www.europesays.com\/fr\/wp-json\/wp\/v2\/media\/525842"}],"wp:attachment":[{"href":"https:\/\/www.europesays.com\/fr\/wp-json\/wp\/v2\/media?parent=525841"}],"wp:term":[{"taxonomy":"category","embeddable":true,"href":"https:\/\/www.europesays.com\/fr\/wp-json\/wp\/v2\/categories?post=525841"},{"taxonomy":"post_tag","embeddable":true,"href":"https:\/\/www.europesays.com\/fr\/wp-json\/wp\/v2\/tags?post=525841"}],"curies":[{"name":"wp","href":"https:\/\/api.w.org\/{rel}","templated":true}]}}