{"id":525851,"date":"2025-11-10T22:40:39","date_gmt":"2025-11-10T22:40:39","guid":{"rendered":"https:\/\/www.europesays.com\/fr\/525851\/"},"modified":"2025-11-10T22:40:39","modified_gmt":"2025-11-10T22:40:39","slug":"charles-a-tue-eliott-le-resume-de-lepisode-1790-du-mardi-11-novembre-2025","status":"publish","type":"post","link":"https:\/\/www.europesays.com\/fr\/525851\/","title":{"rendered":"Charles a tu\u00e9 Eliott ! Le r\u00e9sum\u00e9 de l&rsquo;\u00e9pisode 1790 du mardi 11 novembre 2025"},"content":{"rendered":"<p>Dans Un si grand soleil sur France 3, en apprenant que Boris reste en prison, Muriel contacte le v\u00e9ritable meurtrier d&rsquo;Eliott. De son c\u00f4t\u00e9, Kira fait la connaissance de Paloma, une autre journaliste du Midi libre.<\/p>\n<p><b>Mardi 11\u00a0novembre 2025 dans <\/b><b>Un si grand soleil<\/b> &#8211; r\u00e9cemment marqu\u00e9 par<a href=\"https:\/\/www.programme-tv.net\/news\/series-tv\/391061-un-si-grand-soleil-louis-quitte-la-serie-ce-vendredi-31-octobre-2025-son-interprete-sylvain-boccara-devoile-les-vraies-raisons-de-son-depart\/\" data-api-deeplink=\"teleloisirs:\/\/news\/391061\" target=\"_blank\" rel=\"noopener\"> le d\u00e9part de deux acteurs phares<\/a> et bient\u00f4t <a href=\"https:\/\/www.programme-tv.net\/news\/series-tv\/390185-un-si-grand-soleil-apres-l-arret-des-mysteres-de-l-amour-patrick-puydebat-bientot-dans-le-feuilleton-de-france-3\/\" data-api-deeplink=\"teleloisirs:\/\/news\/390185\" target=\"_blank\" rel=\"noopener\">rejoint par un acteur des Myst\u00e8res de l&rsquo;amour<\/a>&#8230; Muriel se rend au cabinet d&rsquo;avocats, Florent et Johanna lui annoncent que Boris reste en d\u00e9tention bien qu&rsquo;il soit revenu sur ses aveux. Les deux avocats lui assurent que tout n&rsquo;est pas perdu, mais que ce sera compliqu\u00e9. Muriel d\u00e9cide d&rsquo;aller voir Charles \u00e0 son cabinet v\u00e9t\u00e9rinaire. Elle lui demande d&rsquo;aller voir la police pour raconter la v\u00e9rit\u00e9 car c&rsquo;est en r\u00e9alit\u00e9 Charles qui a tu\u00e9 \u00c9liott (<a href=\"https:\/\/www.programme-tv.net\/news\/series-tv\/390720-exclu-un-si-grand-soleil-j-etais-mort-donc-j-en-ai-profite-pour-l-etonnante-anecdote-de-stephane-monpetit-eliott-a-propos-de-la-scene-a-la-morgue\/\" data-api-deeplink=\"teleloisirs:\/\/news\/390720\" target=\"_blank\" rel=\"noopener\">St\u00e9phane Monpetit qui a pu dire au revoir \u00e0 son personnage<\/a>) ! Mais le v\u00e9t\u00e9rinaire demande \u00e0 la jeune femme de lui laisser 24 heures avant d&rsquo;aller se d\u00e9noncer \u00e0 la police. Elle accepte.<\/p>\n<p>Un si grand soleil en avance\u00a0: Muriel sait que Charles a tu\u00e9 \u00c9liott<\/p>\n<p>Au parloir, Catherine va voir Boris et l&rsquo;enguirlande pour s&rsquo;\u00eatre d\u00e9nonc\u00e9e \u00e0 la place de Muriel. Ils se disputent \u00e0 propos de cette derni\u00e8re. Boris coupe court \u00e0 la conversation. Catherine appelle ensuite Muriel et lui demande si c&rsquo;est elle qui a demand\u00e9 \u00e0 Boris de se d\u00e9noncer, Muriel r\u00e9pond que non mais Catherine reste agressive envers elle. Charles se rend devant la tombe d&rsquo;\u00c9liott et se souvient de la nuit de la mort de ce dernier : il s&rsquo;est rendu \u00e0 la planque de ce dernier pour le dissuader de kidnapper Toma. Mais \u00c9liott l&rsquo;a envoy\u00e9 pa\u00eetre de fa\u00e7on virulente et l&rsquo;a pouss\u00e9 par terre. Charles a pris l&rsquo;arme d&rsquo;\u00c9liott et lui a tir\u00e9 dessus. Muriel est arriv\u00e9e et a d\u00e9couvert \u00c9liott mort et Charles en crise. Elle lui a alors dit : \u00ab\u00a0Rentre chez toi et ne parle jamais \u00e0 personne de ce qu&rsquo;il s&rsquo;est pass\u00e9 !\u00a0\u00bb Elle a ensuite r\u00e9cup\u00e9r\u00e9 Toma et est repartie.<\/p>\n<p>                        Un si grand soleil en avance : Kira rencontre une nouvelle journaliste<\/p>\n<p>Au t\u00e9l\u00e9phone, Kira raconte \u00e0 Tha\u00efs ses premiers pas de journaliste stagiaire \u00e0 <a href=\"https:\/\/www.programme-tv.net\/news\/series-tv\/326567-un-si-grand-soleil-les-scenes-au-midi-libre-avec-marc-cesar-meric-sont-elles-vraiment-tournees-dans-les-locaux-du-journal-video\/\" data-api-deeplink=\"teleloisirs:\/\/news\/326567\" target=\"_blank\" rel=\"noopener\">la r\u00e9daction du Midi libre<\/a>. En arrivant sur place, Kira fait la connaissance d&rsquo;une autre journaliste, Paloma, qui va la prendre sous son aile. Elles partent couvrir l&rsquo;inauguration d&rsquo;un centre culturel. De retour \u00e0 la r\u00e9daction, Kira se montre dissip\u00e9e et Paloma lui donne une le\u00e7on de journalisme. Le soir, Kira demande des infos chiffr\u00e9es \u00e0 Florent par rapport aux plaintes pour racisme. Il lui dit qu&rsquo;il est fier de sa d\u00e9termination.<\/p>\n","protected":false},"excerpt":{"rendered":"Dans Un si grand soleil sur France 3, en apprenant que Boris reste en prison, Muriel contacte le&hellip;\n","protected":false},"author":2,"featured_media":525852,"comment_status":"","ping_status":"","sticky":false,"template":"","format":"standard","meta":{"footnotes":""},"categories":[1356],"tags":[244,58,59,1011,27,876,252,1364,9766,26118,26117],"class_list":{"0":"post-525851","1":"post","2":"type-post","3":"status-publish","4":"format-standard","5":"has-post-thumbnail","7":"category-television","8":"tag-commentaire","9":"tag-divertissement","10":"tag-entertainment","11":"tag-fr","12":"tag-france","13":"tag-france-3","14":"tag-television","15":"tag-tv","16":"tag-un-si-grand-soleil","17":"tag-un-si-grand-soleil-ru00e9sumu00e9","18":"tag-un-si-grand-soleil-ru00e9sumu00e9-en-avance"},"share_on_mastodon":{"url":"https:\/\/pubeurope.com\/@fr\/115527812729913417","error":""},"_links":{"self":[{"href":"https:\/\/www.europesays.com\/fr\/wp-json\/wp\/v2\/posts\/525851","targetHints":{"allow":["GET"]}}],"collection":[{"href":"https:\/\/www.europesays.com\/fr\/wp-json\/wp\/v2\/posts"}],"about":[{"href":"https:\/\/www.europesays.com\/fr\/wp-json\/wp\/v2\/types\/post"}],"author":[{"embeddable":true,"href":"https:\/\/www.europesays.com\/fr\/wp-json\/wp\/v2\/users\/2"}],"replies":[{"embeddable":true,"href":"https:\/\/www.europesays.com\/fr\/wp-json\/wp\/v2\/comments?post=525851"}],"version-history":[{"count":0,"href":"https:\/\/www.europesays.com\/fr\/wp-json\/wp\/v2\/posts\/525851\/revisions"}],"wp:featuredmedia":[{"embeddable":true,"href":"https:\/\/www.europesays.com\/fr\/wp-json\/wp\/v2\/media\/525852"}],"wp:attachment":[{"href":"https:\/\/www.europesays.com\/fr\/wp-json\/wp\/v2\/media?parent=525851"}],"wp:term":[{"taxonomy":"category","embeddable":true,"href":"https:\/\/www.europesays.com\/fr\/wp-json\/wp\/v2\/categories?post=525851"},{"taxonomy":"post_tag","embeddable":true,"href":"https:\/\/www.europesays.com\/fr\/wp-json\/wp\/v2\/tags?post=525851"}],"curies":[{"name":"wp","href":"https:\/\/api.w.org\/{rel}","templated":true}]}}