{"id":525857,"date":"2025-11-10T22:43:19","date_gmt":"2025-11-10T22:43:19","guid":{"rendered":"https:\/\/www.europesays.com\/fr\/525857\/"},"modified":"2025-11-10T22:43:19","modified_gmt":"2025-11-10T22:43:19","slug":"en-automne-les-enfants-tombent-malades-tout-le-temps-et-leurs-parents-sont-au-bout-du-rouleau","status":"publish","type":"post","link":"https:\/\/www.europesays.com\/fr\/525857\/","title":{"rendered":"En automne, les enfants tombent malades tout le temps et leurs parents sont au bout du rouleau"},"content":{"rendered":"<p>        <img decoding=\"async\" loading=\"lazy\" src=\"https:\/\/www.europesays.com\/fr\/wp-content\/uploads\/2025\/11\/fc02fb4_upload-1-algzqmik3fab-gettyimages-1365603849.jpg\"  width=\"728\" height=\"410\" alt=\"Selon une \u00e9tude de 2005, avant l\u2019\u00e2ge de deux ans, un enfant peut contracter jusqu\u2019\u00e0 dix rhumes par an.\"\/>  <\/p>\n<p>Ekaterina Goncharova \/ Getty Images<\/p>\n<p>Selon une \u00e9tude de 2005, avant l\u2019\u00e2ge de deux ans, un enfant peut contracter jusqu\u2019\u00e0 dix rhumes par an.<\/p>\n<p class=\"asset asset-text\">PARENTALIT\u00c9 &#8211; \u00c7a commence parfois d\u00e8s le mois de septembre. Votre enfant, qui a \u00e9t\u00e9 en forme olympique durant tout l\u2019\u00e9t\u00e9, rentre de la cr\u00e8che ou de l\u2019\u00e9cole avec le nez qui coule. \u00ab\u00a0<a href=\"https:\/\/www.huffingtonpost.fr\/life\/article\/comment-soigner-efficacement-et-sans-risque-un-rhume-chez-l-enfant_118273.html\" target=\"_blank\" rel=\"noopener\">Un petit rhume<\/a>\u00a0\u00bb, pensez-vous. H\u00e9las, ce n\u2019est souvent que <a href=\"https:\/\/www.huffingtonpost.fr\/life\/article\/puis-je-pendre-un-conge-si-mon-enfant-a-le-covid_189541.html\" target=\"_blank\" rel=\"noopener\">le d\u00e9but d\u2019une longue succession de maladies<\/a> qui va s\u2019\u00e9tendre jusqu\u2019au printemps.<\/p>\n<p class=\"asset asset-text\">Rhinopharyngite, angine, otite, gastro-ent\u00e9rite, <a href=\"https:\/\/www.huffingtonpost.fr\/life\/article\/l-epidemie-de-bronchiolite-chez-les-bebes-et-les-enfants-repart-a-la-hausse-voici-comment-reconnaitre-les-symptomes-clx3_208911.html\" target=\"_blank\" rel=\"noopener\">bronchiolite<\/a>&#8230; Sans compter sur les ind\u00e9tr\u00f4nables maladies enfantines que sont la varicelle et le \u00ab\u00a0pieds-mains-bouche\u00a0\u00bb, contract\u00e9es elles aussi par les enfants en collectivit\u00e9.<\/p>\n<p class=\"asset asset-text\">Toutes ces maladies ont un point commun\u00a0: en plus de rendre les petits patraques et fi\u00e9vreux pendant quelques jours, elles contraignent aussi leurs parents \u00e0 trouver au d\u00e9bott\u00e9 une solution de garde, en plus d\u2019un rendez-vous m\u00e9dical. Ce que nous confirme Marion, m\u00e8re de deux enfants de 3\u00a0ans et 4\u00a0ans et demi et \u00ab\u00a0abonn\u00e9e \u00bb aux rendez-vous chez SOS M\u00e9decins. \u00ab\u00a0D\u00e8s la premi\u00e8re semaine d\u2019\u00e9cole, ils ont attrap\u00e9 un gros rhume. On a encha\u00een\u00e9 en septembre et en octobre avec une otite, une rhino, la scarlatine\u2026 Quand arrive l\u2019automne, on compte sur les doigts de la main les semaines o\u00f9 ils ne sont pas malades.\u00a0\u00bb<\/p>\n<p>    En moyenne neuf \u00e9pisodes de maladie par an jusqu\u2019\u00e0 5\u00a0ans    <\/p>\n<p class=\"asset asset-text\">M\u00eame constat du c\u00f4t\u00e9 de Lucas, pour qui le mois d\u2019octobre \u00ab\u00a0a \u00e9t\u00e9 particuli\u00e8rement compliqu\u00e9\u00a0\u00bb pour faire garder ses jumeaux de 17\u00a0mois, qui ont tous deux <a href=\"https:\/\/www.huffingtonpost.fr\/life\/article\/10-conseils-qui-vont-vous-sauver-la-vie-quand-votre-enfant-aura-la-gastro_31203.html\" target=\"_blank\" rel=\"noopener\">attrap\u00e9 la gastro \u00e0 la cr\u00e8che<\/a>. \u00ab\u00a0M\u00eame si un seul est malade au d\u00e9but, l\u2019autre finit toujours par attraper ce qu\u2019il a car ils s\u2019\u00e9changent leurs jouets, dorment dans la m\u00eame chambre, souffle le p\u00e8re de famille. Et l\u2019an dernier, pour leur premi\u00e8re ann\u00e9e, c\u2019\u00e9tait encore pire\u00a0: ils ont \u00e9t\u00e9 malades quasiment sans discontinuer pendant huit mois.\u00a0\u00bb<\/p>\n<p class=\"asset asset-text\">Pour les parents de tout-petits comme Lucas, cette succession de contagions risque de durer encore quelque temps. Comme le souligne le site <a href=\"https:\/\/www.monenfantestmalade.ch\/fiches\/malade\" target=\"_blank\" rel=\"noopener\" title=\"Nouvelle fen\u00eatre\">Mon enfant est malade<\/a>, tenu par les H\u00f4pitaux universitaires de Gen\u00e8ve, \u00ab\u00a0il est habituel, pour un enfant de moins de 5\u00a0ans d\u2019avoir jusqu\u2019\u00e0 six infections virales du nez, de la gorge et des bronches et jusqu\u2019\u00e0 trois \u201cgrippes intestinales\u201d (gastro-ent\u00e9rites) par ann\u00e9e\u00a0\u00bb. Et m\u00eame au-del\u00e0 de cet \u00e2ge, rien n\u2019est encore gagn\u00e9, puisque les enfants continuent d\u2019attraper virus et autres germes \u00e0 l\u2019\u00e9cole, chez la nounou ou \u00e0 la cr\u00e8che.<\/p>\n<p>    Cong\u00e9 enfant malade et syst\u00e8me D    <\/p>\n<p class=\"asset asset-text\">Pour les parents, avoir un enfant malade se mue alors en parcours du combattant. \u00ab\u00a0\u00c7a n\u00e9cessite toute une organisation, garder celui qui n\u2019est pas bien tout en d\u00e9posant l\u2019autre \u00e0 l\u2019\u00e9cole, malgr\u00e9 [le risque de] contagion\u00a0\u00bb, d\u00e9veloppe Marion. Qui dit enfant \u00e0 la maison, dit aussi difficult\u00e9, voire impossibilit\u00e9 de travailler. Il existe alors une solution pour les parents d\u2019enfants de moins de 16\u00a0ans\u00a0: le <a href=\"https:\/\/www.service-public.gouv.fr\/particuliers\/vosdroits\/F151\" target=\"_blank\" rel=\"noopener\" title=\"Nouvelle fen\u00eatre\">cong\u00e9 enfant malade<\/a>.<\/p>\n<p class=\"asset asset-text\">Dans le secteur priv\u00e9, il est fix\u00e9 \u00e0 trois jours par an, et \u00e0 cinq jours si l\u2019enfant a moins d\u2019un an, m\u00eame si certaines conventions collectives se montrent plus g\u00e9n\u00e9reuses. Comme celle dont b\u00e9n\u00e9ficie Lucas. \u00ab\u00a0Quand nos enfants ne peuvent pas aller \u00e0 la cr\u00e8che, c\u2019est notre premi\u00e8re solution. Mais, c\u2019est vrai que nous ne sommes pas \u00e9gaux avec ma compagne. J\u2019en ai six par an, elle trois, et ce n\u2019est clairement pas suffisant. L\u00e0, on a d\u00e9j\u00e0 tout utilis\u00e9. Cette semaine, j\u2019ai d\u00fb faire appel \u00e0 mes parents, qui sont toujours en activit\u00e9, pour garder mes enfants malades.\u00a0\u00bb<\/p>\n<p class=\"asset asset-text\">Sans famille \u00e0 proximit\u00e9 pour prendre le relais, il reste une solution de dernier recours\u00a0: poser des cong\u00e9s pay\u00e9s. Mais l\u00e0 encore, \u00ab\u00a0cela n\u00e9cessite de maintenir un \u00e9quilibre, car il fait aussi garder des cong\u00e9s pay\u00e9s pour les cinq semaines par an o\u00f9 la cr\u00e8che est ferm\u00e9e\u00a0\u00bb, compl\u00e8te Lucas. La t\u00e2che est encore plus d\u00e9licate pour les travailleurs ind\u00e9pendants, qui ne b\u00e9n\u00e9ficient d\u2019aucun cong\u00e9 enfant malade. C\u2019est le cas de C\u00e9line*, dont les enfants de 2\u00a0et 4\u00a0ans encha\u00eenent eux aussi les angines et les gastros depuis la rentr\u00e9e. \u00ab\u00a0Je prie pour qu\u2019ils ne soient pas malades, car lorsque je ne travaille pas, je ne suis pas pay\u00e9e. Sans compter le concours que je dois pr\u00e9parer\u00a0\u00bb, l\u00e2che-t-elle.<\/p>\n<p>    Une vie pro momentan\u00e9ment au second plan    <\/p>\n<p class=\"asset asset-text\">Travaillant \u00e0 son compte, Marion doit \u00e9galement s\u2019adapter en cas de maladie d\u2019un de ses enfants. \u00ab\u00a0J\u2019ai la chance de pouvoir sauver les meubles en rattrapant mon travail le soir\u00a0\u00bb, reconna\u00eet la m\u00e8re de famille, qui \u00e9voque n\u00e9anmoins un \u00ab\u00a0impact moral tr\u00e8s important\u00a0\u00bb. \u00ab\u00a0Au lieu de me reposer quand mon enfant dort, je dois rattraper le travail accumul\u00e9. C\u2019est un peu la double peine, d\u2019autant que personne ne dort bien quand il y a un enfant malade.\u00a0\u00bb \u00ab\u00a0\u00c7a demande de jongler en permanence, c\u2019est \u00e9puisant\u00a0\u00bb, abonde Lucas.<\/p>\n<p class=\"asset asset-text\">\u00c0\u00a0cette fatigue s\u2019ajoutent aussi souvent du stress et de la culpabilit\u00e9 pour les parents oblig\u00e9s de manquer \u00e0 leurs obligations professionnelles pour garder leur enfant. \u00ab\u00a0J\u2019ai beau avoir des sup\u00e9rieurs compr\u00e9hensifs, je ressens quand m\u00eame une pression\u00a0\u00bb, reconna\u00eet Lucas. \u00ab\u00a0Au mois d\u2019octobre, je n\u2019ai pas fait une seule semaine compl\u00e8te au travail. C\u2019est d\u2019autant plus difficile que lorsqu\u2019on est l\u00e0, il faut aussi \u00eatre pleinement concentr\u00e9 et performant, m\u00eame si on n\u2019a pas beaucoup dormi.\u00a0\u00bb<\/p>\n<p class=\"asset asset-text\">\u00ab\u00a0Dans ces moments du quotidien, c\u2019est \u00e9vident que la vie personnelle prend le pas sur le professionnel\u00a0\u00bb, ajoute Marion, qui assure pourtant savoir \u00eatre \u00ab\u00a0dans une situation privil\u00e9gi\u00e9e\u00a0\u00bb \u00ab\u00a0J\u2019imagine que pour les parents c\u00e9libataires et\/ou pr\u00e9caires, c\u2019est encore plus p\u00e9nalisant.\u00a0\u00bb Pour rem\u00e9dier \u00e0 cette situation inconfortable, les trois parents interrog\u00e9s plaident pour un allongement et une uniformisation du cong\u00e9 pour enfant malade. \u00ab\u00a0Deux ou trois jours par an, ce n\u2019est clairement pas assez\u00a0\u00bb, souligne Marion. Mais, comme le projet est <a href=\"https:\/\/www.huffingtonpost.fr\/life\/article\/fete-des-meres-on-a-demande-aux-premieres-concernees-ce-qu-elles-veulent-de-la-part-d-emmanuel-macron_234307.html\" target=\"_blank\" rel=\"noopener\">loin d\u2019\u00eatre \u00e0 l\u2019ordre du jour<\/a>, tous prennent leur mal en patience. \u00ab\u00a0Avec un peu de chance, d\u2019ici quelques mois, les enfants auront une super immunit\u00e9 et on sera tranquilles\u00a0\u00bb, conclut Lucas, optimiste.<\/p>\n<p class=\"asset asset-text\">*Le pr\u00e9nom a \u00e9t\u00e9 modifi\u00e9<\/p>\n","protected":false},"excerpt":{"rendered":"Ekaterina Goncharova \/ Getty Images Selon une \u00e9tude de 2005, avant l\u2019\u00e2ge de deux ans, un enfant peut&hellip;\n","protected":false},"author":2,"featured_media":525858,"comment_status":"","ping_status":"","sticky":false,"template":"","format":"standard","meta":{"footnotes":""},"categories":[10],"tags":[64539,10654,1011,27,72,5656,5791,71],"class_list":{"0":"post-525857","1":"post","2":"type-post","3":"status-publish","4":"format-standard","5":"has-post-thumbnail","7":"category-sante","8":"tag-charge-mentale","9":"tag-enfants-malades","10":"tag-fr","11":"tag-france","12":"tag-health","13":"tag-life","14":"tag-relation-parent-enfant","15":"tag-sante"},"share_on_mastodon":{"url":"https:\/\/pubeurope.com\/@fr\/115527826039639865","error":""},"_links":{"self":[{"href":"https:\/\/www.europesays.com\/fr\/wp-json\/wp\/v2\/posts\/525857","targetHints":{"allow":["GET"]}}],"collection":[{"href":"https:\/\/www.europesays.com\/fr\/wp-json\/wp\/v2\/posts"}],"about":[{"href":"https:\/\/www.europesays.com\/fr\/wp-json\/wp\/v2\/types\/post"}],"author":[{"embeddable":true,"href":"https:\/\/www.europesays.com\/fr\/wp-json\/wp\/v2\/users\/2"}],"replies":[{"embeddable":true,"href":"https:\/\/www.europesays.com\/fr\/wp-json\/wp\/v2\/comments?post=525857"}],"version-history":[{"count":0,"href":"https:\/\/www.europesays.com\/fr\/wp-json\/wp\/v2\/posts\/525857\/revisions"}],"wp:featuredmedia":[{"embeddable":true,"href":"https:\/\/www.europesays.com\/fr\/wp-json\/wp\/v2\/media\/525858"}],"wp:attachment":[{"href":"https:\/\/www.europesays.com\/fr\/wp-json\/wp\/v2\/media?parent=525857"}],"wp:term":[{"taxonomy":"category","embeddable":true,"href":"https:\/\/www.europesays.com\/fr\/wp-json\/wp\/v2\/categories?post=525857"},{"taxonomy":"post_tag","embeddable":true,"href":"https:\/\/www.europesays.com\/fr\/wp-json\/wp\/v2\/tags?post=525857"}],"curies":[{"name":"wp","href":"https:\/\/api.w.org\/{rel}","templated":true}]}}