{"id":525861,"date":"2025-11-10T22:45:41","date_gmt":"2025-11-10T22:45:41","guid":{"rendered":"https:\/\/www.europesays.com\/fr\/525861\/"},"modified":"2025-11-10T22:45:41","modified_gmt":"2025-11-10T22:45:41","slug":"iron-maiden-the-offspring-et-deep-purple-attendus-au-festival-de-musique-hellfest-en-juin","status":"publish","type":"post","link":"https:\/\/www.europesays.com\/fr\/525861\/","title":{"rendered":"Iron Maiden, The Offspring et Deep Purple attendus au festival de musique Hellfest en juin"},"content":{"rendered":"<p>\n    Au total, 183 artistes sont attendus, dont 85 pour la premi\u00e8re fois, \u00e0 Clisson (Loire-Atlantique) pour la 19e \u00e9dition du festival.<\/p>\n<p class=\"fig-paragraph\">Iron Maiden, The Offspring, Deep Purple ou encore Ultra Vomit c\u00f4t\u00e9 fran\u00e7ais sont attendus sur les sc\u00e8nes du festival\u00a0<a href=\"http:\/\/www.lefigaro.fr\/musique\/hellfest-2025-une-edition-reussie-sous-une-chaleur-record-20250626\" target=\"_blank\" data-fig-type=\"Article\" rel=\"noopener nofollow\" data-gtm-custom-categorie=\"navigation\" data-gtm-custom-action=\"crossclick\" data-gtm-custom-label=\"Contextuel\" data-gtm-event=\"customEventSPE\" data-fig-domain=\"LEFIGARO\">Hellfest<\/a>, rendez-vous phare des musiques extr\u00eames, du 18 au 21 juin, ont annonc\u00e9 lundi les organisateurs. Au total, 183 artistes sont attendus, dont 85 pour la premi\u00e8re fois, \u00e0 Clisson (Loire-Atlantique) pour la 19e \u00e9dition du festival, selon un communiqu\u00e9.<\/p>\n<p class=\"fig-paragraph\">Les v\u00e9t\u00e9rans britanniques du hard rock, Deep Purple, se produiront jeudi 18 juin. Vendredi, ce sera au tour du groupe mythique britannique Iron Maiden qui c\u00e9l\u00e8bre ses 50 ans de carri\u00e8re, des Fran\u00e7ais d&rsquo;Ultra Vomit, qui avaient annul\u00e9 leur venue en 2025 ou encore de Sepultura, g\u00e9ant du metal br\u00e9silien. The Offspring, groupe punk culte am\u00e9ricain, montera sur sc\u00e8ne dimanche.<\/p>\n<p>                                    <a class=\"fig-a11y-skip a11y-hidden\" href=\"#fig-a11y-skip-main-inarticle\"><br \/>\n        Passer la publicit\u00e9<br \/>\n    <\/a><\/p>\n<p>280.000 festivaliers<\/p>\n<p class=\"fig-paragraph\">Avec 280.000 festivaliers, c&rsquo;est le plus grand festival de musiques extr\u00eames de France et m\u00eame le plus important festival du pays. Comme \u00e0 l&rsquo;accoutum\u00e9e, les billets pour toute la dur\u00e9e du festival, \u00e0 359 euros pour cette \u00e9dition, se sont vendus avant m\u00eame que la programmation ne soit connue. Des billets pour une journ\u00e9e seront mis en vente d\u00e9but 2026.<\/p>\n","protected":false},"excerpt":{"rendered":"Au total, 183 artistes sont attendus, dont 85 pour la premi\u00e8re fois, \u00e0 Clisson (Loire-Atlantique) pour la 19e&hellip;\n","protected":false},"author":2,"featured_media":525862,"comment_status":"","ping_status":"","sticky":false,"template":"","format":"standard","meta":{"footnotes":""},"categories":[8],"tags":[58,59,1011,27,16501],"class_list":{"0":"post-525861","1":"post","2":"type-post","3":"status-publish","4":"format-standard","5":"has-post-thumbnail","7":"category-divertissement","8":"tag-divertissement","9":"tag-entertainment","10":"tag-fr","11":"tag-france","12":"tag-hellfest"},"share_on_mastodon":{"url":"https:\/\/pubeurope.com\/@fr\/115527832256066730","error":""},"_links":{"self":[{"href":"https:\/\/www.europesays.com\/fr\/wp-json\/wp\/v2\/posts\/525861","targetHints":{"allow":["GET"]}}],"collection":[{"href":"https:\/\/www.europesays.com\/fr\/wp-json\/wp\/v2\/posts"}],"about":[{"href":"https:\/\/www.europesays.com\/fr\/wp-json\/wp\/v2\/types\/post"}],"author":[{"embeddable":true,"href":"https:\/\/www.europesays.com\/fr\/wp-json\/wp\/v2\/users\/2"}],"replies":[{"embeddable":true,"href":"https:\/\/www.europesays.com\/fr\/wp-json\/wp\/v2\/comments?post=525861"}],"version-history":[{"count":0,"href":"https:\/\/www.europesays.com\/fr\/wp-json\/wp\/v2\/posts\/525861\/revisions"}],"wp:featuredmedia":[{"embeddable":true,"href":"https:\/\/www.europesays.com\/fr\/wp-json\/wp\/v2\/media\/525862"}],"wp:attachment":[{"href":"https:\/\/www.europesays.com\/fr\/wp-json\/wp\/v2\/media?parent=525861"}],"wp:term":[{"taxonomy":"category","embeddable":true,"href":"https:\/\/www.europesays.com\/fr\/wp-json\/wp\/v2\/categories?post=525861"},{"taxonomy":"post_tag","embeddable":true,"href":"https:\/\/www.europesays.com\/fr\/wp-json\/wp\/v2\/tags?post=525861"}],"curies":[{"name":"wp","href":"https:\/\/api.w.org\/{rel}","templated":true}]}}