{"id":525865,"date":"2025-11-10T22:49:37","date_gmt":"2025-11-10T22:49:37","guid":{"rendered":"https:\/\/www.europesays.com\/fr\/525865\/"},"modified":"2025-11-10T22:49:37","modified_gmt":"2025-11-10T22:49:37","slug":"le-shutdown-en-passe-de-sachever-vers-la-fin-du-cauchemar-pour-des-milliers-de-fonctionnaires","status":"publish","type":"post","link":"https:\/\/www.europesays.com\/fr\/525865\/","title":{"rendered":"Le \u00ab\u00a0shutdown\u00a0\u00bb en passe de s\u2019achever\u2026 Vers la fin du cauchemar pour des milliers de fonctionnaires\u00a0?"},"content":{"rendered":"<p>La fin du cauchemar pour des milliers de fonctionnaires est-elle proche\u00a0? Apr\u00e8s plus de quarante jours de \u00ab\u00a0shutdown\u00a0\u00bb, un record historique, les <a href=\"https:\/\/www.20minutes.fr\/monde\/etats-unis\/\" target=\"_blank\" class=\"c-link c-link--is-underlined\" rel=\"noopener\">Etats-Unis<\/a> semblent enfin entrevoir la sortie de crise. Un compromis trouv\u00e9 au S\u00e9nat entre la majorit\u00e9 r\u00e9publicaine et plusieurs d\u00e9mocrates mod\u00e9r\u00e9s devrait mettre fin cette semaine au \u00ab\u00a0shutdown\u00a0\u00bb qui a plong\u00e9 le pays dans le chaos administratif et social depuis le 1er\u00a0octobre.<\/p>\n<p>Le texte issu de cet accord doit \u00eatre adopt\u00e9 dans la nuit de lundi \u00e0 mardi par le <a href=\"https:\/\/www.20minutes.fr\/dossier\/senat\" target=\"_blank\" class=\"c-link c-link--is-underlined\" rel=\"noopener\">S\u00e9nat<\/a> avant d\u2019\u00eatre soumis \u00e0 la Chambre des repr\u00e9sentants, qui pourrait se prononcer d\u00e8s mercredi. Si les deux chambres l\u2019approuvent, il reviendra \u00e0 <a href=\"https:\/\/www.20minutes.fr\/dossier\/donald_trump\" target=\"_blank\" class=\"c-link c-link--is-underlined\" rel=\"noopener\">Donald Trump<\/a> de le promulguer. Le pr\u00e9sident s\u2019est dit confiant. \u00ab L&rsquo;accord est tr\u00e8s bon \u00bb, a-t-il dit lundi pendant un \u00e9change avec la presse dans le Bureau ovale, en ajoutant : \u00ab Nous allons tr\u00e8s vite rouvrir le pays \u00bb. Son alli\u00e9, le chef r\u00e9publicain de la Chambre, <a href=\"https:\/\/www.20minutes.fr\/monde\/etats-unis\/4131919-20250103-etats-unis-election-speaker-congres-mike-johnson-joue-survie\" target=\"_blank\" class=\"c-link c-link--is-underlined\" rel=\"noopener\">Mike Johnson<\/a>, s\u2019est voulu tout aussi optimiste, promettant que \u00ab\u00a0notre long cauchemar national touche enfin \u00e0 sa fin\u00a0\u00bb.<\/p>\n<p>Un accord avec des d\u00e9mocrates mod\u00e9r\u00e9s<\/p>\n<p>Depuis plus d\u2019un mois, la paralysie du gouvernement f\u00e9d\u00e9ral a eu des cons\u00e9quences majeures\u00a0: plus d\u2019un million de <a href=\"https:\/\/www.20minutes.fr\/dossier\/fonctionnaires\" target=\"_blank\" class=\"c-link c-link--is-underlined\" rel=\"noopener\">fonctionnaires<\/a> sans salaire, des aides sociales suspendues et <a href=\"https:\/\/www.20minutes.fr\/monde\/etats-unis\/4183888-20251106-etats-unis-plein-shutdown-administration-trump-ordonne-compagnies-annuler-milliers-vols\" target=\"_blank\" class=\"c-link c-link--is-underlined\" rel=\"noopener\">des centaines de vols annul\u00e9s<\/a> chaque jour. En toile de fond, un d\u00e9saccord profond sur les co\u00fbts de sant\u00e9 et l\u2019avenir du programme d\u2019assurance \u00ab\u00a0<a href=\"https:\/\/www.20minutes.fr\/dossier\/obamacare\" target=\"_blank\" class=\"c-link c-link--is-underlined\" rel=\"noopener\">Obamacare<\/a>\u00a0\u00bb. Les <a href=\"https:\/\/www.20minutes.fr\/monde\/republicains\/\" target=\"_blank\" class=\"c-link c-link--is-underlined\" rel=\"noopener\">r\u00e9publicains<\/a>, majoritaires au <a href=\"https:\/\/www.20minutes.fr\/dossier\/congres\" target=\"_blank\" class=\"c-link c-link--is-underlined\" rel=\"noopener\">Congr\u00e8s<\/a>, pr\u00f4naient une simple extension budg\u00e9taire, tandis que les d\u00e9mocrates r\u00e9clamaient le maintien des subventions destin\u00e9es aux m\u00e9nages modestes. Ces aides doivent expirer en fin de l\u2019ann\u00e9e, ce qui pourrait doubler les primes d\u2019assurance de 24\u00a0millions d\u2019Am\u00e9ricains selon le centre de recherche KFF.<\/p>\n<\/p>\n<p>Pour faire passer le budget, les r\u00e9publicains avaient besoin de quelques voix <a href=\"https:\/\/www.20minutes.fr\/dossier\/parti_democrate\" target=\"_blank\" class=\"c-link c-link--is-underlined\" rel=\"noopener\">d\u00e9mocrates<\/a>. Apr\u00e8s des semaines d\u2019impasse, cinq s\u00e9nateurs mod\u00e9r\u00e9s de l\u2019opposition ont rejoint trois autres pour soutenir un nouveau texte. \u00ab\u00a0Attendre plus longtemps ne fera que prolonger les souffrances que les Am\u00e9ricains ressentent \u00e0 cause du \u00ab\u00a0shutdown\u00a0\u00bb\u00a0\u00bb, a expliqu\u00e9 la s\u00e9natrice Jeanne Shaheen, justifiant son ralliement au compromis. Ces \u00e9lus ont obtenu <a href=\"https:\/\/www.20minutes.fr\/monde\/etats-unis\/4179623-20251016-etats-unis-plein-shutdown-donald-trump-licencie-milliers-fonctionnaires\" target=\"_blank\" class=\"c-link c-link--is-underlined\" rel=\"noopener\">la suspension du plan de licenciement de milliers de fonctionnaires<\/a> f\u00e9d\u00e9raux lanc\u00e9 par l\u2019administration Trump, mais n\u2019ont pas obtenu la garantie d\u2019une extension des subventions sant\u00e9.<\/p>\n<p>\u00ab\u00a0Capitulation\u00a0\u00bb et \u00ab\u00a0trahison\u00a0\u00bb<\/p>\n<p>Leur seule victoire symbolique tient \u00e0 une promesse du chef r\u00e9publicain du S\u00e9nat d\u2019organiser un futur vote sur la question, une promesse jug\u00e9e \u00ab\u00a0creuse\u00a0\u00bb par l\u2019aile progressiste du Parti d\u00e9mocrate. \u00ab\u00a0Les r\u00e9publicains n\u2019agissent pas de bonne foi quand il s\u2019agit de la <a href=\"https:\/\/www.20minutes.fr\/sante\/\" target=\"_blank\" class=\"c-link c-link--is-underlined\" rel=\"noopener\">sant\u00e9<\/a> des Am\u00e9ricains\u00a0\u00bb, a fustig\u00e9 Hakeem Jeffries, chef de la minorit\u00e9 d\u00e9mocrate \u00e0 la Chambre. Le gouverneur de Californie, Gavin Newsom, a d\u00e9nonc\u00e9 sur X une \u00ab\u00a0capitulation\u00a0\u00bb et une \u00ab\u00a0trahison\u00a0\u00bb envers les classes laborieuses.<\/p>\n<p><a href=\"https:\/\/www.20minutes.fr\/monde\/etats-unis\/\" target=\"_blank\" class=\"c-link c-btn c-btn--primary\" rel=\"noopener\">Notre dossier sur les Etats-Unis<\/a><\/p>\n<p>La col\u00e8re gronde d\u00e9sormais au sein du camp d\u00e9mocrate. Plusieurs \u00e9lus r\u00e9clament des sanctions internes et pointent la responsabilit\u00e9 de Chuck Schumer, chef de la minorit\u00e9 au S\u00e9nat, soup\u00e7onn\u00e9 d\u2019avoir favoris\u00e9 l\u2019accord en coulisses. \u00ab\u00a0Si Chuck Schumer \u00e9tait un leader efficace, il aurait uni son groupe pour voter \u00ab\u00a0Non\u00a0\u00bb ce soir et tenir bon sur la sant\u00e9\u00a0\u00bb, a cingl\u00e9 l\u2019\u00e9lu Seth Moulton.<\/p>\n","protected":false},"excerpt":{"rendered":"La fin du cauchemar pour des milliers de fonctionnaires est-elle proche\u00a0? Apr\u00e8s plus de quarante jours de \u00ab\u00a0shutdown\u00a0\u00bb,&hellip;\n","protected":false},"author":2,"featured_media":525866,"comment_status":"","ping_status":"","sticky":false,"template":"","format":"standard","meta":{"footnotes":""},"categories":[6],"tags":[47,35,10514,75,33,34,73,1273,1011,27,74,56107,23893,23892],"class_list":{"0":"post-525865","1":"post","2":"type-post","3":"status-publish","4":"format-standard","5":"has-post-thumbnail","7":"category-economie","8":"tag-actualite","9":"tag-business","10":"tag-congres-des-etats-unis","11":"tag-donald-trump","12":"tag-economie","13":"tag-economy","14":"tag-etats-unis","15":"tag-fonctionnaires","16":"tag-fr","17":"tag-france","18":"tag-monde","19":"tag-obamacare","20":"tag-parti-democrate-usa","21":"tag-parti-republicain-usa"},"share_on_mastodon":{"url":"https:\/\/pubeurope.com\/@fr\/115527847977355548","error":""},"_links":{"self":[{"href":"https:\/\/www.europesays.com\/fr\/wp-json\/wp\/v2\/posts\/525865","targetHints":{"allow":["GET"]}}],"collection":[{"href":"https:\/\/www.europesays.com\/fr\/wp-json\/wp\/v2\/posts"}],"about":[{"href":"https:\/\/www.europesays.com\/fr\/wp-json\/wp\/v2\/types\/post"}],"author":[{"embeddable":true,"href":"https:\/\/www.europesays.com\/fr\/wp-json\/wp\/v2\/users\/2"}],"replies":[{"embeddable":true,"href":"https:\/\/www.europesays.com\/fr\/wp-json\/wp\/v2\/comments?post=525865"}],"version-history":[{"count":0,"href":"https:\/\/www.europesays.com\/fr\/wp-json\/wp\/v2\/posts\/525865\/revisions"}],"wp:featuredmedia":[{"embeddable":true,"href":"https:\/\/www.europesays.com\/fr\/wp-json\/wp\/v2\/media\/525866"}],"wp:attachment":[{"href":"https:\/\/www.europesays.com\/fr\/wp-json\/wp\/v2\/media?parent=525865"}],"wp:term":[{"taxonomy":"category","embeddable":true,"href":"https:\/\/www.europesays.com\/fr\/wp-json\/wp\/v2\/categories?post=525865"},{"taxonomy":"post_tag","embeddable":true,"href":"https:\/\/www.europesays.com\/fr\/wp-json\/wp\/v2\/tags?post=525865"}],"curies":[{"name":"wp","href":"https:\/\/api.w.org\/{rel}","templated":true}]}}