{"id":525867,"date":"2025-11-10T22:51:13","date_gmt":"2025-11-10T22:51:13","guid":{"rendered":"https:\/\/www.europesays.com\/fr\/525867\/"},"modified":"2025-11-10T22:51:13","modified_gmt":"2025-11-10T22:51:13","slug":"la-proposition-de-loi-sur-la-peine-de-mort-pour-les-terroristes-approuvee-en-premiere-lecture-a-la-knesset","status":"publish","type":"post","link":"https:\/\/www.europesays.com\/fr\/525867\/","title":{"rendered":"la proposition de loi sur la \u00ab\u00a0peine de mort pour les terroristes\u00a0\u00bb approuv\u00e9e en premi\u00e8re lecture \u00e0 la Knesset"},"content":{"rendered":"<p>   La presse \u00e9trang\u00e8re d\u00e9nonce les attaques de colons isra\u00e9liens envers des journalistes             <\/p>\n<p class=\"post__live-container--answer-text post__space-node\">L\u2019Association de la presse \u00e9trang\u00e8re \u00e0 J\u00e9rusalem (FPA) a appel\u00e9 lundi les autorit\u00e9s isra\u00e9liennes \u00e0 mettre fin \u00ab\u00a0imm\u00e9diatement\u00a0\u00bb aux attaques men\u00e9es par des colons isra\u00e9liens contre des journalistes en Cisjordanie.<\/p>\n<p class=\"post__live-container--answer-text post__space-node\">La FPA, qui repr\u00e9sente des centaines de journalistes, y compris isra\u00e9liens et palestiniens, travaillant pour des m\u00e9dias \u00e9trangers, s\u2019est dite \u00ab\u00a0constern\u00e9e\u00a0\u00bb par les r\u00e9centes attaques, notamment pendant la r\u00e9colte des olives ces derni\u00e8res semaines. \u00ab\u00a0Les journalistes, locaux comme \u00e9trangers, ont \u00e9t\u00e9 clairement cibl\u00e9s alors qu\u2019ils documentaient cette ann\u00e9e des violences sans pr\u00e9c\u00e9dent contre les Palestiniens lors de la r\u00e9colte des olives\u00a0\u00bb, pointe l\u2019association dans un communiqu\u00e9.<\/p>\n<p class=\"post__live-container--answer-text post__space-node\">Deux employ\u00e9s de l\u2019agence Reuters, portant des gilets et casques clairement identifi\u00e9s \u00ab\u00a0presse\u00a0\u00bb, ont ainsi \u00e9t\u00e9 samedi agress\u00e9s par des civils isra\u00e9liens masqu\u00e9s, arm\u00e9s de b\u00e2tons et de pierres, pr\u00e8s du village de Beita, dans le territoire palestinien occup\u00e9 par Isra\u00ebl depuis 1967, rapporte-t-elle. \u00ab\u00a0Une foule de dizaines de colons a battu l\u2019une des employ\u00e9es, une journaliste, alors qu\u2019elle se trouvait d\u00e9j\u00e0 au sol, lui infligeant de graves blessures\u00a0\u00bb, pr\u00e9cise la FPA.<\/p>\n<p class=\"post__live-container--answer-text post__space-node\">Un photographe de l\u2019Agence France-Presse (AFP) avait vu des journalistes bless\u00e9s \u00e0 leur arriv\u00e9e \u00e0 un h\u00f4pital de Naplouse, ville situ\u00e9e \u00e0 proximit\u00e9 de Beita. \u00ab\u00a0Ils [les colons] ont aussi attaqu\u00e9 ceux qui tentaient de venir en aide [\u00e0 la journaliste bless\u00e9e]. Un agent de s\u00e9curit\u00e9 de Reuters a \u00e9t\u00e9 frapp\u00e9, et deux journalistes palestiniens ind\u00e9pendants ont \u00e9t\u00e9 bless\u00e9s alors qu\u2019ils \u00e9taient pourchass\u00e9s\u00a0\u00bb, ajoute l\u2019association.<\/p>\n<p class=\"post__live-container--answer-text post__space-node\">Le 10\u00a0octobre, un photographe de l\u2019AFP avait aussi \u00e9t\u00e9 frapp\u00e9 \u00e0 coups de b\u00e2ton par des colons alors qu\u2019il filmait la cueillette des olives dans la m\u00eame zone. \u00ab\u00a0En trente ans de carri\u00e8re, c\u2019est la premi\u00e8re fois que je fais face \u00e0 une violence de cette sorte\u00a0\u00bb, avait d\u00e9clar\u00e9 ce photographe, Jaafar Ashtiyeh, bas\u00e9 \u00e0 Naplouse, dont la voiture a aussi \u00e9t\u00e9 incendi\u00e9e. \u00ab\u00a0Si je n\u2019\u00e9tais pas parvenu \u00e0 m\u2019\u00e9chapper, ils m\u2019auraient tu\u00e9\u00a0\u00bb, avait-il ajout\u00e9.<\/p>\n<p class=\"post__live-container--answer-text post__space-node\">\u00ab\u00a0Les forces isra\u00e9liennes harc\u00e8lent et intimident r\u00e9guli\u00e8rement les journalistes, les d\u00e9tenant parfois et les mena\u00e7ant d\u2019expulsion\u00a0\u00bb, ajoute la FPA, au conseil d\u2019administration de laquelle si\u00e8ge un journaliste de l\u2019AFP. La FPA fustige des \u00ab\u00a0hostilit\u00e9s croissantes envers les m\u00e9dias de la part des autorit\u00e9s isra\u00e9liennes\u00a0\u00bb et appelle l\u2019arm\u00e9e et la police \u00ab\u00a0\u00e0 garantir que les journalistes puissent travailler librement et en s\u00e9curit\u00e9\u00a0\u00bb.<\/p>\n<p class=\"post__live-container--answer-text post__space-node\">Sollicit\u00e9e par l\u2019AFP, l\u2019arm\u00e9e isra\u00e9lienne n\u2019a pas imm\u00e9diatement r\u00e9agi \u00e0 ces accusations.<\/p>\n","protected":false},"excerpt":{"rendered":"La presse \u00e9trang\u00e8re d\u00e9nonce les attaques de colons isra\u00e9liens envers des journalistes L\u2019Association de la presse \u00e9trang\u00e8re \u00e0&hellip;\n","protected":false},"author":2,"featured_media":525868,"comment_status":"","ping_status":"","sticky":false,"template":"","format":"standard","meta":{"footnotes":""},"categories":[5],"tags":[11,1011,27,14,12,28],"class_list":{"0":"post-525867","1":"post","2":"type-post","3":"status-publish","4":"format-standard","5":"has-post-thumbnail","7":"category-international","8":"tag-actualites","9":"tag-fr","10":"tag-france","11":"tag-international","12":"tag-news","13":"tag-world"},"share_on_mastodon":{"url":"https:\/\/pubeurope.com\/@fr\/115527855988026108","error":""},"_links":{"self":[{"href":"https:\/\/www.europesays.com\/fr\/wp-json\/wp\/v2\/posts\/525867","targetHints":{"allow":["GET"]}}],"collection":[{"href":"https:\/\/www.europesays.com\/fr\/wp-json\/wp\/v2\/posts"}],"about":[{"href":"https:\/\/www.europesays.com\/fr\/wp-json\/wp\/v2\/types\/post"}],"author":[{"embeddable":true,"href":"https:\/\/www.europesays.com\/fr\/wp-json\/wp\/v2\/users\/2"}],"replies":[{"embeddable":true,"href":"https:\/\/www.europesays.com\/fr\/wp-json\/wp\/v2\/comments?post=525867"}],"version-history":[{"count":0,"href":"https:\/\/www.europesays.com\/fr\/wp-json\/wp\/v2\/posts\/525867\/revisions"}],"wp:featuredmedia":[{"embeddable":true,"href":"https:\/\/www.europesays.com\/fr\/wp-json\/wp\/v2\/media\/525868"}],"wp:attachment":[{"href":"https:\/\/www.europesays.com\/fr\/wp-json\/wp\/v2\/media?parent=525867"}],"wp:term":[{"taxonomy":"category","embeddable":true,"href":"https:\/\/www.europesays.com\/fr\/wp-json\/wp\/v2\/categories?post=525867"},{"taxonomy":"post_tag","embeddable":true,"href":"https:\/\/www.europesays.com\/fr\/wp-json\/wp\/v2\/tags?post=525867"}],"curies":[{"name":"wp","href":"https:\/\/api.w.org\/{rel}","templated":true}]}}