{"id":525869,"date":"2025-11-10T22:52:16","date_gmt":"2025-11-10T22:52:16","guid":{"rendered":"https:\/\/www.europesays.com\/fr\/525869\/"},"modified":"2025-11-10T22:52:16","modified_gmt":"2025-11-10T22:52:16","slug":"amazon-accuse-a-son-tour-de-vendre-des-poupees-pedopornographiques","status":"publish","type":"post","link":"https:\/\/www.europesays.com\/fr\/525869\/","title":{"rendered":"Amazon accus\u00e9 \u00e0 son tour de vendre des poup\u00e9es p\u00e9dopornographiques"},"content":{"rendered":"<p>        <img decoding=\"async\" loading=\"lazy\" src=\"https:\/\/www.europesays.com\/fr\/wp-content\/uploads\/2025\/11\/53671cf_upload-1-i0cra0jx4adu-afp-20250915-dpa-pa-250915-99-37171-dpai-v1-midres-amazonlogisticshall.jpeg\"  width=\"728\" height=\"410\" alt=\"Une plainte a \u00e9t\u00e9 d\u00e9pos\u00e9e contre Amazon pour la vente de poup\u00e9es sexuelles d\u2019apparence enfantine. Photo d\u2019illustration du logo de la plateforme.\"\/>  <\/p>\n<p>WOLF VON DEWITZ \/ dpa Picture-Alliance via AFP<\/p>\n<p>Une plainte a \u00e9t\u00e9 d\u00e9pos\u00e9e contre Amazon pour la vente de poup\u00e9es sexuelles d\u2019apparence enfantine. Photo d\u2019illustration du logo de la plateforme.<\/p>\n<p class=\"asset asset-text\">INTERNATIONAL &#8211; Des ventes jug\u00e9es inacceptables. <a href=\"https:\/\/www.huffingtonpost.fr\/international\/article\/amazon-va-payer-une-somme-astronomique-pour-clore-le-proces-des-abonnements-prime-abusifs_255269.html\" target=\"_blank\" rel=\"noopener\">Amazon<\/a> fait l\u2019objet d\u2019une plainte pour avoir propos\u00e9 \u00e0 la vente des poup\u00e9es sexuelles \u00e0 l\u2019apparence d\u2019enfants. L\u2019organisation su\u00e9doise de d\u00e9fense des droits des enfants ChildX a annonc\u00e9, ce lundi 10\u00a0d\u00e9cembre, avoir saisi la justice contre <a href=\"https:\/\/www.huffingtonpost.fr\/culture\/article\/en-france-netflix-et-ces-quatre-autres-sites-concentrent-la-moitie-du-trafic-internet_252228.html\" target=\"_blank\" rel=\"noopener\">le g\u00e9ant am\u00e9ricain du commerce en ligne<\/a>, ainsi que contre deux autres plateformes d\u2019e-commerce.<\/p>\n<p class=\"asset asset-text\">Cette plainte intervient apr\u00e8s que<a href=\"https:\/\/www.huffingtonpost.fr\/politique\/article\/shein-le-gouvernement-se-felicite-d-une-victoire-fondamentale-apres-son-ultimatum_256932.html\" target=\"_blank\" rel=\"noopener\"> la plateforme Shein<\/a>, fond\u00e9e en Chine, a \u00e9t\u00e9 menac\u00e9e de suspension en France apr\u00e8s la d\u00e9couverte sur son site de poup\u00e9es sexuelles d\u2019apparence enfantine et d\u2019armes de cat\u00e9gorie A.<\/p>\n<p class=\"asset asset-text\">ChildX a d\u00e9clar\u00e9 \u00e0 l\u2019AFP qu\u2019elle ne souhaitait pas nommer les deux sites plus petits afin de ne pas y diriger le trafic, mais l\u2019un \u00e9tait bas\u00e9 <a href=\"https:\/\/www.huffingtonpost.fr\/international\/article\/en-suede-la-nouvelle-ministre-de-la-sante-s-effondre-en-pleine-conference-de-presse_254625.html\" target=\"_blank\" rel=\"noopener\">en Su\u00e8de<\/a> et l\u2019autre <a href=\"https:\/\/www.huffingtonpost.fr\/tech-futurs\/video\/en-chine-les-robots-ont-droit-a-leurs-premiers-jo-mais-les-humains-n-ont-pas-a-s-inquieter_253632.html\" target=\"_blank\" rel=\"noopener\">en Chine.<\/a><\/p>\n<p class=\"asset asset-text\">La l\u00e9gislation su\u00e9doise interdit les contenus repr\u00e9sentant des enfants de mani\u00e8re sexualis\u00e9e, et ChildX a d\u00e9clar\u00e9 que la vente de ces poup\u00e9es pouvait enfreindre les lois sur l\u2019exploitation sexuelle des enfants.<\/p>\n<p class=\"asset asset-text\">Selon l\u2019ONG, la vente de tels produits sur les plateformes mondiales risque de normaliser les <a href=\"https:\/\/www.huffingtonpost.fr\/politique\/article\/accusations-d-agressions-sexuelles-a-notre-dame-de-betharram-francois-bayrou-savait-selon-des-temoins_245832.html\" target=\"_blank\" rel=\"noopener\">agressions sexuelles sur les enfants <\/a>et d\u2019augmenter la demande de contenus exploitant les enfants. \u00ab\u00a0Nous ne voulons pas que ces sites soient autoris\u00e9s en Su\u00e8de, car ils banalisent les abus sur les enfants, ce qui peut conduire \u00e0 une augmentation des abus r\u00e9els\u00a0\u00bb, a d\u00e9clar\u00e9 \u00e0 l\u2019AFP la secr\u00e9taire g\u00e9n\u00e9rale de ChildX, Ida \u00d6stensson.<\/p>\n<p>    Interdire les produits qui sexualisent les enfants    <\/p>\n<p class=\"asset asset-text\">Ida \u00d6stensson exhorte le gouvernement su\u00e9dois \u00e0 \u00e9largir la liste noire des sites web p\u00e9dopornographiques \u00ab\u00a0afin d\u2019y inclure davantage de sites web qui encouragent ou facilitent les abus contre les enfants\u00a0\u00bb. Elle r\u00e9clame d\u2019interdire ces sites web, car la liste noire su\u00e9doise est actuellement facultative pour les op\u00e9rateurs de t\u00e9l\u00e9communications.<\/p>\n<p class=\"asset asset-text\">Elle a en outre estim\u00e9 que les lois sur l\u2019exploitation sexuelle des enfants devraient \u00eatre \u00e9largies pour inclure la vente de produits qui sexualisent les enfants.<\/p>\n<p class=\"asset asset-text\">La distribution et la possession d\u2019images \u00e0 caract\u00e8re sexuel mettant en sc\u00e8ne des enfants sont ill\u00e9gales, tout comme la possession de poup\u00e9es sexuelles ressemblant \u00e0 des enfants. La vente de ces poup\u00e9es devrait \u00e9galement \u00eatre ill\u00e9gale, selon ChildX, mais cela n\u2019a jamais fait l\u2019objet de proc\u00e9dure devant les tribunaux.<\/p>\n","protected":false},"excerpt":{"rendered":"WOLF VON DEWITZ \/ dpa Picture-Alliance via AFP Une plainte a \u00e9t\u00e9 d\u00e9pos\u00e9e contre Amazon pour la vente&hellip;\n","protected":false},"author":2,"featured_media":525870,"comment_status":"","ping_status":"","sticky":false,"template":"","format":"standard","meta":{"footnotes":""},"categories":[4],"tags":[11,4239,1011,27,14,303,12,1974,32329,25,7199],"class_list":{"0":"post-525869","1":"post","2":"type-post","3":"status-publish","4":"format-standard","5":"has-post-thumbnail","7":"category-france","8":"tag-actualites","9":"tag-amazon","10":"tag-fr","11":"tag-france","12":"tag-international","13":"tag-justice","14":"tag-news","15":"tag-pedocriminalite","16":"tag-pedopornographie","17":"tag-republique-francaise","18":"tag-suede"},"share_on_mastodon":{"url":"https:\/\/pubeurope.com\/@fr\/115527860567758763","error":""},"_links":{"self":[{"href":"https:\/\/www.europesays.com\/fr\/wp-json\/wp\/v2\/posts\/525869","targetHints":{"allow":["GET"]}}],"collection":[{"href":"https:\/\/www.europesays.com\/fr\/wp-json\/wp\/v2\/posts"}],"about":[{"href":"https:\/\/www.europesays.com\/fr\/wp-json\/wp\/v2\/types\/post"}],"author":[{"embeddable":true,"href":"https:\/\/www.europesays.com\/fr\/wp-json\/wp\/v2\/users\/2"}],"replies":[{"embeddable":true,"href":"https:\/\/www.europesays.com\/fr\/wp-json\/wp\/v2\/comments?post=525869"}],"version-history":[{"count":0,"href":"https:\/\/www.europesays.com\/fr\/wp-json\/wp\/v2\/posts\/525869\/revisions"}],"wp:featuredmedia":[{"embeddable":true,"href":"https:\/\/www.europesays.com\/fr\/wp-json\/wp\/v2\/media\/525870"}],"wp:attachment":[{"href":"https:\/\/www.europesays.com\/fr\/wp-json\/wp\/v2\/media?parent=525869"}],"wp:term":[{"taxonomy":"category","embeddable":true,"href":"https:\/\/www.europesays.com\/fr\/wp-json\/wp\/v2\/categories?post=525869"},{"taxonomy":"post_tag","embeddable":true,"href":"https:\/\/www.europesays.com\/fr\/wp-json\/wp\/v2\/tags?post=525869"}],"curies":[{"name":"wp","href":"https:\/\/api.w.org\/{rel}","templated":true}]}}