{"id":525873,"date":"2025-11-10T22:54:32","date_gmt":"2025-11-10T22:54:32","guid":{"rendered":"https:\/\/www.europesays.com\/fr\/525873\/"},"modified":"2025-11-10T22:54:32","modified_gmt":"2025-11-10T22:54:32","slug":"des-ateliers-pour-les-chefs-dentreprise-qui-sinteressent-a-lia","status":"publish","type":"post","link":"https:\/\/www.europesays.com\/fr\/525873\/","title":{"rendered":"des ateliers pour les chefs d&rsquo;entreprise qui s&rsquo;int\u00e9ressent \u00e0 l&rsquo;IA"},"content":{"rendered":"<p>La premi\u00e8re r\u00e9union aura lieu dans quelques jours, le 20\u00a0novembre pr\u00e9cis\u00e9ment, \u00e0 Feurs. D\u2019autres suivront tout au long de l\u2019ann\u00e9e un peu partout dans le d\u00e9partement (1).<\/p>\n<p>C\u2019est \u00ab\u00a0l\u2019IA Tour 42\u00a0\u00bb, lanc\u00e9 \u00e0 la suite \u00ab du fort int\u00e9r\u00eat et \u00e0 une prise de conscience pour l\u2019intelligence artificielle de nos adh\u00e9rents\u00a0\u00bb, pr\u00e9cise Sandrine Faure, secr\u00e9taire g\u00e9n\u00e9rale de la CPME Loire. Qui pr\u00e9cise aussit\u00f4t&#8230;<\/p>\n","protected":false},"excerpt":{"rendered":"La premi\u00e8re r\u00e9union aura lieu dans quelques jours, le 20\u00a0novembre pr\u00e9cis\u00e9ment, \u00e0 Feurs. D\u2019autres suivront tout au long&hellip;\n","protected":false},"author":2,"featured_media":525874,"comment_status":"","ping_status":"","sticky":false,"template":"","format":"standard","meta":{"footnotes":""},"categories":[9653],"tags":[1111,11,2430,33,7539,1777,674,107,1011,27,3367,12,25,4001,7538,767,216],"class_list":{"0":"post-525873","1":"post","2":"type-post","3":"status-publish","4":"format-standard","5":"has-post-thumbnail","7":"category-saint-etienne","8":"tag-actu","9":"tag-actualites","10":"tag-auvergne-rhone-alpes","11":"tag-economie","12":"tag-edition-loire-sud","13":"tag-eu","14":"tag-europe","15":"tag-fil-info","16":"tag-fr","17":"tag-france","18":"tag-loire","19":"tag-news","20":"tag-republique-francaise","21":"tag-saint-etienne","22":"tag-saint-etienne-ville","23":"tag-science-et-technologie","24":"tag-vie-des-entreprises"},"share_on_mastodon":{"url":"https:\/\/pubeurope.com\/@fr\/115527867720910504","error":""},"_links":{"self":[{"href":"https:\/\/www.europesays.com\/fr\/wp-json\/wp\/v2\/posts\/525873","targetHints":{"allow":["GET"]}}],"collection":[{"href":"https:\/\/www.europesays.com\/fr\/wp-json\/wp\/v2\/posts"}],"about":[{"href":"https:\/\/www.europesays.com\/fr\/wp-json\/wp\/v2\/types\/post"}],"author":[{"embeddable":true,"href":"https:\/\/www.europesays.com\/fr\/wp-json\/wp\/v2\/users\/2"}],"replies":[{"embeddable":true,"href":"https:\/\/www.europesays.com\/fr\/wp-json\/wp\/v2\/comments?post=525873"}],"version-history":[{"count":0,"href":"https:\/\/www.europesays.com\/fr\/wp-json\/wp\/v2\/posts\/525873\/revisions"}],"wp:featuredmedia":[{"embeddable":true,"href":"https:\/\/www.europesays.com\/fr\/wp-json\/wp\/v2\/media\/525874"}],"wp:attachment":[{"href":"https:\/\/www.europesays.com\/fr\/wp-json\/wp\/v2\/media?parent=525873"}],"wp:term":[{"taxonomy":"category","embeddable":true,"href":"https:\/\/www.europesays.com\/fr\/wp-json\/wp\/v2\/categories?post=525873"},{"taxonomy":"post_tag","embeddable":true,"href":"https:\/\/www.europesays.com\/fr\/wp-json\/wp\/v2\/tags?post=525873"}],"curies":[{"name":"wp","href":"https:\/\/api.w.org\/{rel}","templated":true}]}}