{"id":525884,"date":"2025-11-10T23:03:28","date_gmt":"2025-11-10T23:03:28","guid":{"rendered":"https:\/\/www.europesays.com\/fr\/525884\/"},"modified":"2025-11-10T23:03:28","modified_gmt":"2025-11-10T23:03:28","slug":"le-chu-mise-sur-le-reemploi-du-materiel-medical-pour-faire-des-economies","status":"publish","type":"post","link":"https:\/\/www.europesays.com\/fr\/525884\/","title":{"rendered":"Le CHU mise sur le r\u00e9emploi du mat\u00e9riel m\u00e9dical pour faire des \u00e9conomies"},"content":{"rendered":"<p>Le CHU de Montpellier (<a href=\"https:\/\/www.20minutes.fr\/societe\/herault\/\" class=\"c-link c-link--is-underlined\" target=\"_blank\" rel=\"noopener\">H\u00e9rault<\/a>) fait partie des premiers \u00e9tablissements hospitaliers fran\u00e7ais \u00e0 revoir son fonctionnement pour \u00e9conomiser et mieux utiliser les ressources m\u00e9dicales dont il dispose. Selon <a href=\"https:\/\/actu.fr\/occitanie\/montpellier_34172\/a-montpellier-le-chu-devient-pionnier-du-reemploi-de-materiel-medical_63415545.html\" target=\"_blank\" class=\"c-link c-link--is-underlined\" rel=\"noopener\">actu.fr<\/a>, la direction de l\u2019h\u00f4pital est accompagn\u00e9e dans cette d\u00e9marche par MyTroc Pro, une plateforme sp\u00e9cialis\u00e9e qui aide les professionnels \u00e0 optimiser le r\u00e9emploi de leur mat\u00e9riel.<\/p>\n<p>Le r\u00e9emploi du mat\u00e9riel m\u00e9dical n\u2019est pas nouveau. Il a d\u00e9j\u00e0 fait ses preuves au Groupement hospitalier Grand Paris Nord-Est et dans le groupe d\u2019Ehpad EMEIS. D\u00e9sormais, le CHU de <a href=\"https:\/\/www.20minutes.fr\/montpellier\/\" class=\"c-link c-link--is-underlined\" target=\"_blank\" rel=\"noopener\">Montpellier<\/a> s\u2019y met aussi. Chariots, lits m\u00e9dicalis\u00e9s, fournitures, appareils th\u00e9rapeutiques sont souvent mis en r\u00e9serve pendant des ann\u00e9es, puis oubli\u00e9s, alors qu\u2019ils pourraient servir ailleurs et \u00e9viter des rachats inutiles.<\/p>\n<p>167.000 euros d\u2019\u00e9conomies et 15 tonnes de d\u00e9chets en moins<\/p>\n<p>La plateforme MyTroc Pro aide ainsi la direction de l\u2019<a href=\"https:\/\/www.20minutes.fr\/dossier\/hopital\" class=\"c-link c-link--is-underlined\" target=\"_blank\" rel=\"noopener\">h\u00f4pital<\/a> \u00e0 mieux g\u00e9rer ses \u00e9quipements. L\u2019outil recense le mat\u00e9riel inutilis\u00e9 et permet de le r\u00e9affecter dans d\u2019autres services ou \u00e9tablissements du m\u00eame groupe. R\u00e9sultat\u00a0: un meilleur suivi, de r\u00e9elles \u00e9conomies et un geste concret pour l\u2019environnement. Chaque ann\u00e9e, le secteur de la sant\u00e9 g\u00e9n\u00e8re \u00e0 lui seul 8\u00a0% des \u00e9missions de gaz \u00e0 effet de serre au niveau national.<\/p>\n<\/p>\n<p>Et les r\u00e9sultats sont au rendez-vous. \u00ab\u00a0En moins d\u2019un an, on a d\u00e9pass\u00e9 nos objectifs \u00e9cologiques et financiers puisqu\u2019on a \u00e9vit\u00e9 15 tonnes de d\u00e9chets pour une \u00e9conomie de 167.000 euros de mat\u00e9riel non achet\u00e9\u00a0\u00bb, s\u2019est f\u00e9licit\u00e9e Morgane Morat, coordinatrice du projet RSE au <a href=\"https:\/\/www.20minutes.fr\/dossier\/chu\" class=\"c-link c-link--is-underlined\" target=\"_blank\" rel=\"noopener\">CHU<\/a> de Montpellier.<\/p>\n","protected":false},"excerpt":{"rendered":"Le CHU de Montpellier (H\u00e9rault) fait partie des premiers \u00e9tablissements hospitaliers fran\u00e7ais \u00e0 revoir son fonctionnement pour \u00e9conomiser&hellip;\n","protected":false},"author":2,"featured_media":525885,"comment_status":"","ping_status":"","sticky":false,"template":"","format":"standard","meta":{"footnotes":""},"categories":[9599],"tags":[1111,47,11,4309,33,1777,674,1011,27,7089,2681,2208,12,2680,25,104],"class_list":{"0":"post-525884","1":"post","2":"type-post","3":"status-publish","4":"format-standard","5":"has-post-thumbnail","7":"category-montpellier","8":"tag-actu","9":"tag-actualite","10":"tag-actualites","11":"tag-chu","12":"tag-economie","13":"tag-eu","14":"tag-europe","15":"tag-fr","16":"tag-france","17":"tag-herault","18":"tag-languedoc-roussillon","19":"tag-montpellier","20":"tag-news","21":"tag-occitanie","22":"tag-republique-francaise","23":"tag-societe"},"share_on_mastodon":{"url":"https:\/\/pubeurope.com\/@fr\/115527902991210155","error":""},"_links":{"self":[{"href":"https:\/\/www.europesays.com\/fr\/wp-json\/wp\/v2\/posts\/525884","targetHints":{"allow":["GET"]}}],"collection":[{"href":"https:\/\/www.europesays.com\/fr\/wp-json\/wp\/v2\/posts"}],"about":[{"href":"https:\/\/www.europesays.com\/fr\/wp-json\/wp\/v2\/types\/post"}],"author":[{"embeddable":true,"href":"https:\/\/www.europesays.com\/fr\/wp-json\/wp\/v2\/users\/2"}],"replies":[{"embeddable":true,"href":"https:\/\/www.europesays.com\/fr\/wp-json\/wp\/v2\/comments?post=525884"}],"version-history":[{"count":0,"href":"https:\/\/www.europesays.com\/fr\/wp-json\/wp\/v2\/posts\/525884\/revisions"}],"wp:featuredmedia":[{"embeddable":true,"href":"https:\/\/www.europesays.com\/fr\/wp-json\/wp\/v2\/media\/525885"}],"wp:attachment":[{"href":"https:\/\/www.europesays.com\/fr\/wp-json\/wp\/v2\/media?parent=525884"}],"wp:term":[{"taxonomy":"category","embeddable":true,"href":"https:\/\/www.europesays.com\/fr\/wp-json\/wp\/v2\/categories?post=525884"},{"taxonomy":"post_tag","embeddable":true,"href":"https:\/\/www.europesays.com\/fr\/wp-json\/wp\/v2\/tags?post=525884"}],"curies":[{"name":"wp","href":"https:\/\/api.w.org\/{rel}","templated":true}]}}