{"id":525890,"date":"2025-11-10T23:07:30","date_gmt":"2025-11-10T23:07:30","guid":{"rendered":"https:\/\/www.europesays.com\/fr\/525890\/"},"modified":"2025-11-10T23:07:30","modified_gmt":"2025-11-10T23:07:30","slug":"alpes-suspectes-davoir-vole-34-motos-de-luxe-en-trois-mois-quatre-hommes-arretes-a-grenoble-2","status":"publish","type":"post","link":"https:\/\/www.europesays.com\/fr\/525890\/","title":{"rendered":"Alpes. Suspect\u00e9s d&rsquo;avoir vol\u00e9 34 motos de luxe en trois mois, quatre hommes arr\u00eat\u00e9s \u00e0 Grenoble"},"content":{"rendered":"<p>Quatre hommes ont \u00e9t\u00e9 arr\u00eat\u00e9s d\u00e9but novembre apr\u00e8s une trentaine de vols de motos de luxe appartenant principalement \u00e0 des touristes allemands et suisses en visite dans les Alpes, a annonc\u00e9 ce lundi le procureur de Grenoble (Is\u00e8re). Les motos cibl\u00e9es \u00e9taient quasiment toutes des motos de la marque BMW GS, \u00ab des engins tr\u00e8s on\u00e9reux \u00bb (autour de 25 000 euros) et \u00ab pr\u00e9sentant des failles de s\u00e9curit\u00e9 \u00bb rendant leur vol \u00ab plus facile que d&rsquo;autres mod\u00e8les \u00bb, a indiqu\u00e9 Etienne Manteaux.<\/p>\n<p>Les quatre hommes, \u00e2g\u00e9s de 21 \u00e0 24 ans, dont un ressortissant mac\u00e9donien et un ressortissant kosovar, ont commis ces vols entre fin juin et fin octobre principalement en Is\u00e8re, mais aussi en Savoie, Haute-Savoie, Dr\u00f4me, Ard\u00e8che et dans les Hautes-Alpes. Les suspects, dont trois ont \u00e9t\u00e9 plac\u00e9s en d\u00e9tention provisoire, compara\u00eetront fin d\u00e9cembre pour \u00ab vol commis en bande organis\u00e9e \u00bb et \u00ab association de malfaiteurs aggrav\u00e9e \u00bb, a pr\u00e9cis\u00e9 le magistrat. D&rsquo;apr\u00e8s nos confr\u00e8res du <a href=\"https:\/\/www.ledauphine.com\/faits-divers-justice\/2025\/11\/10\/les-voleurs-de-motos-ecumaient-les-parkings-d-hotel-quatre-suspects-interpelles\" target=\"_blank\" rel=\"noopener\">Dauphin\u00e9 Lib\u00e9r\u00e9<\/a>, ils sont maintenant dans l&rsquo;attente de leur proc\u00e8s dont l&rsquo;audience aura lieu le 30 d\u00e9cembre.<\/p>\n<p>Cinq engins retrouv\u00e9s seulement<\/p>\n<p>Selon les enqu\u00eateurs, la quasi-totalit\u00e9 des victimes de ces vols \u00e9taient des touristes, en grande majorit\u00e9 des Allemands et des Suisses mais aussi des Luxembourgeois, Espagnols, Britanniques et Italiens, qui r\u00e9sidaient au moment du vol dans des h\u00f4tels haut-de-gamme situ\u00e9s en zone touristique hupp\u00e9e.<\/p>\n<p>Au total, en trois mois, 34 motos ont \u00e9t\u00e9 vol\u00e9es et trois ont fait l&rsquo;objet de tentatives de vol. Cinq motos ont pu \u00eatre retrouv\u00e9es dans des planques, et restitu\u00e9es \u00e0 leurs propri\u00e9taires. Aucune \u00ab fili\u00e8re de revente \u00bb structur\u00e9e n&rsquo;a cependant \u00e9t\u00e9 \u00ab identifi\u00e9e \u00bb, a ajout\u00e9 Etienne Manteaux. D&rsquo;apr\u00e8s le Dauphin\u00e9 Lib\u00e9r\u00e9, les suspects revendaient sans mal les motos vol\u00e9es sur le\u00a0march\u00e9 parall\u00e8le.<\/p>\n<p>En septembre 2023, cinq hommes dont deux mineurs, qui n\u2019auraient pas de lien avec les quatre hommes arr\u00eat\u00e9s d\u00e9but novembre, avaient \u00e9t\u00e9 interpell\u00e9s apr\u00e8s le vol d&rsquo;une dizaine de motos \u00e9galement de mod\u00e8le BMW GS, entre l&rsquo;Is\u00e8re et les Hautes-Alpes, selon la m\u00eame source.<\/p>\n","protected":false},"excerpt":{"rendered":"Quatre hommes ont \u00e9t\u00e9 arr\u00eat\u00e9s d\u00e9but novembre apr\u00e8s une trentaine de vols de motos de luxe appartenant principalement&hellip;\n","protected":false},"author":2,"featured_media":525772,"comment_status":"","ping_status":"","sticky":false,"template":"","format":"standard","meta":{"footnotes":""},"categories":[9566],"tags":[1111,11,2430,271,272,1777,674,274,107,1011,27,329,2731,12,25],"class_list":{"0":"post-525890","1":"post","2":"type-post","3":"status-publish","4":"format-standard","5":"has-post-thumbnail","7":"category-grenoble","8":"tag-actu","9":"tag-actualites","10":"tag-auvergne-rhone-alpes","11":"tag-crime","12":"tag-delit-et-contravention","13":"tag-eu","14":"tag-europe","15":"tag-faits-divers-justice","16":"tag-fil-info","17":"tag-fr","18":"tag-france","19":"tag-france-monde","20":"tag-grenoble","21":"tag-news","22":"tag-republique-francaise"},"share_on_mastodon":{"url":"https:\/\/pubeurope.com\/@fr\/115527918748396529","error":""},"_links":{"self":[{"href":"https:\/\/www.europesays.com\/fr\/wp-json\/wp\/v2\/posts\/525890","targetHints":{"allow":["GET"]}}],"collection":[{"href":"https:\/\/www.europesays.com\/fr\/wp-json\/wp\/v2\/posts"}],"about":[{"href":"https:\/\/www.europesays.com\/fr\/wp-json\/wp\/v2\/types\/post"}],"author":[{"embeddable":true,"href":"https:\/\/www.europesays.com\/fr\/wp-json\/wp\/v2\/users\/2"}],"replies":[{"embeddable":true,"href":"https:\/\/www.europesays.com\/fr\/wp-json\/wp\/v2\/comments?post=525890"}],"version-history":[{"count":0,"href":"https:\/\/www.europesays.com\/fr\/wp-json\/wp\/v2\/posts\/525890\/revisions"}],"wp:featuredmedia":[{"embeddable":true,"href":"https:\/\/www.europesays.com\/fr\/wp-json\/wp\/v2\/media\/525772"}],"wp:attachment":[{"href":"https:\/\/www.europesays.com\/fr\/wp-json\/wp\/v2\/media?parent=525890"}],"wp:term":[{"taxonomy":"category","embeddable":true,"href":"https:\/\/www.europesays.com\/fr\/wp-json\/wp\/v2\/categories?post=525890"},{"taxonomy":"post_tag","embeddable":true,"href":"https:\/\/www.europesays.com\/fr\/wp-json\/wp\/v2\/tags?post=525890"}],"curies":[{"name":"wp","href":"https:\/\/api.w.org\/{rel}","templated":true}]}}