{"id":525895,"date":"2025-11-10T23:11:21","date_gmt":"2025-11-10T23:11:21","guid":{"rendered":"https:\/\/www.europesays.com\/fr\/525895\/"},"modified":"2025-11-10T23:11:21","modified_gmt":"2025-11-10T23:11:21","slug":"strasbourg-manif-pour-les-trains-de-nuit-paris-berlin-et-paris-vienne-jeudi","status":"publish","type":"post","link":"https:\/\/www.europesays.com\/fr\/525895\/","title":{"rendered":"Strasbourg. Manif pour les trains de nuit Paris-Berlin et Paris-Vienne jeudi"},"content":{"rendered":"<p class=\"wp-block-post-excerpt__excerpt\">Le Collectif Oui au train de nuit appelle \u00e0 un rassemblement jeudi 13 novembre \u00e0 midi place de la Gare \u00e0 Strasbourg. Il s\u2019oppose \u00e0 la suppression des trains de nuit Paris-Berlin et Paris-Vienne. <\/p>\n<p class=\"font-sans\">\n\t\t\tCet article est en acc\u00e8s libre. Pour soutenir Rue89 Strasbourg,<br \/>\n\t\t\t<a class=\"underline\" href=\"https:\/\/www.rue89strasbourg.com\/abonnement\" target=\"_blank\" rel=\"noopener\">abonnez-vous<\/a>.\n\t\t<\/p>\n<p>Thibault Vetter<\/p>\n<p>Publi\u00e9 le 10 novembre 2025\u00a0\u00a0\u00b7\u00a0\u00a0<\/p>\n<p>Imprim\u00e9 le 11 novembre 2025 \u00e0 00h06\u00a0\u00a0\u00b7\u00a0\u00a0<\/p>\n<p>Modifi\u00e9 le 10 novembre 2025\u00a0\u00a0\u00b7\u00a0\u00a0<\/p>\n<p>\t\t\t\t\t1\u00a0minute\n<\/p>\n<p>La p\u00e9tition pour sauver les trains de nuit Paris-Berlin et Paris-Vienne lanc\u00e9e cet automne a d\u00e9j\u00e0 recueilli <a href=\"https:\/\/agir.greenvoice.fr\/petitions\/sauvons-les-trains-de-nuit-paris-berlin-et-paris-vienne\" target=\"_blank\" rel=\"noreferrer noopener\">plus de 90\u00a0000 signatures<\/a> au 10 novembre. Port\u00e9es par cette dynamique, les associations membres du collectif Oui au train de nuit (ASTUS, Green peace, Rester sur Terre) appellent \u00e0 un rassemblement ce jeudi 13 novembre \u00e0 12h, place de la Gare \u00e0 Strasbourg. Les deux lignes concern\u00e9es passent par la capitale alsacienne. \u00ab\u00a0Usagers, \u00e9lus et cheminots sont invit\u00e9s \u00e0 venir avec pyjamas, peluches et oreillers\u00a0\u00bb, pr\u00e9cise l\u2019organisation.<\/p>\n<p>\u00ab\u00a0Jeanne Barseghian, maire de Strasbourg, Jacques Fernique, s\u00e9nateur du Bas-Rhin et Alain Jund, vice-pr\u00e9sident de l\u2019Eurom\u00e9tropole seront pr\u00e9sents\u00a0\u00bb, ajoute le collectif. Ses motivations sont surtout \u00e9cologistes, pour que le train soit favoris\u00e9 par rapport \u00e0 l\u2019avion. Alors que l\u2019\u00c9tat \u00e9tait sur le point de <a href=\"https:\/\/www.rue89strasbourg.com\/trains-de-nuit-paris-berlin-paris-vienne-menaces-361220\" target=\"_blank\" rel=\"noreferrer noopener\">supprimer une subvention<\/a> vers\u00e9e \u00e0 la SNCF pour les trains de nuit, les d\u00e9put\u00e9s ont adopt\u00e9 en commission <a href=\"https:\/\/www.assemblee-nationale.fr\/dyn\/17\/amendements\/1906C\/CION-DVP\/CD103\" target=\"_blank\" rel=\"noreferrer noopener\">un amendement r\u00e9tablissant ce financement<\/a>. Il doit \u00eatre \u00e9tudi\u00e9 en s\u00e9ance pl\u00e9ni\u00e8re \u00e0 l\u2019Assembl\u00e9e nationale vendredi 21 novembre.<\/p>\n<p>\u00ab\u00a0Le maintien de ces deux lignes internationales depuis la France va de pair avec une\u00a0relance ambitieuse du train de nuit en France\u00a0\u00bb, rappelle le collectif\u00a0:<\/p>\n<blockquote class=\"wp-block-quote is-layout-flow wp-block-quote-is-layout-flow\">\n<p>\u00ab\u00a0Le projet de loi de finances 2026 est aussi l\u2019occasion de pr\u00e9voir le doublement du nombre de trains de nuit en circulation, promis par Emmanuel Macron, en ouvrant de nouvelles lignes transversales (dont Nice-Bordeaux et Metz-Strasbourg-Nice) et internationales (Paris-Barcelone).\u00a0<a href=\"https:\/\/www.assemblee-nationale.fr\/dyn\/17\/amendements\/1906C\/CION-DVP\/CD201\" target=\"_blank\" rel=\"noreferrer noopener\">Un amendement<\/a> en ce sens a \u00e9t\u00e9 adopt\u00e9 en commission.\u00a0\u00bb<\/p>\n<\/blockquote>\n<p>Y <strong>aller<\/strong><\/p>\n<p><strong>Rassemblement pour sauver les trains de nuit Paris-Berlin et Paris-Vienne,<\/strong> jeudi 13 novembre \u00e0 12h place de la Gare \u00e0 Strasbourg.<\/p>\n","protected":false},"excerpt":{"rendered":"Le Collectif Oui au train de nuit appelle \u00e0 un rassemblement jeudi 13 novembre \u00e0 midi place de&hellip;\n","protected":false},"author":2,"featured_media":525896,"comment_status":"","ping_status":"","sticky":false,"template":"","format":"standard","meta":{"footnotes":""},"categories":[2820],"tags":[1111,11,1777,674,1011,27,775,12,25,2215,640,55631,800],"class_list":{"0":"post-525895","1":"post","2":"type-post","3":"status-publish","4":"format-standard","5":"has-post-thumbnail","7":"category-strasbourg","8":"tag-actu","9":"tag-actualites","10":"tag-eu","11":"tag-europe","12":"tag-fr","13":"tag-france","14":"tag-grand-est","15":"tag-news","16":"tag-republique-francaise","17":"tag-sncf","18":"tag-strasbourg","19":"tag-train-de-nuit","20":"tag-transports"},"share_on_mastodon":{"url":"https:\/\/pubeurope.com\/@fr\/115527934537944753","error":""},"_links":{"self":[{"href":"https:\/\/www.europesays.com\/fr\/wp-json\/wp\/v2\/posts\/525895","targetHints":{"allow":["GET"]}}],"collection":[{"href":"https:\/\/www.europesays.com\/fr\/wp-json\/wp\/v2\/posts"}],"about":[{"href":"https:\/\/www.europesays.com\/fr\/wp-json\/wp\/v2\/types\/post"}],"author":[{"embeddable":true,"href":"https:\/\/www.europesays.com\/fr\/wp-json\/wp\/v2\/users\/2"}],"replies":[{"embeddable":true,"href":"https:\/\/www.europesays.com\/fr\/wp-json\/wp\/v2\/comments?post=525895"}],"version-history":[{"count":0,"href":"https:\/\/www.europesays.com\/fr\/wp-json\/wp\/v2\/posts\/525895\/revisions"}],"wp:featuredmedia":[{"embeddable":true,"href":"https:\/\/www.europesays.com\/fr\/wp-json\/wp\/v2\/media\/525896"}],"wp:attachment":[{"href":"https:\/\/www.europesays.com\/fr\/wp-json\/wp\/v2\/media?parent=525895"}],"wp:term":[{"taxonomy":"category","embeddable":true,"href":"https:\/\/www.europesays.com\/fr\/wp-json\/wp\/v2\/categories?post=525895"},{"taxonomy":"post_tag","embeddable":true,"href":"https:\/\/www.europesays.com\/fr\/wp-json\/wp\/v2\/tags?post=525895"}],"curies":[{"name":"wp","href":"https:\/\/api.w.org\/{rel}","templated":true}]}}