{"id":525987,"date":"2025-11-11T00:06:17","date_gmt":"2025-11-11T00:06:17","guid":{"rendered":"https:\/\/www.europesays.com\/fr\/525987\/"},"modified":"2025-11-11T00:06:17","modified_gmt":"2025-11-11T00:06:17","slug":"la-navigatrice-marie-descoubes-partie-en-tour-du-monde-ne-donne-plus-signe-de-vie","status":"publish","type":"post","link":"https:\/\/www.europesays.com\/fr\/525987\/","title":{"rendered":"La navigatrice Marie Descoubes, partie en tour du monde, ne donne plus signe de vie"},"content":{"rendered":"<p>        <img decoding=\"async\" loading=\"lazy\" src=\"https:\/\/www.europesays.com\/fr\/wp-content\/uploads\/2025\/11\/c4470a7_upload-1-ahveo8t9vgus-image.jpg\"  width=\"728\" height=\"409\" alt=\"La navigatrice rochelaise Marie Descoubes ne donne plus de nouvelles depuis le 6\u00a0novembre.\"\/>  <\/p>\n<p>Capture d\u2019\u00e9cran\/Instagram\/@mariedcb<\/p>\n<p>La navigatrice rochelaise Marie Descoubes ne donne plus de nouvelles depuis le 6\u00a0novembre.<\/p>\n<p class=\"asset asset-text\">FRANCE &#8211; Une disparition inqui\u00e9tante. Marie Descoubes, navigatrice fran\u00e7aise de 28\u00a0ans, n\u2019a plus donn\u00e9 de ses nouvelles depuis cinq jours, alerte <a href=\"https:\/\/www.francebleu.fr\/infos\/faits-divers-justice\/l-inquietant-silence-radio-de-la-navigatrice-rochelaise-marie-descoubes-au-large-des-bermudes-4709391\" target=\"_blank\" rel=\"noopener\" title=\"Nouvelle fen\u00eatre\">Ici La\u00a0Rochelle<\/a> ce lundi 10\u00a0novembre. La jeune femme \u00e9tait partie <a href=\"https:\/\/www.huffingtonpost.fr\/life\/video\/a-londres-cette-journaliste-voyage-partout-a-travers-le-monde-sans-avoir-besoin-de-quitter-sa-ville_256200.html\" target=\"_blank\" rel=\"noopener\" title=\"Nouvelle fen\u00eatre\">en tour du monde<\/a>\u00a0\u00e0 bord du voilier le Zia en septembre\u00a02023. Mais alors que son bateau se trouve en r\u00e9paration au Guatemala, elle a accept\u00e9 de convoyer <a href=\"https:\/\/www.huffingtonpost.fr\/sport\/article\/transat-cafe-l-or-les-larmes-de-ces-skippeurs-apres-qu-un-avion-a-degrade-leur-voile_256583.html\" target=\"_blank\" rel=\"noopener\" title=\"Nouvelle fen\u00eatre\">un autre voilier<\/a> \u00ab\u00a0pour gagner un peu d\u2019argent\u00a0\u00bb.<\/p>\n<p class=\"asset asset-text\">Ces derniers jours, elle voguait donc avec le skipper am\u00e9ricain Nathan Perrins sur le SV Liahona. Le voilier \u00e9tait parti depuis l\u2019\u00c9tat du Maine (\u00c9tats-Unis), et devait arriver <a href=\"https:\/\/www.huffingtonpost.fr\/culture\/video\/bad-bunny-booste-l-economie-de-porto-rico-grace-au-succes-de-sa-residence_254463.html\" target=\"_blank\" rel=\"noopener\">\u00e0 Porto Rico<\/a>. Une escale \u00e9tait pr\u00e9vue aux Bermudes, ce jeudi 6\u00a0novembre, afin de se ravitailler en essence. C\u2019est justement \u00e0 cette date que le GPS de l\u2019embarcation a cess\u00e9 d\u2019\u00e9mettre.<\/p>\n<p class=\"asset asset-text\">\u00ab\u00a0Marie convoyait un voilier vers Porto Rico avec Nathan Perrins. Ils ne donnent plus de localisation depuis le 6\u00a0novembre\u00a0\u00bb, a alert\u00e9 sa m\u00e8re, Nathalie Le Roux, sur Facebook. Selon elle, cela s\u2019explique probablement par une panne d\u2019essence qui \u00ab\u00a0ne permet plus d\u2019avoir d\u2019\u00e9lectricit\u00e9 sur leur voilier\u00a0\u00bb. Par ailleurs, \u00ab\u00a0il y a eu<a href=\"https:\/\/www.huffingtonpost.fr\/environnement\/article\/cette-image-de-l-ouragan-melissa-montre-a-quel-point-il-s-agit-d-un-phenomene-intense_256535.html\" target=\"_blank\" rel=\"noopener\"> une temp\u00eate<\/a> dans cette zone\u00a0\u00bb, souligne Nathalie Roux.<\/p>\n<p> La lecture de ce contenu est susceptible d\u2019entra\u00eener un d\u00e9p\u00f4t de cookies de la part de l\u2019op\u00e9rateur tiers qui l\u2019h\u00e9berge. Compte-tenu des choix que vous avez exprim\u00e9s en mati\u00e8re de d\u00e9p\u00f4t de cookies, nous avons bloqu\u00e9 l\u2019affichage de ce contenu. Si vous souhaitez y acc\u00e9der, vous devez accepter la cat\u00e9gorie de cookies \u201cContenus tiers\u201d en cliquant sur le bouton ci-dessous. <\/p>\n<p> Lire la Vid\u00e9o        Aucune balise de d\u00e9tresse n\u2019a \u00e9t\u00e9 d\u00e9clench\u00e9e    <\/p>\n<p class=\"asset asset-text\">Inqui\u00e8te, la m\u00e8re de la navigatrice rochelaise appelle \u00e0 l\u2019aide tous les marins de la r\u00e9gion. \u00ab\u00a0Si vous les croisez dans cette zone, merci de me contacter. N\u2019h\u00e9sitez pas \u00e0 relayer l\u2019info \u00e0 tous vos contacts marins\u00a0!\u00a0\u00bb, \u00e9crit-elle. \u00ab\u00a0Nous esp\u00e9rons qu\u2019ils puissent rejoindre Porto Rico ou les \u00eeles de Hamilton\u00a0\u00bb, pr\u00e9cise-t-elle.<\/p>\n<p class=\"asset asset-text\">De premi\u00e8res recherches en h\u00e9licopt\u00e8re ont eu lieu dans la zone o\u00f9 les deux marins ont disparu, en vain. Une alerte a \u00e9galement \u00e9t\u00e9 \u00e9mise sur le site\u00a0Boatwatch. Aucune balise de d\u00e9tresse n\u2019a \u00e9t\u00e9 d\u00e9clench\u00e9e par<a href=\"https:\/\/www.huffingtonpost.fr\/sport\/video\/vendee-globe-la-tempete-herminia-pousse-benjamin-dutreux-et-clarisse-cremer-a-finir-la-course-a-la-rochelle_245369.html\" target=\"_blank\" rel=\"noopener\"> les deux skippers.<\/a><\/p>\n<p class=\"asset asset-text\">Marie Descoubes et Nathan Perrins \u00e9taient attendus le 13\u00a0novembre \u00e0 Porto Rico. S\u2019ils n\u2019ont toujours pas donn\u00e9 signe de vie \u00e0 cette date, de nouvelles recherches seront lanc\u00e9es.<\/p>\n<p class=\"asset asset-text\">La jeune navigatrice est la fondatrice d\u2019une association, <a href=\"https:\/\/www.facebook.com\/elementterresail\" target=\"_blank\" rel=\"noopener\" title=\"Nouvelle fen\u00eatre\">\u00c9l\u00e9ment Terre Sail<\/a>, qui vise \u00e0 promouvoir\u00a0l\u2019autosuffisance, \u00ab\u00a0un mode de vie sobre dans lequel on ach\u00e8te moins et on fabrique ce que l\u2019on consomme\u00a0\u00bb, rapporte ici La\u00a0Rochelle.<\/p>\n","protected":false},"excerpt":{"rendered":"Capture d\u2019\u00e9cran\/Instagram\/@mariedcb La navigatrice rochelaise Marie Descoubes ne donne plus de nouvelles depuis le 6\u00a0novembre. FRANCE &#8211; Une&hellip;\n","protected":false},"author":2,"featured_media":525988,"comment_status":"","ping_status":"","sticky":false,"template":"","format":"standard","meta":{"footnotes":""},"categories":[2],"tags":[11,5160,2715,1011,27,64550,12,10887],"class_list":{"0":"post-525987","1":"post","2":"type-post","3":"status-publish","4":"format-standard","5":"has-post-thumbnail","7":"category-actualites","8":"tag-actualites","9":"tag-bateau","10":"tag-disparition","11":"tag-fr","12":"tag-france","13":"tag-navigation","14":"tag-news","15":"tag-voile"},"share_on_mastodon":{"url":"https:\/\/pubeurope.com\/@fr\/115528151535765747","error":""},"_links":{"self":[{"href":"https:\/\/www.europesays.com\/fr\/wp-json\/wp\/v2\/posts\/525987","targetHints":{"allow":["GET"]}}],"collection":[{"href":"https:\/\/www.europesays.com\/fr\/wp-json\/wp\/v2\/posts"}],"about":[{"href":"https:\/\/www.europesays.com\/fr\/wp-json\/wp\/v2\/types\/post"}],"author":[{"embeddable":true,"href":"https:\/\/www.europesays.com\/fr\/wp-json\/wp\/v2\/users\/2"}],"replies":[{"embeddable":true,"href":"https:\/\/www.europesays.com\/fr\/wp-json\/wp\/v2\/comments?post=525987"}],"version-history":[{"count":0,"href":"https:\/\/www.europesays.com\/fr\/wp-json\/wp\/v2\/posts\/525987\/revisions"}],"wp:featuredmedia":[{"embeddable":true,"href":"https:\/\/www.europesays.com\/fr\/wp-json\/wp\/v2\/media\/525988"}],"wp:attachment":[{"href":"https:\/\/www.europesays.com\/fr\/wp-json\/wp\/v2\/media?parent=525987"}],"wp:term":[{"taxonomy":"category","embeddable":true,"href":"https:\/\/www.europesays.com\/fr\/wp-json\/wp\/v2\/categories?post=525987"},{"taxonomy":"post_tag","embeddable":true,"href":"https:\/\/www.europesays.com\/fr\/wp-json\/wp\/v2\/tags?post=525987"}],"curies":[{"name":"wp","href":"https:\/\/api.w.org\/{rel}","templated":true}]}}