{"id":525989,"date":"2025-11-11T00:07:29","date_gmt":"2025-11-11T00:07:29","guid":{"rendered":"https:\/\/www.europesays.com\/fr\/525989\/"},"modified":"2025-11-11T00:07:29","modified_gmt":"2025-11-11T00:07:29","slug":"saint-etienne-embarquez-chez-les-pirates-pour-le-spectacle-de-val-grangent","status":"publish","type":"post","link":"https:\/\/www.europesays.com\/fr\/525989\/","title":{"rendered":"Saint-\u00c9tienne : embarquez chez les pirates pour le spectacle de Val Grangent !\u00a0"},"content":{"rendered":"<p>L&rsquo;association Val Grangent organise du 19 au 21 d\u00e9cembre prochain la 41e \u00e9dition de son spectacle de No\u00ebl. Plus de 33.000 personnes sont attendues au parc Expo de Saint-\u00c9tienne. Cette ann\u00e9e, les pirates sont mis \u00e0 l&rsquo;honneur.<\/p>\n<p>Le <b>Parc Expo<\/b> de <b>Saint-\u00c9tienne <\/b>pris d&rsquo;assaut par les pirates !\u00a0<a class=\"url\" href=\"https:\/\/www.valgrangent.com\/\" target=\"_blank\" rel=\"noopener\">Val Grangent<\/a> revient pour la 41e \u00e9dition de son <b>spectacle de No\u00ebl<\/b>. Rendez-vous du <b>19 au 21 d\u00e9cembre<\/b> pour <b>10 repr\u00e9sentations.<\/b><\/p>\n<p>Comme chaque ann\u00e9e, l&rsquo;association \u00e9labore avec plus de<b> 360 b\u00e9n\u00e9voles<\/b> son spectacle de A \u00e0 Z : d\u00e9cors, costumes, musiques ou encore sc\u00e9nario\u2026 <\/p>\n<p>\u00c0 la poursuite des pirates !<\/p>\n<p>Pour cette \u00e9dition, plongez dans \u00ab\u00a0<a class=\"url\" href=\"https:\/\/www.valgrangent.com\/spectacles\/lombre-de-la-corneille\/\" target=\"_blank\" rel=\"noopener\">L&rsquo;ombre de la corneille<\/a>\u00ab\u00a0, o\u00f9 les lutins du p\u00e8re No\u00ebl vont devoir partir \u00e0 la recherche de <b>pirates<\/b> transform\u00e9s en oiseaux sur l&rsquo;archipel de Nandou. <\/p>\n<p>Un voyage d&rsquo;1h20 avec <b>150 figurants<\/b>\u00a0et qui a n\u00e9cessit\u00e9 pr\u00e8s de <b>11 mois de pr\u00e9paration<\/b> comme l&rsquo;explique le metteur en sc\u00e8ne Nicolas Stori :   <\/p>\n<blockquote><p>\u00ab\u00a0Autour du 10-15 janvier, on commence \u00e0 r\u00e9fl\u00e9chir au spectacle. C&rsquo;est toute une \u00e9quipe sc\u00e9nario qui travaille avec moi pour cr\u00e9er l&rsquo;histoire et choisir les tableaux qui seront montr\u00e9s aux spectateurs. Puis, au mois d&rsquo;avril, on diffuse toute l&rsquo;histoire aux diff\u00e9rentes \u00e9quipes qui vont commencer les d\u00e9cors, les vid\u00e9os, les musiques, les costumes, les effets sp\u00e9ciaux, la lumi\u00e8re, la technique, etc.\u00a0\u00bb<\/p><\/blockquote>\n<p>La disposition de la sc\u00e8ne chang\u00e9e<\/p>\n<p>Cette ann\u00e9e, l&rsquo;association a d\u00e9cid\u00e9 de <a class=\"url\" href=\"https:\/\/www.youtube.com\/watch?v=ylcQiY1TXpo\" target=\"_blank\" rel=\"noopener\">doubler la surface de la sc\u00e8ne<\/a><b> <\/b>en utilisant toute la longueur du z\u00e9nith, soit pr\u00e8s de <b>100 m\u00e8tres<\/b>. De quoi augmenter la surface des \u00e9crans<b> <\/b>g\u00e9ants et rapprocher la distance entre les danseurs et le public.\u00a0<\/p>\n<p>Autre nouveaut\u00e9 : <b>un bassin de 75 m\u00e8tres<\/b> de long avec jets d&rsquo;eau de 8 m\u00e8tres de haut, cr\u00e9ant ainsi <b>la plus grande f\u00e9\u00e9rie d&rsquo;eau indoor de France<\/b>.<br \/>\u00a0 <\/p>\n<\/p>\n<p>Pour <b>r\u00e9server vos places<\/b>, cela se passe sur le <a class=\"url\" href=\"https:\/\/www.valgrangent.com\/boutique\/billets-lombre-de-la-corneille\/\" target=\"_blank\" rel=\"noopener\">site internet de Val Grangent<\/a>. Il n&rsquo;en reste d\u00e9j\u00e0 plus que <b>10 000<\/b> sur les plus de <b>33 000 en vente<\/b>.<\/p>\n<p><img loading=\"lazy\" decoding=\"async\" src=\"https:\/\/www.europesays.com\/fr\/wp-content\/uploads\/2025\/11\/1762819649_316_img\" width=\"350\" height=\"200\" border=\"0\" title=\"LDLC ARENA\"\/><\/p>\n<p>\u25baCulture<\/p>\n<p style=\"font-size: 22px;\"><b>Ce c\u00e9l\u00e8bre groupe am\u00e9ricain annonce un concert en Auvergne-Rh\u00f4ne-Alpes<\/b><\/p>\n<p>C&rsquo;est une grande premi\u00e8re dans l&rsquo;histoire du fameux&#8230;<\/p>\n<p><\/p>\n","protected":false},"excerpt":{"rendered":"L&rsquo;association Val Grangent organise du 19 au 21 d\u00e9cembre prochain la 41e \u00e9dition de son spectacle de No\u00ebl.&hellip;\n","protected":false},"author":2,"featured_media":525990,"comment_status":"","ping_status":"","sticky":false,"template":"","format":"standard","meta":{"footnotes":""},"categories":[9653],"tags":[1111,11,2430,1777,674,1011,27,3367,12,63629,57516,25,4001,3140,64551],"class_list":{"0":"post-525989","1":"post","2":"type-post","3":"status-publish","4":"format-standard","5":"has-post-thumbnail","7":"category-saint-etienne","8":"tag-actu","9":"tag-actualites","10":"tag-auvergne-rhone-alpes","11":"tag-eu","12":"tag-europe","13":"tag-fr","14":"tag-france","15":"tag-loire","16":"tag-news","17":"tag-nol","18":"tag-parc-expo","19":"tag-republique-francaise","20":"tag-saint-etienne","21":"tag-spectacle","22":"tag-val-grangent"},"share_on_mastodon":{"url":"https:\/\/pubeurope.com\/@fr\/115528155237312750","error":""},"_links":{"self":[{"href":"https:\/\/www.europesays.com\/fr\/wp-json\/wp\/v2\/posts\/525989","targetHints":{"allow":["GET"]}}],"collection":[{"href":"https:\/\/www.europesays.com\/fr\/wp-json\/wp\/v2\/posts"}],"about":[{"href":"https:\/\/www.europesays.com\/fr\/wp-json\/wp\/v2\/types\/post"}],"author":[{"embeddable":true,"href":"https:\/\/www.europesays.com\/fr\/wp-json\/wp\/v2\/users\/2"}],"replies":[{"embeddable":true,"href":"https:\/\/www.europesays.com\/fr\/wp-json\/wp\/v2\/comments?post=525989"}],"version-history":[{"count":0,"href":"https:\/\/www.europesays.com\/fr\/wp-json\/wp\/v2\/posts\/525989\/revisions"}],"wp:featuredmedia":[{"embeddable":true,"href":"https:\/\/www.europesays.com\/fr\/wp-json\/wp\/v2\/media\/525990"}],"wp:attachment":[{"href":"https:\/\/www.europesays.com\/fr\/wp-json\/wp\/v2\/media?parent=525989"}],"wp:term":[{"taxonomy":"category","embeddable":true,"href":"https:\/\/www.europesays.com\/fr\/wp-json\/wp\/v2\/categories?post=525989"},{"taxonomy":"post_tag","embeddable":true,"href":"https:\/\/www.europesays.com\/fr\/wp-json\/wp\/v2\/tags?post=525989"}],"curies":[{"name":"wp","href":"https:\/\/api.w.org\/{rel}","templated":true}]}}