{"id":52599,"date":"2025-04-25T20:20:11","date_gmt":"2025-04-25T20:20:11","guid":{"rendered":"https:\/\/www.europesays.com\/fr\/52599\/"},"modified":"2025-04-25T20:20:11","modified_gmt":"2025-04-25T20:20:11","slug":"jusqua-27c-attendus-la-chaleur-revient-en-france-la-semaine-prochaine","status":"publish","type":"post","link":"https:\/\/www.europesays.com\/fr\/52599\/","title":{"rendered":"Jusqu&rsquo;\u00e0 27\u00b0C attendus : la chaleur revient en France la semaine prochaine"},"content":{"rendered":"<p>Les temp\u00e9ratures seront en nette hausse la semaine prochaine, selon M\u00e9t\u00e9o-France.L&rsquo;\u00e9pisode de chaleur sur la moiti\u00e9 nord est influenc\u00e9 par un anticyclone.<\/p>\n<p data-module=\"article-paragraph\" class=\"jsx-362436225 Paragraph Paragraph__End\">Un \u00e9pisode de chaleur pr\u00e9coce est attendu la semaine prochaine, d\u00e9butant d\u00e8s lundi dans le nord et le nord-ouest de la France. Des temp\u00e9ratures \u00ab\u00a0dignes d&rsquo;une fin mai ou d&rsquo;un d\u00e9but du mois de juin\u00a0\u00bb doivent s&rsquo;installer progressivement dans le pays, selon un <a href=\"https:\/\/meteofrance.com\/actualites-et-dossiers\/actualites\/meteo-un-episode-de-chaleur-precoce-la-semaine-prochaine\" target=\"_blank\" rel=\"nofollow noopener\">bulletin d\u00e9taill\u00e9 (nouvelle fen\u00eatre)<\/a> de M\u00e9t\u00e9o-France, ce vendredi 25 avril. De quoi profiter du premier pont qu&rsquo;offre le mois de mai.\u00a0<\/p>\n<p>Jusqu&rsquo;\u00e0 25\u00b0C \u00e0 Reims <\/p>\n<p data-module=\"article-paragraph\" class=\"jsx-362436225 Paragraph\">Ce week-end, il faudra cependant patienter avant les journ\u00e9es chaudes et ensoleill\u00e9s. Le temps reste mitig\u00e9, avec une m\u00e9t\u00e9o perturb\u00e9e sur l&rsquo;ouest de la France <strong>samedi<\/strong>, et dans le sud <strong>dimanche<\/strong>. Place, d\u00e8s <strong>lundi<\/strong>, \u00e0 un temps de \u00ab\u00a0plus en plus doux, sous l\u2019influence d\u2019un anticyclone entre Angleterre mer du Nord et Allemagne\u00a0\u00bb. Ainsi, le thermostat va grimper jusqu&rsquo;\u00e0 25\u00b0C entre <strong>mardi <\/strong>et <strong>vendredi <\/strong>prochain, surtout sur \u00ab\u00a0la moiti\u00e9 nord du pays\u00a0\u00bb.<\/p>\n<p data-module=\"article-paragraph\" class=\"jsx-362436225 Paragraph Paragraph__End\">Le record de temp\u00e9rature pourrait \u00eatre battu <strong>mercredi <\/strong>\u00e0 Reims, avec 27\u00b0C pr\u00e9vus ce jour-l\u00e0, contre seulement 23\u00b0C \u00e0 Toulouse. Attention toutefois \u00e0 ne pas parler de vague de chaleur pour qualifier la douceur de la semaine prochaine, qui renvoie plut\u00f4t \u00e0 une \u00ab\u00a0vague de chaleur estivale, de juin \u00e0 ao\u00fbt\u00a0\u00bb.<\/p>\n<p><img decoding=\"async\" src=\"https:\/\/www.europesays.com\/fr\/wp-content\/uploads\/2025\/04\/meteo-france-chaleur-precoce-c328ae-0@1x.jpeg\" alt=\"M\u00e9t\u00e9o France attend des &quot;temp\u00e9ratures dignes d'une fin mai ou d'un d\u00e9but du mois de juin&quot;.\" loading=\"lazy\" importance=\"low\" fetchpriority=\"low\" class=\"\"\/>M\u00e9t\u00e9o France attend des \u00ab\u00a0temp\u00e9ratures dignes d&rsquo;une fin mai ou d&rsquo;un d\u00e9but du mois de juin\u00a0\u00bb. &#8211; M\u00e9t\u00e9o France<\/p>\n<p data-module=\"article-paragraph\" class=\"jsx-362436225 Paragraph Paragraph__End\">\u00ab\u00a0Cet \u00e9pisode de temps inhabituellement chaud pour la saison ne sera a priori pas exceptionnel\u00a0\u00bb, souligne M\u00e9t\u00e9o-France, qui plonge dans ses archives : \u00ab\u00a0En 2005, un \u00e9pisode de chaleur comparable avait concern\u00e9 l\u2019ensemble du pays du 28 avril au 2 mai. Le 1er mai 2005, les maximales ont atteint 28,7 \u00b0C \u00e0 Paris, 29,8 \u00b0C \u00e0 Strasbourg et localement d\u00e9pass\u00e9 30 \u00b0C \u00e0 Dax (Landes) avec 31,2 \u00b0C ou Vichy (Allier) avec 30,3 \u00b0C\u00a0\u00bb.<\/p>\n<p>C.Q <\/p>\n","protected":false},"excerpt":{"rendered":"Les temp\u00e9ratures seront en nette hausse la semaine prochaine, selon M\u00e9t\u00e9o-France.L&rsquo;\u00e9pisode de chaleur sur la moiti\u00e9 nord est&hellip;\n","protected":false},"author":2,"featured_media":52600,"comment_status":"","ping_status":"","sticky":false,"template":"","format":"standard","meta":{"footnotes":""},"categories":[4],"tags":[1111,11,1921,1011,27,1922,11007,12,11008,2119,25,133,11009],"class_list":{"0":"post-52599","1":"post","2":"type-post","3":"status-publish","4":"format-standard","5":"has-post-thumbnail","7":"category-france","8":"tag-actu","9":"tag-actualites","10":"tag-article-video","11":"tag-fr","12":"tag-france","13":"tag-info","14":"tag-meteo-quotidienne","15":"tag-news","16":"tag-phenomenes-meteo","17":"tag-previsions-meteo","18":"tag-republique-francaise","19":"tag-video","20":"tag-video-meteo-et-intemperies"},"share_on_mastodon":{"url":"https:\/\/pubeurope.com\/@fr\/114400462335186347","error":""},"_links":{"self":[{"href":"https:\/\/www.europesays.com\/fr\/wp-json\/wp\/v2\/posts\/52599","targetHints":{"allow":["GET"]}}],"collection":[{"href":"https:\/\/www.europesays.com\/fr\/wp-json\/wp\/v2\/posts"}],"about":[{"href":"https:\/\/www.europesays.com\/fr\/wp-json\/wp\/v2\/types\/post"}],"author":[{"embeddable":true,"href":"https:\/\/www.europesays.com\/fr\/wp-json\/wp\/v2\/users\/2"}],"replies":[{"embeddable":true,"href":"https:\/\/www.europesays.com\/fr\/wp-json\/wp\/v2\/comments?post=52599"}],"version-history":[{"count":0,"href":"https:\/\/www.europesays.com\/fr\/wp-json\/wp\/v2\/posts\/52599\/revisions"}],"wp:featuredmedia":[{"embeddable":true,"href":"https:\/\/www.europesays.com\/fr\/wp-json\/wp\/v2\/media\/52600"}],"wp:attachment":[{"href":"https:\/\/www.europesays.com\/fr\/wp-json\/wp\/v2\/media?parent=52599"}],"wp:term":[{"taxonomy":"category","embeddable":true,"href":"https:\/\/www.europesays.com\/fr\/wp-json\/wp\/v2\/categories?post=52599"},{"taxonomy":"post_tag","embeddable":true,"href":"https:\/\/www.europesays.com\/fr\/wp-json\/wp\/v2\/tags?post=52599"}],"curies":[{"name":"wp","href":"https:\/\/api.w.org\/{rel}","templated":true}]}}