{"id":525991,"date":"2025-11-11T00:08:29","date_gmt":"2025-11-11T00:08:29","guid":{"rendered":"https:\/\/www.europesays.com\/fr\/525991\/"},"modified":"2025-11-11T00:08:29","modified_gmt":"2025-11-11T00:08:29","slug":"episode-12-vainqueurs-a-glasgow-les-verts-en-quarts-de-finale-de-la-coupe-deurope","status":"publish","type":"post","link":"https:\/\/www.europesays.com\/fr\/525991\/","title":{"rendered":"\u00c9pisode 12 &#8211; Vainqueurs \u00e0 Glasgow, les Verts en quarts de finale de la Coupe d&rsquo;Europe"},"content":{"rendered":"<p>Vainqueurs au match aller dans le Chaudron (2-0), les Verts dominent de nouveau les Glasgow Rangers en \u00c9cosse (2-1) et rejoignent une nouvelle fois les quarts de finale de la Coupe d&rsquo;Europe des clubs champions.<\/p>\n<p>1975-1976, l&rsquo;incroyable saison conclue par cette finale de Coupe d&rsquo;Europe et les fameux poteaux carr\u00e9s. Jusqu&rsquo;au mois de mai prochain, semaine apr\u00e8s semaine, match apr\u00e8s match, votre radio ICI Saint-\u00c9tienne Loire vous replonge, comme si vous y \u00e9tiez, dans cette saison qui aura permis aux Verts de rentrer dans le c\u0153ur des Fran\u00e7ais.<\/p>\n<p>Douzi\u00e8me \u00e9pisode de notre s\u00e9rie\u00a0: vainqueurs au match aller dans le Chaudron (2-0), les Verts dominent de nouveau les Glasgow Rangers en \u00c9cosse (2-1) et rejoignent une nouvelle fois les quarts de finale de la Coupe d&rsquo;Europe des clubs champions.<\/p>\n","protected":false},"excerpt":{"rendered":"Vainqueurs au match aller dans le Chaudron (2-0), les Verts dominent de nouveau les Glasgow Rangers en \u00c9cosse&hellip;\n","protected":false},"author":2,"featured_media":525992,"comment_status":"","ping_status":"","sticky":false,"template":"","format":"standard","meta":{"footnotes":""},"categories":[9653],"tags":[1111,11,2430,1777,674,1011,27,12,25,4001],"class_list":{"0":"post-525991","1":"post","2":"type-post","3":"status-publish","4":"format-standard","5":"has-post-thumbnail","7":"category-saint-etienne","8":"tag-actu","9":"tag-actualites","10":"tag-auvergne-rhone-alpes","11":"tag-eu","12":"tag-europe","13":"tag-fr","14":"tag-france","15":"tag-news","16":"tag-republique-francaise","17":"tag-saint-etienne"},"share_on_mastodon":{"url":"https:\/\/pubeurope.com\/@fr\/115528158605396600","error":""},"_links":{"self":[{"href":"https:\/\/www.europesays.com\/fr\/wp-json\/wp\/v2\/posts\/525991","targetHints":{"allow":["GET"]}}],"collection":[{"href":"https:\/\/www.europesays.com\/fr\/wp-json\/wp\/v2\/posts"}],"about":[{"href":"https:\/\/www.europesays.com\/fr\/wp-json\/wp\/v2\/types\/post"}],"author":[{"embeddable":true,"href":"https:\/\/www.europesays.com\/fr\/wp-json\/wp\/v2\/users\/2"}],"replies":[{"embeddable":true,"href":"https:\/\/www.europesays.com\/fr\/wp-json\/wp\/v2\/comments?post=525991"}],"version-history":[{"count":0,"href":"https:\/\/www.europesays.com\/fr\/wp-json\/wp\/v2\/posts\/525991\/revisions"}],"wp:featuredmedia":[{"embeddable":true,"href":"https:\/\/www.europesays.com\/fr\/wp-json\/wp\/v2\/media\/525992"}],"wp:attachment":[{"href":"https:\/\/www.europesays.com\/fr\/wp-json\/wp\/v2\/media?parent=525991"}],"wp:term":[{"taxonomy":"category","embeddable":true,"href":"https:\/\/www.europesays.com\/fr\/wp-json\/wp\/v2\/categories?post=525991"},{"taxonomy":"post_tag","embeddable":true,"href":"https:\/\/www.europesays.com\/fr\/wp-json\/wp\/v2\/tags?post=525991"}],"curies":[{"name":"wp","href":"https:\/\/api.w.org\/{rel}","templated":true}]}}