{"id":525996,"date":"2025-11-11T00:14:24","date_gmt":"2025-11-11T00:14:24","guid":{"rendered":"https:\/\/www.europesays.com\/fr\/525996\/"},"modified":"2025-11-11T00:14:24","modified_gmt":"2025-11-11T00:14:24","slug":"la-transformation-est-deja-visible-a-la-mosson-et-aux-cevennes","status":"publish","type":"post","link":"https:\/\/www.europesays.com\/fr\/525996\/","title":{"rendered":"La transformation est d\u00e9j\u00e0 visible \u00e0 la Mosson et aux C\u00e9vennes"},"content":{"rendered":"<p>            Par<br \/>\n        <strong><br \/>\n            <a href=\"https:\/\/actu.fr\/auteur\/jm-aubert\" title=\"Consulter tous les articles de Jean-Marc Aubert\" target=\"_blank\" rel=\"noopener\">Jean-Marc Aubert<\/a><br \/>\n        <\/strong><\/p>\n<p>        Publi\u00e9 le<\/p>\n<p>            10 nov. 2025 \u00e0 12h58<br \/>\n        ; mis \u00e0 jour le 10 nov. 2025 \u00e0 12h59    <\/p>\n<p>La revue annuelle des <strong>projets de renouvellement urbain<\/strong> des quartiers de la Mosson et des C\u00e9vennes, \u00e0 <strong>Montpellier,<\/strong> vient de se d\u00e9rouler \u00e0 la pr\u00e9fecture sous la copr\u00e9sidence de <strong>Fran\u00e7ois-Xavier Lauch<\/strong>, pr\u00e9fet de l\u2019H\u00e9rault et de <strong>Micha\u00ebl Delafosse<\/strong>, maire-pr\u00e9sident de la M\u00e9tropole. Les partenaires -\u00c9tat, Agence nationale pour la r\u00e9novation urbaine -ANRU- , Montpellier M\u00e9diterran\u00e9e M\u00e9tropole, Ville de Montpellier, Alt\u00e9med, bailleurs sociaux, Action Logement, etc.- ont dress\u00e9 un bilan tr\u00e8s positif de l\u2019avancement des projets, qui entrent d\u00e9sormais dans une phase op\u00e9rationnelle. De nombreux chantiers sont, en effet, engag\u00e9s et plusieurs r\u00e9alisations embl\u00e9matiques d\u00e9j\u00e0 livr\u00e9es.<\/p>\n<p>Un investissement majeur<\/p>\n<p class=\" wall-content\">Le pr\u00e9fet a rappel\u00e9 que le renouvellement urbain \u00e0 Montpellier, \u00ab\u00a0c\u2019est plus d\u2019un demi-milliard d\u2019euros d\u2019investissements\u00a0\u00bb mobilis\u00e9 par l\u2019ANRU, la m\u00e9tropole, la ville de Montpellier et les autres financeurs du Nouveau programme national de renouvellement urbain, NPNRU.<\/p>\n<p class=\" wall-content\">Un investissement majeur que cette action : <strong>plus de 600 millions d\u2019euros<\/strong> sont en effet mobilis\u00e9s, dont 165 millions d\u2019euros de concours financiers de l\u2019ANRU et 59 millions d\u2019euros de l\u2019ANAH pour les copropri\u00e9t\u00e9s de la Mosson et des C\u00e9vennes.<\/p>\n<p class=\" wall-content\">\u00ab\u00a0Le programme d\u2019investissement est engag\u00e9 \u00e0 plus de 80\u00a0% sur la Mosson et 85\u00a0% sur les C\u00e9vennes. Certaines actions devront toutefois faire l\u2019objet d\u2019une attention particuli\u00e8re afin d\u2019assurer au projet une trajectoire ma\u00eetris\u00e9e et partag\u00e9e\u00a0\u00bb, indique la pr\u00e9fecture.<\/p>\n<p>De nombreuses r\u00e9alisations\u00a0<\/p>\n<p class=\" wall-content\">De nombreuses r\u00e9alisations m\u00e9tamorphosent d\u00e9sormais les quartiers\u00a0:<\/p>\n<p>Vid\u00e9os : en ce moment sur Actu<\/p>\n<ul class=\" wall-content\">\n<li>A la <strong>Mosson<\/strong>\u00a0: livraison de la r\u00e9sidence interg\u00e9n\u00e9rationnelle Cit\u00e9 Jardins, r\u00e9habilitation du carr\u00e9 Uranus (logements et commissariat mixte), ouverture de groupe scolaire Hypathie, ouverture du Grenier de la Mosson, d\u00e9molition de la tour d\u2019Assas, de l\u2019arche Mercure, lancement de la d\u00e9molition partielle de la r\u00e9sidence Saturne, r\u00e9novation du centre nautique Neptune, travaux de r\u00e9habilitation int\u00e9grant le raccordement au r\u00e9seau de chaleur urbain nord Alco,lancement du P\u00f4le sant\u00e9 du Grand Mail et du si\u00e8ge d\u2019Alt\u00e9med \u00e0 Saint-Paul.<\/li>\n<li>Aux <strong>C\u00e9vennes<\/strong>\u00a0: cr\u00e9ation d\u2019un espace de convivialit\u00e9 et ludique aux abords du gymnase Jouanique, d\u00e9marrage des travaux du parc des C\u00e9vennes pour une ouverture au public en juin 2026, restructuration de voiries dont Fabri de Peiresc en entr\u00e9e de quartier, premi\u00e8res interventions sur le chemin de l\u2019aqueduc Saint-Cl\u00e9ment.<\/li>\n<\/ul>\n<p>Votre r\u00e9gion, votre actu !<\/p>\n<p>Recevez chaque jour les infos qui comptent pour vous.<\/p>\n<p>\t<a href=\"https:\/\/actu.fr\/newsletter\" class=\"ac-btn ac-btn--corner ac-btn--medium ac-btn--blue800\" target=\"_blank\" rel=\"noopener\">S&rsquo;incrire<\/a><br \/>\nUne mobilisation collective salu\u00e9e<\/p>\n<p class=\" wall-content\">Le projet s\u2019appuie sur une coordination exemplaire entre les services de l\u2019\u00c9tat, la M\u00e9tropole, la Ville et les partenaires locaux. Plus de 5 000 habitants ont \u00e9t\u00e9 inform\u00e9s et 1 400 ont particip\u00e9 \u00e0 des d\u00e9marches de concertation depuis 2024, renfor\u00e7ant le lien entre habitants et porteurs de projet.<\/p>\n<p class=\" wall-content\">Des actions de Gestion urbaine et sociale de proximit\u00e9 d\u00e9ploy\u00e9es sur les deux quartiers, am\u00e9liorent le cadre de vie quotidien : propret\u00e9, stationnement, gestion des chantiers, et s\u00e9curit\u00e9. \u00ab\u00a0L\u2019ensemble des partenaires peut se f\u00e9liciter d\u2019un projet en pleine phase de concr\u00e9tisation, porteur de transformation urbaine et d\u2019am\u00e9lioration du quotidien des habitants\u00a0\u00bb, souligne la pr\u00e9fecture de l\u2019H\u00e9rault.<\/p>\n<p class=\" wall-content\">Personnalisez votre actualit\u00e9 en ajoutant vos villes et m\u00e9dias en favori avec <a href=\"https:\/\/moncompte.actu.fr\" title=\"D\u00e9couvez Mon Actu\" rel=\"nofollow noopener\" data-trk=\"{&quot;cta&quot;:{&quot;action&quot;:&quot;https:\\\/\\\/moncompte.actu.fr&quot;,&quot;category&quot;:&quot;mon compte&quot;,&quot;from&quot;:&quot;article footer&quot;,&quot;name&quot;:&quot;Mon actu&quot;,&quot;type&quot;:&quot;cta&quot;}}\" target=\"_blank\">Mon Actu<\/a>.<\/p>\n","protected":false},"excerpt":{"rendered":"Par Jean-Marc Aubert Publi\u00e9 le 10 nov. 2025 \u00e0 12h58 ; mis \u00e0 jour le 10 nov. 2025&hellip;\n","protected":false},"author":2,"featured_media":525997,"comment_status":"","ping_status":"","sticky":false,"template":"","format":"standard","meta":{"footnotes":""},"categories":[9599],"tags":[1111,11,33,1777,674,1011,27,1116,6459,2208,12,2680,25],"class_list":{"0":"post-525996","1":"post","2":"type-post","3":"status-publish","4":"format-standard","5":"has-post-thumbnail","7":"category-montpellier","8":"tag-actu","9":"tag-actualites","10":"tag-economie","11":"tag-eu","12":"tag-europe","13":"tag-fr","14":"tag-france","15":"tag-immobilier","16":"tag-logements-sociaux","17":"tag-montpellier","18":"tag-news","19":"tag-occitanie","20":"tag-republique-francaise"},"share_on_mastodon":{"url":"https:\/\/pubeurope.com\/@fr\/115528182258562254","error":""},"_links":{"self":[{"href":"https:\/\/www.europesays.com\/fr\/wp-json\/wp\/v2\/posts\/525996","targetHints":{"allow":["GET"]}}],"collection":[{"href":"https:\/\/www.europesays.com\/fr\/wp-json\/wp\/v2\/posts"}],"about":[{"href":"https:\/\/www.europesays.com\/fr\/wp-json\/wp\/v2\/types\/post"}],"author":[{"embeddable":true,"href":"https:\/\/www.europesays.com\/fr\/wp-json\/wp\/v2\/users\/2"}],"replies":[{"embeddable":true,"href":"https:\/\/www.europesays.com\/fr\/wp-json\/wp\/v2\/comments?post=525996"}],"version-history":[{"count":0,"href":"https:\/\/www.europesays.com\/fr\/wp-json\/wp\/v2\/posts\/525996\/revisions"}],"wp:featuredmedia":[{"embeddable":true,"href":"https:\/\/www.europesays.com\/fr\/wp-json\/wp\/v2\/media\/525997"}],"wp:attachment":[{"href":"https:\/\/www.europesays.com\/fr\/wp-json\/wp\/v2\/media?parent=525996"}],"wp:term":[{"taxonomy":"category","embeddable":true,"href":"https:\/\/www.europesays.com\/fr\/wp-json\/wp\/v2\/categories?post=525996"},{"taxonomy":"post_tag","embeddable":true,"href":"https:\/\/www.europesays.com\/fr\/wp-json\/wp\/v2\/tags?post=525996"}],"curies":[{"name":"wp","href":"https:\/\/api.w.org\/{rel}","templated":true}]}}